{"id":8719,"date":"2019-12-10T11:24:37","date_gmt":"2019-12-10T11:24:37","guid":{"rendered":"https:\/\/gazetaregionalna.com\/?p=8719"},"modified":"2019-12-10T11:24:39","modified_gmt":"2019-12-10T11:24:39","slug":"odwazni-znowu-na-scenie-2","status":"publish","type":"post","link":"https:\/\/gazetaregionalna.com\/?p=8719","title":{"rendered":"&#8222;Odwa\u017cni&#8221; znowu na scenie"},"content":{"rendered":"\n<p>\nKolejnym\nsukcesem okaza\u0142a si\u0119  sobotnia premiera przygotowana przez grup\u0119\nteatraln\u0105 \u201eOdwa\u017cni\u201d dzia\u0142aj\u0105c\u0105 przy Klubie Seniora Barwy\nJesieni w gminie \u017barki. W sali widowiskowej Miejsko-Gminnym Domu\nKultury w \u017barkach widzowie mogli ogl\u0105da\u0107 komedi\u0119 pod tytu\u0142em\n\u201eDwa serca \u2013 bis\u201d.<\/p>\n\n\n\n<p>\n&#8211;\nNa uwag\u0119 zas\u0142uguje fakt, i\u017c od pocz\u0105tku do ko\u0144ca jest to\nautorski projekt naszych senior\u00f3w &#8211; od scenariusza, poprzez dob\u00f3r\nmuzyki, gr\u0119 aktorsk\u0105, a\u017c po dekoracj\u0119 &#8211; informuje&nbsp;Magdalena\nBrzegowska, dyrektor MGOK w \u017barkach.<\/p>\n\n\n\n<p>\nNa\nscenie, obok utalentowanych aktor\u00f3w, kr\u00f3lowa\u0142y obrazy namalowane\nprzez jedn\u0105 z aktorek \u2013Wies\u0142aw\u0119 Gryzik.&nbsp;Najlepsz\u0105 recenzj\u0105\nsztuki \u201eDwa serca \u2013 bis\u201d by\u0142y gromkie salwy \u015bmiechu os\u00f3b\nzgromadzonych na widowni. Ka\u017cdy aktor na zako\u0144czenie wyst\u0119pu\notrzyma\u0142 z r\u0105k Burmistrza \u017barek&nbsp;Klemensa Podlejskiego&nbsp;pi\u0119kn\u0105\nr\u00f3\u017c\u0119.<\/p>\n\n\n\n<p>\nNa\nspektaklu wyst\u0105pili: Urszula Mianowska, Irena Horoszko, Maria G\u00f3rna,\nZdzis\u0142awa Bereska, Anna Ma\u015blankiewicz, Wies\u0142awa Gryzik, Julia\nKuzior, Jan Kanty Gryzik, Michalina Podsiedlik, Roman Hamerla,Henryk\nWodzy\u0144ski. Scenariuszem i re\u017cyseri\u0105 zaj\u0119\u0142a si\u0119 Urszula\nMianowska, a \u015bwiat\u0142em i muzyk\u0105 &#8211; Jan Gryzik i Adrian Ra\u0142.<\/p>\n","protected":false},"excerpt":{"rendered":"<p>Kolejnym sukcesem okaza\u0142a si\u0119 sobotnia premiera przygotowana przez grup\u0119 teatraln\u0105 \u201eOdwa\u017cni\u201d dzia\u0142aj\u0105c\u0105 przy Klubie Seniora Barwy Jesieni w gminie \u017barki. W sali widowiskowej Miejsko-Gminnym<\/p>\n","protected":false},"author":7,"featured_media":8720,"comment_status":"open","ping_status":"open","sticky":false,"template":"","format":"standard","meta":{"_monsterinsights_skip_tracking":false,"_monsterinsights_sitenote_active":false,"_monsterinsights_sitenote_note":"","_monsterinsights_sitenote_category":0,"_uf_show_specific_survey":0,"_uf_disable_surveys":false,"footnotes":""},"categories":[12,26,94,2],"tags":[],"class_list":["post-8719","post","type-post","status-publish","format-standard","has-post-thumbnail","hentry","category-kultura-i-rozrywka","category-myszkow","category-polecane","category-wiadomosci"],"_links":{"self":[{"href":"https:\/\/gazetaregionalna.com\/index.php?rest_route=\/wp\/v2\/posts\/8719","targetHints":{"allow":["GET"]}}],"collection":[{"href":"https:\/\/gazetaregionalna.com\/index.php?rest_route=\/wp\/v2\/posts"}],"about":[{"href":"https:\/\/gazetaregionalna.com\/index.php?rest_route=\/wp\/v2\/types\/post"}],"author":[{"embeddable":true,"href":"https:\/\/gazetaregionalna.com\/index.php?rest_route=\/wp\/v2\/users\/7"}],"replies":[{"embeddable":true,"href":"https:\/\/gazetaregionalna.com\/index.php?rest_route=%2Fwp%2Fv2%2Fcomments&post=8719"}],"version-history":[{"count":1,"href":"https:\/\/gazetaregionalna.com\/index.php?rest_route=\/wp\/v2\/posts\/8719\/revisions"}],"predecessor-version":[{"id":8721,"href":"https:\/\/gazetaregionalna.com\/index.php?rest_route=\/wp\/v2\/posts\/8719\/revisions\/8721"}],"wp:featuredmedia":[{"embeddable":true,"href":"https:\/\/gazetaregionalna.com\/index.php?rest_route=\/wp\/v2\/media\/8720"}],"wp:attachment":[{"href":"https:\/\/gazetaregionalna.com\/index.php?rest_route=%2Fwp%2Fv2%2Fmedia&parent=8719"}],"wp:term":[{"taxonomy":"category","embeddable":true,"href":"https:\/\/gazetaregionalna.com\/index.php?rest_route=%2Fwp%2Fv2%2Fcategories&post=8719"},{"taxonomy":"post_tag","embeddable":true,"href":"https:\/\/gazetaregionalna.com\/index.php?rest_route=%2Fwp%2Fv2%2Ftags&post=8719"}],"curies":[{"name":"wp","href":"https:\/\/api.w.org\/{rel}","templated":true}]}}