{"id":8714,"date":"2019-12-10T11:20:53","date_gmt":"2019-12-10T11:20:53","guid":{"rendered":"https:\/\/gazetaregionalna.com\/?p=8714"},"modified":"2019-12-10T11:20:56","modified_gmt":"2019-12-10T11:20:56","slug":"w-kozieglowach-juz-swiatecznie","status":"publish","type":"post","link":"https:\/\/gazetaregionalna.com\/?p=8714","title":{"rendered":"W Kozieg\u0142owach ju\u017c \u015bwi\u0105tecznie"},"content":{"rendered":"\n<p>\nKozieg\u0142owski\nrynek ju\u017c\njest przystrojony na Bo\u017ce Narodzenie.<\/p>\n\n\n\n<figure class=\"wp-block-image\"><img decoding=\"async\" width=\"600\" height=\"401\" data-src=\"https:\/\/gazetaregionalna.com\/wp-content\/uploads\/2019\/12\/kozieglowy2.jpg\" alt=\"\" class=\"wp-image-8715 lazyload\" data-srcset=\"https:\/\/gazetaregionalna.com\/wp-content\/uploads\/2019\/12\/kozieglowy2.jpg 600w, https:\/\/gazetaregionalna.com\/wp-content\/uploads\/2019\/12\/kozieglowy2-300x201.jpg 300w\" data-sizes=\"(max-width: 600px) 100vw, 600px\" src=\"data:image\/svg+xml;base64,PHN2ZyB3aWR0aD0iMSIgaGVpZ2h0PSIxIiB4bWxucz0iaHR0cDovL3d3dy53My5vcmcvMjAwMC9zdmciPjwvc3ZnPg==\" style=\"--smush-placeholder-width: 600px; --smush-placeholder-aspect-ratio: 600\/401;\" \/><\/figure>\n\n\n\n<p>\nTradycyjnie\njak\nco roku na placu\npojawi\u0142a si\u0119  du\u017ca, sztuczna choinka \u2013 wszak\nKozieg\u0142owy od lat s\u0142yn\u0105 z produkcji sztucznych bo\u017conarodzeniowych\ndrzewek &#8211;  \nobok niej \u017c\u0142\u00f3bek, a po przeciwnej stronie rynku &#8211; wielka bombka w\ntowarzystwie dw\u00f3ch mniejszych. Poza\ntymi elementami dekoracyjnymi nie\nzabrak\u0142o te\u017c \u015bwietlnej fontanny. \n<\/p>\n\n\n\n<p> Warto przyj\u015b\u0107 na Rynek po zmroku i poczu\u0107 magi\u0119 \u015bwi\u0105t.<\/p>\n\n\n\n<p>(\u0179r\u00f3d\u0142o:UG Kozieg\u0142owy)<\/p>\n","protected":false},"excerpt":{"rendered":"<p>Kozieg\u0142owski rynek ju\u017c jest przystrojony na Bo\u017ce Narodzenie. Tradycyjnie jak co roku na placu pojawi\u0142a si\u0119 du\u017ca, sztuczna choinka \u2013 wszak Kozieg\u0142owy od lat<\/p>\n","protected":false},"author":7,"featured_media":8716,"comment_status":"open","ping_status":"open","sticky":false,"template":"","format":"standard","meta":{"_monsterinsights_skip_tracking":false,"_monsterinsights_sitenote_active":false,"_monsterinsights_sitenote_note":"","_monsterinsights_sitenote_category":0,"_uf_show_specific_survey":0,"_uf_disable_surveys":false,"footnotes":""},"categories":[26,94,2],"tags":[],"class_list":["post-8714","post","type-post","status-publish","format-standard","has-post-thumbnail","hentry","category-myszkow","category-polecane","category-wiadomosci"],"_links":{"self":[{"href":"https:\/\/gazetaregionalna.com\/index.php?rest_route=\/wp\/v2\/posts\/8714","targetHints":{"allow":["GET"]}}],"collection":[{"href":"https:\/\/gazetaregionalna.com\/index.php?rest_route=\/wp\/v2\/posts"}],"about":[{"href":"https:\/\/gazetaregionalna.com\/index.php?rest_route=\/wp\/v2\/types\/post"}],"author":[{"embeddable":true,"href":"https:\/\/gazetaregionalna.com\/index.php?rest_route=\/wp\/v2\/users\/7"}],"replies":[{"embeddable":true,"href":"https:\/\/gazetaregionalna.com\/index.php?rest_route=%2Fwp%2Fv2%2Fcomments&post=8714"}],"version-history":[{"count":1,"href":"https:\/\/gazetaregionalna.com\/index.php?rest_route=\/wp\/v2\/posts\/8714\/revisions"}],"predecessor-version":[{"id":8717,"href":"https:\/\/gazetaregionalna.com\/index.php?rest_route=\/wp\/v2\/posts\/8714\/revisions\/8717"}],"wp:featuredmedia":[{"embeddable":true,"href":"https:\/\/gazetaregionalna.com\/index.php?rest_route=\/wp\/v2\/media\/8716"}],"wp:attachment":[{"href":"https:\/\/gazetaregionalna.com\/index.php?rest_route=%2Fwp%2Fv2%2Fmedia&parent=8714"}],"wp:term":[{"taxonomy":"category","embeddable":true,"href":"https:\/\/gazetaregionalna.com\/index.php?rest_route=%2Fwp%2Fv2%2Fcategories&post=8714"},{"taxonomy":"post_tag","embeddable":true,"href":"https:\/\/gazetaregionalna.com\/index.php?rest_route=%2Fwp%2Fv2%2Ftags&post=8714"}],"curies":[{"name":"wp","href":"https:\/\/api.w.org\/{rel}","templated":true}]}}