{"id":8710,"date":"2019-12-10T11:18:35","date_gmt":"2019-12-10T11:18:35","guid":{"rendered":"https:\/\/gazetaregionalna.com\/?p=8710"},"modified":"2019-12-10T11:18:37","modified_gmt":"2019-12-10T11:18:37","slug":"bedzie-wiecej-skalek-do-wspinaczki","status":"publish","type":"post","link":"https:\/\/gazetaregionalna.com\/?p=8710","title":{"rendered":"B\u0119dzie wi\u0119cej ska\u0142ek do wspinaczki"},"content":{"rendered":"\n<p>\nKolejne\n23 ska\u0142ki na Jurze Krakowsko-Cz\u0119stochowskiej przeznaczone\nzostan\u0105 do\nwspinaczki w\nprzysz\u0142ym\nsezonie\nturystycznym.\nW ramach projektu pod has\u0142em \u201eKolczykujemy gmin\u0119 \u017barki&#8221;&nbsp;w\ntym fragmencie Jury powstanie 180 tzw. dr\u00f3g wspinaczkowych.\nPrzedsi\u0119wzi\u0119cie dotyczy ska\u0142ek P\u00f3\u0142nocnej Jury z uwzgl\u0119dnieniem\nska\u0142 w okolicach Suliszowic,&nbsp;Jaroszowa,&nbsp;Czatachowy.<br>\n<br>\n&#8211;\nDla niewtajemniczonych&nbsp;\u201ckolczykowanie\u201d\nto montowanie sta\u0142ych punkt\u00f3w asekuracyjnych na ska\u0142ach pod\nwspinaczk\u0119 skaln\u0105 \u2013 m\u00f3wi\u0105 Artur Pierzchniak-Guma i Bartek\nG\u00f3rniak, autorzy projektu. &#8211; Jeste\u015bmy&nbsp;ekiperami&nbsp;Polskiego\nZwi\u0105zku Alpinistycznego i wsp\u00f3lnie z Inicjatyw\u0105 \u015arodowisk\nWspinaczkowych&nbsp;&#8222;Nasze\nSka\u0142y&#8221;,\nZwi\u0105zkiem Gmin Jurajskich i Gmin\u0105 \u017barki mamy w planie ubezpieczy\u0107\n23 ska\u0142y atestowanymi ringami Fixe na terenie jurajskiej gminy\n\u017barki.<br>\nPotrzebnych\njest 760 ring\u00f3w i 113 stanowisk. Na ich zakupu \u015brodki ma pozyska\u0107\nZwi\u0105zek Gmin Jurajskich. W planach jest r\u00f3wnie\u017c sprz\u0105tanie i\nczyszczenie terenu.<br>\n(\u0179r\u00f3d\u0142o:UG\n\u017barki) \n<\/p>\n","protected":false},"excerpt":{"rendered":"<p>Kolejne 23 ska\u0142ki na Jurze Krakowsko-Cz\u0119stochowskiej przeznaczone zostan\u0105 do wspinaczki w przysz\u0142ym sezonie turystycznym. W ramach projektu pod has\u0142em \u201eKolczykujemy gmin\u0119 \u017barki&#8221;&nbsp;w tym fragmencie<\/p>\n","protected":false},"author":7,"featured_media":8711,"comment_status":"open","ping_status":"open","sticky":false,"template":"","format":"standard","meta":{"_monsterinsights_skip_tracking":false,"_monsterinsights_sitenote_active":false,"_monsterinsights_sitenote_note":"","_monsterinsights_sitenote_category":0,"_uf_show_specific_survey":0,"_uf_disable_surveys":false,"footnotes":""},"categories":[26,94,2],"tags":[],"class_list":["post-8710","post","type-post","status-publish","format-standard","has-post-thumbnail","hentry","category-myszkow","category-polecane","category-wiadomosci"],"_links":{"self":[{"href":"https:\/\/gazetaregionalna.com\/index.php?rest_route=\/wp\/v2\/posts\/8710","targetHints":{"allow":["GET"]}}],"collection":[{"href":"https:\/\/gazetaregionalna.com\/index.php?rest_route=\/wp\/v2\/posts"}],"about":[{"href":"https:\/\/gazetaregionalna.com\/index.php?rest_route=\/wp\/v2\/types\/post"}],"author":[{"embeddable":true,"href":"https:\/\/gazetaregionalna.com\/index.php?rest_route=\/wp\/v2\/users\/7"}],"replies":[{"embeddable":true,"href":"https:\/\/gazetaregionalna.com\/index.php?rest_route=%2Fwp%2Fv2%2Fcomments&post=8710"}],"version-history":[{"count":1,"href":"https:\/\/gazetaregionalna.com\/index.php?rest_route=\/wp\/v2\/posts\/8710\/revisions"}],"predecessor-version":[{"id":8712,"href":"https:\/\/gazetaregionalna.com\/index.php?rest_route=\/wp\/v2\/posts\/8710\/revisions\/8712"}],"wp:featuredmedia":[{"embeddable":true,"href":"https:\/\/gazetaregionalna.com\/index.php?rest_route=\/wp\/v2\/media\/8711"}],"wp:attachment":[{"href":"https:\/\/gazetaregionalna.com\/index.php?rest_route=%2Fwp%2Fv2%2Fmedia&parent=8710"}],"wp:term":[{"taxonomy":"category","embeddable":true,"href":"https:\/\/gazetaregionalna.com\/index.php?rest_route=%2Fwp%2Fv2%2Fcategories&post=8710"},{"taxonomy":"post_tag","embeddable":true,"href":"https:\/\/gazetaregionalna.com\/index.php?rest_route=%2Fwp%2Fv2%2Ftags&post=8710"}],"curies":[{"name":"wp","href":"https:\/\/api.w.org\/{rel}","templated":true}]}}