{"id":87035,"date":"2022-07-19T04:32:34","date_gmt":"2022-07-19T04:32:34","guid":{"rendered":"https:\/\/gazetaregionalna.com\/?p=87035"},"modified":"2022-07-19T04:32:35","modified_gmt":"2022-07-19T04:32:35","slug":"wodny-tor-przeszkod-w-parku-wypoczynkowym-lisiniec","status":"publish","type":"post","link":"https:\/\/gazetaregionalna.com\/?p=87035","title":{"rendered":"Wodny tor przeszk\u00f3d w Parku Wypoczynkowym \u201eLisiniec\u201d"},"content":{"rendered":"\n<p><strong>W Parku Wypoczynkowym &#8221;Lisiniec&#8221; na k\u0105pielisku stanie wodny tor przeszk\u00f3d. Z atrakcji b\u0119dzie mo\u017cna skorzysta\u0107 pod okiem ratownik\u00f3w ju\u017c 20 i 21 lipca.<\/strong><\/p>\n\n\n\n<p>Przed nami fala upa\u0142\u00f3w. Z pewno\u015bci\u0105 mieszkanki i mieszka\u0144cy Cz\u0119stochowy, zar\u00f3wno ci starsi jak i m\u0142odsi, spragnieni k\u0105pieli s\u0142onecznych i wodnych licznie wybior\u0105 si\u0119 w najbli\u017cszych dniach na P\u0142ywalni\u0119 Letni\u0105 przy ul. Dekabryst\u00f3w oraz na k\u0105pielisko w Parku Wypoczynkowym &#8221;Lisiniec\u201d.<\/p>\n\n\n\n<p>Ju\u017c w najbli\u017csz\u0105 \u015brod\u0119 i czwartek (20-21 lipca) wszyscy odpoczywaj\u0105cy w Strefie Wypoczynku Adriatyk w parku lisinieckim, b\u0119d\u0105 mogli umili\u0107 sobie czas korzystaj\u0105c z 36-cio metrowego wodnego toru przeszk\u00f3d.<\/p>\n\n\n\n<p>Dmuchany tor przeszk\u00f3d udost\u0119pniony b\u0119dzie pod okiem ratownik\u00f3w wodnych w \u015brod\u0119 i czwartek w godzinach 10.00 \u2013 20.00.<\/p>\n\n\n\n<p>red.<\/p>\n\n\n\n<figure class=\"wp-block-gallery columns-3 is-cropped wp-block-gallery-1 is-layout-flex wp-block-gallery-is-layout-flex\"><ul class=\"blocks-gallery-grid\"><li class=\"blocks-gallery-item\"><figure><img decoding=\"async\" width=\"1024\" height=\"576\" data-src=\"https:\/\/gazetaregionalna.com\/wp-content\/uploads\/2022\/07\/xxxslide1_DSC_0076.jpg\" alt=\"Wodny tor przeszk\u00f3d\" data-id=\"87040\" data-full-url=\"https:\/\/gazetaregionalna.com\/wp-content\/uploads\/2022\/07\/xxxslide1_DSC_0076.jpg\" data-link=\"https:\/\/gazetaregionalna.com\/?attachment_id=87040\" class=\"wp-image-87040 lazyload\" data-srcset=\"https:\/\/gazetaregionalna.com\/wp-content\/uploads\/2022\/07\/xxxslide1_DSC_0076.jpg 1024w, https:\/\/gazetaregionalna.com\/wp-content\/uploads\/2022\/07\/xxxslide1_DSC_0076-300x169.jpg 300w, https:\/\/gazetaregionalna.com\/wp-content\/uploads\/2022\/07\/xxxslide1_DSC_0076-768x432.jpg 768w, https:\/\/gazetaregionalna.com\/wp-content\/uploads\/2022\/07\/xxxslide1_DSC_0076-696x392.jpg 696w, https:\/\/gazetaregionalna.com\/wp-content\/uploads\/2022\/07\/xxxslide1_DSC_0076-747x420.jpg 747w\" data-sizes=\"(max-width: 1024px) 100vw, 1024px\" src=\"data:image\/svg+xml;base64,PHN2ZyB3aWR0aD0iMSIgaGVpZ2h0PSIxIiB4bWxucz0iaHR0cDovL3d3dy53My5vcmcvMjAwMC9zdmciPjwvc3ZnPg==\" style=\"--smush-placeholder-width: 1024px; --smush-placeholder-aspect-ratio: 1024\/576;\" \/><\/figure><\/li><li class=\"blocks-gallery-item\"><figure><img decoding=\"async\" width=\"1024\" height=\"768\" data-src=\"https:\/\/gazetaregionalna.com\/wp-content\/uploads\/2022\/07\/IMG-6695-1024x768.jpg\" alt=\"Wodny tor przeszk\u00f3d\" data-id=\"87039\" data-full-url=\"https:\/\/gazetaregionalna.com\/wp-content\/uploads\/2022\/07\/IMG-6695-scaled.jpg\" data-link=\"https:\/\/gazetaregionalna.com\/?attachment_id=87039\" class=\"wp-image-87039 lazyload\" data-srcset=\"https:\/\/gazetaregionalna.com\/wp-content\/uploads\/2022\/07\/IMG-6695-1024x768.jpg 1024w, https:\/\/gazetaregionalna.com\/wp-content\/uploads\/2022\/07\/IMG-6695-300x225.jpg 300w, https:\/\/gazetaregionalna.com\/wp-content\/uploads\/2022\/07\/IMG-6695-768x576.jpg 768w, https:\/\/gazetaregionalna.com\/wp-content\/uploads\/2022\/07\/IMG-6695-1536x1152.jpg 1536w, https:\/\/gazetaregionalna.com\/wp-content\/uploads\/2022\/07\/IMG-6695-696x522.jpg 696w, https:\/\/gazetaregionalna.com\/wp-content\/uploads\/2022\/07\/IMG-6695-1068x801.jpg 1068w, https:\/\/gazetaregionalna.com\/wp-content\/uploads\/2022\/07\/IMG-6695-560x420.jpg 560w, https:\/\/gazetaregionalna.com\/wp-content\/uploads\/2022\/07\/IMG-6695-80x60.jpg 80w, https:\/\/gazetaregionalna.com\/wp-content\/uploads\/2022\/07\/IMG-6695-265x198.jpg 265w, https:\/\/gazetaregionalna.com\/wp-content\/uploads\/2022\/07\/IMG-6695-scaled.jpg 1600w\" data-sizes=\"(max-width: 1024px) 100vw, 1024px\" src=\"data:image\/svg+xml;base64,PHN2ZyB3aWR0aD0iMSIgaGVpZ2h0PSIxIiB4bWxucz0iaHR0cDovL3d3dy53My5vcmcvMjAwMC9zdmciPjwvc3ZnPg==\" style=\"--smush-placeholder-width: 1024px; --smush-placeholder-aspect-ratio: 1024\/768;\" \/><\/figure><\/li><li class=\"blocks-gallery-item\"><figure><img decoding=\"async\" width=\"1024\" height=\"768\" data-src=\"https:\/\/gazetaregionalna.com\/wp-content\/uploads\/2022\/07\/IMG-6455-1024x768.jpg\" alt=\"Wodny tor przeszk\u00f3d\" data-id=\"87038\" data-full-url=\"https:\/\/gazetaregionalna.com\/wp-content\/uploads\/2022\/07\/IMG-6455-scaled.jpg\" data-link=\"https:\/\/gazetaregionalna.com\/?attachment_id=87038\" class=\"wp-image-87038 lazyload\" data-srcset=\"https:\/\/gazetaregionalna.com\/wp-content\/uploads\/2022\/07\/IMG-6455-1024x768.jpg 1024w, https:\/\/gazetaregionalna.com\/wp-content\/uploads\/2022\/07\/IMG-6455-300x225.jpg 300w, https:\/\/gazetaregionalna.com\/wp-content\/uploads\/2022\/07\/IMG-6455-768x576.jpg 768w, https:\/\/gazetaregionalna.com\/wp-content\/uploads\/2022\/07\/IMG-6455-1536x1152.jpg 1536w, https:\/\/gazetaregionalna.com\/wp-content\/uploads\/2022\/07\/IMG-6455-2048x1536.jpg 2048w, https:\/\/gazetaregionalna.com\/wp-content\/uploads\/2022\/07\/IMG-6455-696x522.jpg 696w, https:\/\/gazetaregionalna.com\/wp-content\/uploads\/2022\/07\/IMG-6455-1068x801.jpg 1068w, https:\/\/gazetaregionalna.com\/wp-content\/uploads\/2022\/07\/IMG-6455-1920x1440.jpg 1920w, https:\/\/gazetaregionalna.com\/wp-content\/uploads\/2022\/07\/IMG-6455-560x420.jpg 560w, https:\/\/gazetaregionalna.com\/wp-content\/uploads\/2022\/07\/IMG-6455-80x60.jpg 80w, https:\/\/gazetaregionalna.com\/wp-content\/uploads\/2022\/07\/IMG-6455-265x198.jpg 265w, https:\/\/gazetaregionalna.com\/wp-content\/uploads\/2022\/07\/IMG-6455-scaled.jpg 1600w\" data-sizes=\"(max-width: 1024px) 100vw, 1024px\" src=\"data:image\/svg+xml;base64,PHN2ZyB3aWR0aD0iMSIgaGVpZ2h0PSIxIiB4bWxucz0iaHR0cDovL3d3dy53My5vcmcvMjAwMC9zdmciPjwvc3ZnPg==\" style=\"--smush-placeholder-width: 1024px; --smush-placeholder-aspect-ratio: 1024\/768;\" \/><\/figure><\/li><li class=\"blocks-gallery-item\"><figure><img decoding=\"async\" width=\"1024\" height=\"768\" data-src=\"https:\/\/gazetaregionalna.com\/wp-content\/uploads\/2022\/07\/IMG_3050-1024x768.jpeg\" alt=\"Wodny tor przeszk\u00f3d\" data-id=\"87036\" data-full-url=\"https:\/\/gazetaregionalna.com\/wp-content\/uploads\/2022\/07\/IMG_3050-scaled.jpeg\" data-link=\"https:\/\/gazetaregionalna.com\/?attachment_id=87036\" class=\"wp-image-87036 lazyload\" data-srcset=\"https:\/\/gazetaregionalna.com\/wp-content\/uploads\/2022\/07\/IMG_3050-1024x768.jpeg 1024w, https:\/\/gazetaregionalna.com\/wp-content\/uploads\/2022\/07\/IMG_3050-300x225.jpeg 300w, https:\/\/gazetaregionalna.com\/wp-content\/uploads\/2022\/07\/IMG_3050-768x576.jpeg 768w, https:\/\/gazetaregionalna.com\/wp-content\/uploads\/2022\/07\/IMG_3050-1536x1152.jpeg 1536w, https:\/\/gazetaregionalna.com\/wp-content\/uploads\/2022\/07\/IMG_3050-696x522.jpeg 696w, https:\/\/gazetaregionalna.com\/wp-content\/uploads\/2022\/07\/IMG_3050-1068x801.jpeg 1068w, https:\/\/gazetaregionalna.com\/wp-content\/uploads\/2022\/07\/IMG_3050-1920x1440.jpeg 1920w, https:\/\/gazetaregionalna.com\/wp-content\/uploads\/2022\/07\/IMG_3050-560x420.jpeg 560w, https:\/\/gazetaregionalna.com\/wp-content\/uploads\/2022\/07\/IMG_3050-80x60.jpeg 80w, https:\/\/gazetaregionalna.com\/wp-content\/uploads\/2022\/07\/IMG_3050-265x198.jpeg 265w, https:\/\/gazetaregionalna.com\/wp-content\/uploads\/2022\/07\/IMG_3050-scaled.jpeg 1600w\" data-sizes=\"(max-width: 1024px) 100vw, 1024px\" src=\"data:image\/svg+xml;base64,PHN2ZyB3aWR0aD0iMSIgaGVpZ2h0PSIxIiB4bWxucz0iaHR0cDovL3d3dy53My5vcmcvMjAwMC9zdmciPjwvc3ZnPg==\" style=\"--smush-placeholder-width: 1024px; --smush-placeholder-aspect-ratio: 1024\/768;\" \/><\/figure><\/li><\/ul><\/figure>\n","protected":false},"excerpt":{"rendered":"<p>W Parku Wypoczynkowym &#8221;Lisiniec&#8221; na k\u0105pielisku stanie wodny tor przeszk\u00f3d. Z atrakcji b\u0119dzie mo\u017cna skorzysta\u0107 pod okiem ratownik\u00f3w ju\u017c 20 i 21 lipca. Przed<\/p>\n","protected":false},"author":26,"featured_media":87037,"comment_status":"closed","ping_status":"open","sticky":false,"template":"","format":"standard","meta":{"_monsterinsights_skip_tracking":false,"_monsterinsights_sitenote_active":false,"_monsterinsights_sitenote_note":"","_monsterinsights_sitenote_category":0,"_uf_show_specific_survey":0,"_uf_disable_surveys":false,"footnotes":""},"categories":[94,3,2],"tags":[4432,5663,2376,5662],"class_list":["post-87035","post","type-post","status-publish","format-standard","has-post-thumbnail","hentry","category-polecane","category-czestochowa-informacje","category-wiadomosci","tag-adriatyk","tag-baltyk","tag-park-wypoczynkowy-lisiniec","tag-wodny-tor-przeszkod"],"_links":{"self":[{"href":"https:\/\/gazetaregionalna.com\/index.php?rest_route=\/wp\/v2\/posts\/87035","targetHints":{"allow":["GET"]}}],"collection":[{"href":"https:\/\/gazetaregionalna.com\/index.php?rest_route=\/wp\/v2\/posts"}],"about":[{"href":"https:\/\/gazetaregionalna.com\/index.php?rest_route=\/wp\/v2\/types\/post"}],"author":[{"embeddable":true,"href":"https:\/\/gazetaregionalna.com\/index.php?rest_route=\/wp\/v2\/users\/26"}],"replies":[{"embeddable":true,"href":"https:\/\/gazetaregionalna.com\/index.php?rest_route=%2Fwp%2Fv2%2Fcomments&post=87035"}],"version-history":[{"count":1,"href":"https:\/\/gazetaregionalna.com\/index.php?rest_route=\/wp\/v2\/posts\/87035\/revisions"}],"predecessor-version":[{"id":87041,"href":"https:\/\/gazetaregionalna.com\/index.php?rest_route=\/wp\/v2\/posts\/87035\/revisions\/87041"}],"wp:featuredmedia":[{"embeddable":true,"href":"https:\/\/gazetaregionalna.com\/index.php?rest_route=\/wp\/v2\/media\/87037"}],"wp:attachment":[{"href":"https:\/\/gazetaregionalna.com\/index.php?rest_route=%2Fwp%2Fv2%2Fmedia&parent=87035"}],"wp:term":[{"taxonomy":"category","embeddable":true,"href":"https:\/\/gazetaregionalna.com\/index.php?rest_route=%2Fwp%2Fv2%2Fcategories&post=87035"},{"taxonomy":"post_tag","embeddable":true,"href":"https:\/\/gazetaregionalna.com\/index.php?rest_route=%2Fwp%2Fv2%2Ftags&post=87035"}],"curies":[{"name":"wp","href":"https:\/\/api.w.org\/{rel}","templated":true}]}}