{"id":87019,"date":"2022-07-18T12:10:58","date_gmt":"2022-07-18T12:10:58","guid":{"rendered":"https:\/\/gazetaregionalna.com\/?p=87019"},"modified":"2022-07-18T12:10:59","modified_gmt":"2022-07-18T12:10:59","slug":"myszkowscy-policjanci-ktorzy-zwalczaja-przestepczosc-gospodarcza-przejeli-nielegalne-uzywki","status":"publish","type":"post","link":"https:\/\/gazetaregionalna.com\/?p=87019","title":{"rendered":"Myszkowscy policjanci, kt\u00f3rzy zwalczaj\u0105 przest\u0119pczo\u015b\u0107 gospodarcz\u0105 przej\u0119li nielegalne u\u017cywki"},"content":{"rendered":"\n<h2 class=\"wp-block-heading\">Myszkowscy policjanci, przej\u0119li prawie 30 kg suszu tytoniowego i 36200 sztuk papieros\u00f3w bez polskich znak\u00f3w akcyzy.<\/h2>\n\n\n\n<p>Mundurowi nielegalny towar <strong>znale\u017ali u 49-letniego<\/strong> m<strong>ieszka\u0144ca powiatu zawiercia\u0144skiego<\/strong>. Teraz m\u0119\u017cczy\u017anie, za przest\u0119pstwo skarbowe, grozi nawet do              <strong>3 lat pozbawienia wolno\u015bci<\/strong>. O jego dalszym losie zadecyduje prokurator i s\u0105d.<\/p>\n\n\n\n<p>W sobot\u0119 policjanci z Wydzia\u0142u do walki z Przest\u0119pczo\u015bci\u0105 Gospodarcz\u0105 myszkowskiej komendy na ulicy Le\u015bniowskiej w \u017barkach zatrzymali 49-letniego kierowc\u0119 skody. W jego <strong>poje\u017adzie odkryli i zabezpieczyli nielegalny towar<\/strong>.<\/p>\n\n\n\n<p><strong>\u015aledczy zabezpieczyli<\/strong> prawie <strong>30 kilogram\u00f3w tytoniu<\/strong> i <strong>36200 sztuk papieros\u00f3w bez polskich znak\u00f3w akcyzy<\/strong>. 49-latek z powiatu zawiercia\u0144skiego <strong>zosta\u0142 zatrzymany<\/strong>. M\u0119\u017cczyzna <strong>us\u0142ysza\u0142 ju\u017c zarzut i przyzna\u0142 si\u0119 do winy<\/strong>.<\/p>\n\n\n\n<p>\u015aledczy wst\u0119pnie oszacowali, \u017ce <strong>straty Skarbu Pa\u0144stwa z tytu\u0142u uszczuplenia podatku akcyzowego wynios\u0142y <\/strong>w tym przypadku <strong>prawie 60 tys. z\u0142<\/strong>. M\u0119\u017cczy\u017anie grozi za to przest\u0119pstwo nawet <strong>do 3 lat pozbawienia wolno\u015bci<\/strong>. O jego dalszym losie zadecyduje s\u0105d.<\/p>\n\n\n\n<figure class=\"wp-block-image size-large\"><img decoding=\"async\" width=\"1024\" height=\"462\" data-src=\"https:\/\/gazetaregionalna.com\/wp-content\/uploads\/2022\/07\/1-30-1024x462.jpg\" alt=\"\" class=\"wp-image-87020 lazyload\" data-srcset=\"https:\/\/gazetaregionalna.com\/wp-content\/uploads\/2022\/07\/1-30-1024x462.jpg 1024w, https:\/\/gazetaregionalna.com\/wp-content\/uploads\/2022\/07\/1-30-300x135.jpg 300w, https:\/\/gazetaregionalna.com\/wp-content\/uploads\/2022\/07\/1-30-768x346.jpg 768w, https:\/\/gazetaregionalna.com\/wp-content\/uploads\/2022\/07\/1-30-696x314.jpg 696w, https:\/\/gazetaregionalna.com\/wp-content\/uploads\/2022\/07\/1-30-1068x481.jpg 1068w, https:\/\/gazetaregionalna.com\/wp-content\/uploads\/2022\/07\/1-30-932x420.jpg 932w, https:\/\/gazetaregionalna.com\/wp-content\/uploads\/2022\/07\/1-30.jpg 1200w\" data-sizes=\"(max-width: 1024px) 100vw, 1024px\" src=\"data:image\/svg+xml;base64,PHN2ZyB3aWR0aD0iMSIgaGVpZ2h0PSIxIiB4bWxucz0iaHR0cDovL3d3dy53My5vcmcvMjAwMC9zdmciPjwvc3ZnPg==\" style=\"--smush-placeholder-width: 1024px; --smush-placeholder-aspect-ratio: 1024\/462;\" \/><figcaption>fot. Komenda Powiatowa Policji w Myszkowie<\/figcaption><\/figure>\n\n\n\n<p><strong>K KIK <\/strong><\/p>\n","protected":false},"excerpt":{"rendered":"<p>Myszkowscy policjanci, przej\u0119li prawie 30 kg suszu tytoniowego i 36200 sztuk papieros\u00f3w bez polskich znak\u00f3w akcyzy. Mundurowi nielegalny towar znale\u017ali u 49-letniego mieszka\u0144ca powiatu<\/p>\n","protected":false},"author":21,"featured_media":70747,"comment_status":"closed","ping_status":"open","sticky":false,"template":"","format":"standard","meta":{"_monsterinsights_skip_tracking":false,"_monsterinsights_sitenote_active":false,"_monsterinsights_sitenote_note":"","_monsterinsights_sitenote_category":0,"_uf_show_specific_survey":0,"_uf_disable_surveys":false,"footnotes":""},"categories":[2,26,4],"tags":[171,103,4375,2794],"class_list":["post-87019","post","type-post","status-publish","format-standard","has-post-thumbnail","hentry","category-wiadomosci","category-myszkow","category-region","tag-myszkow","tag-policja","tag-uzywki","tag-zatrzymany"],"_links":{"self":[{"href":"https:\/\/gazetaregionalna.com\/index.php?rest_route=\/wp\/v2\/posts\/87019","targetHints":{"allow":["GET"]}}],"collection":[{"href":"https:\/\/gazetaregionalna.com\/index.php?rest_route=\/wp\/v2\/posts"}],"about":[{"href":"https:\/\/gazetaregionalna.com\/index.php?rest_route=\/wp\/v2\/types\/post"}],"author":[{"embeddable":true,"href":"https:\/\/gazetaregionalna.com\/index.php?rest_route=\/wp\/v2\/users\/21"}],"replies":[{"embeddable":true,"href":"https:\/\/gazetaregionalna.com\/index.php?rest_route=%2Fwp%2Fv2%2Fcomments&post=87019"}],"version-history":[{"count":1,"href":"https:\/\/gazetaregionalna.com\/index.php?rest_route=\/wp\/v2\/posts\/87019\/revisions"}],"predecessor-version":[{"id":87021,"href":"https:\/\/gazetaregionalna.com\/index.php?rest_route=\/wp\/v2\/posts\/87019\/revisions\/87021"}],"wp:featuredmedia":[{"embeddable":true,"href":"https:\/\/gazetaregionalna.com\/index.php?rest_route=\/wp\/v2\/media\/70747"}],"wp:attachment":[{"href":"https:\/\/gazetaregionalna.com\/index.php?rest_route=%2Fwp%2Fv2%2Fmedia&parent=87019"}],"wp:term":[{"taxonomy":"category","embeddable":true,"href":"https:\/\/gazetaregionalna.com\/index.php?rest_route=%2Fwp%2Fv2%2Fcategories&post=87019"},{"taxonomy":"post_tag","embeddable":true,"href":"https:\/\/gazetaregionalna.com\/index.php?rest_route=%2Fwp%2Fv2%2Ftags&post=87019"}],"curies":[{"name":"wp","href":"https:\/\/api.w.org\/{rel}","templated":true}]}}