{"id":8701,"date":"2019-12-09T11:14:38","date_gmt":"2019-12-09T11:14:38","guid":{"rendered":"https:\/\/gazetaregionalna.com\/?p=8701"},"modified":"2019-12-09T11:14:40","modified_gmt":"2019-12-09T11:14:40","slug":"gwiazdy-na-gwiazdke","status":"publish","type":"post","link":"https:\/\/gazetaregionalna.com\/?p=8701","title":{"rendered":"Gwiazdy na Gwiazdk\u0119"},"content":{"rendered":"\n<h1 class=\"wp-block-heading\">\n\u201eChristmas\nTime\u201d, to tytu\u0142 koncertu, jaki odb\u0119dzie si\u0119 18 grudnia w Hali\nSportowej Cz\u0119stochowa przy ul. \u017bu\u017clowej.<\/h1>\n\n\n\n<p>\n<br>\nPodczas\nkoncertu wyst\u0105pi\u0105:\nJustyna Steczkowska, Kasia Mo\u015b, Halina Mlynkova, Kasia Cerekwicka\noraz Andrzej Piaseczny. Arty\u015bci zaprezentuj\u0105 najwi\u0119ksze \u015bwiatowe\nhity zwi\u0105zane ze \u015awi\u0119tami Bo\u017cego Narodzenia. Koncert poprowadzi\nPiotr Polk.\nPocz\u0105tek\nwydarzenia godzina 19. Bilety w cenie od 59 do 149 z\u0142otych (w\nzale\u017cno\u015bci od sektora) do nabycia na stronie: biletyna.pl.<\/p>\n","protected":false},"excerpt":{"rendered":"<p>\u201eChristmas Time\u201d, to tytu\u0142 koncertu, jaki odb\u0119dzie si\u0119 18 grudnia w Hali Sportowej Cz\u0119stochowa przy ul. \u017bu\u017clowej. Podczas koncertu wyst\u0105pi\u0105: Justyna Steczkowska, Kasia Mo\u015b,<\/p>\n","protected":false},"author":7,"featured_media":8702,"comment_status":"open","ping_status":"open","sticky":false,"template":"","format":"standard","meta":{"_monsterinsights_skip_tracking":false,"_monsterinsights_sitenote_active":false,"_monsterinsights_sitenote_note":"","_monsterinsights_sitenote_category":0,"_uf_show_specific_survey":0,"_uf_disable_surveys":false,"footnotes":""},"categories":[3,12,94,2,13],"tags":[],"class_list":["post-8701","post","type-post","status-publish","format-standard","has-post-thumbnail","hentry","category-czestochowa-informacje","category-kultura-i-rozrywka","category-polecane","category-wiadomosci","category-wydarzenia"],"_links":{"self":[{"href":"https:\/\/gazetaregionalna.com\/index.php?rest_route=\/wp\/v2\/posts\/8701","targetHints":{"allow":["GET"]}}],"collection":[{"href":"https:\/\/gazetaregionalna.com\/index.php?rest_route=\/wp\/v2\/posts"}],"about":[{"href":"https:\/\/gazetaregionalna.com\/index.php?rest_route=\/wp\/v2\/types\/post"}],"author":[{"embeddable":true,"href":"https:\/\/gazetaregionalna.com\/index.php?rest_route=\/wp\/v2\/users\/7"}],"replies":[{"embeddable":true,"href":"https:\/\/gazetaregionalna.com\/index.php?rest_route=%2Fwp%2Fv2%2Fcomments&post=8701"}],"version-history":[{"count":1,"href":"https:\/\/gazetaregionalna.com\/index.php?rest_route=\/wp\/v2\/posts\/8701\/revisions"}],"predecessor-version":[{"id":8703,"href":"https:\/\/gazetaregionalna.com\/index.php?rest_route=\/wp\/v2\/posts\/8701\/revisions\/8703"}],"wp:featuredmedia":[{"embeddable":true,"href":"https:\/\/gazetaregionalna.com\/index.php?rest_route=\/wp\/v2\/media\/8702"}],"wp:attachment":[{"href":"https:\/\/gazetaregionalna.com\/index.php?rest_route=%2Fwp%2Fv2%2Fmedia&parent=8701"}],"wp:term":[{"taxonomy":"category","embeddable":true,"href":"https:\/\/gazetaregionalna.com\/index.php?rest_route=%2Fwp%2Fv2%2Fcategories&post=8701"},{"taxonomy":"post_tag","embeddable":true,"href":"https:\/\/gazetaregionalna.com\/index.php?rest_route=%2Fwp%2Fv2%2Ftags&post=8701"}],"curies":[{"name":"wp","href":"https:\/\/api.w.org\/{rel}","templated":true}]}}