{"id":8697,"date":"2019-12-09T09:34:49","date_gmt":"2019-12-09T09:34:49","guid":{"rendered":"https:\/\/gazetaregionalna.com\/?p=8697"},"modified":"2019-12-09T09:34:51","modified_gmt":"2019-12-09T09:34:51","slug":"jest-szansa-na-dofinansowanie-firmy","status":"publish","type":"post","link":"https:\/\/gazetaregionalna.com\/?p=8697","title":{"rendered":"Jest szansa na dofinansowanie firmy"},"content":{"rendered":"\n<h2 class=\"wp-block-heading\">\nW Powiatowym Urz\u0119dzie Pracy w\nRadomsku ruszy\u0142 ostatni\nw 2019 r. nab\u00f3r wniosk\u00f3w o przyznanie jednorazowych \u015brodk\u00f3w na\npodj\u0119cie dzia\u0142alno\u015bci gospodarczej.<\/h2>\n\n\n\n<p>\nW\nzwi\u0105zku z powsta\u0142ymi oszcz\u0119dno\u015bciami i zbli\u017caj\u0105cym si\u0119 ko\u0144cem\nroku, Powiatowy Urz\u0105d Pracy w Radomsku informuje, \u017ce w terminie od\n10 do 12 grudnia 2019 r. b\u0119d\u0105 przyjmowane wnioski od os\u00f3b\nbezrobotnych zainteresowanych rozpocz\u0119ciem dzia\u0142alno\u015bci\ngospodarczej. \u015arodki b\u0119d\u0105 przyznawane na dzia\u0142alno\u015b\u0107 prowadzon\u0105\nna terenie powiatu radomszcza\u0144skiego. Maksymalna\nkwota o jak\u0105 mo\u017ce wnioskowa\u0107 osoba bezrobotna w 2019 r. to\n24&nbsp;000,00 z\u0142otych a Urz\u0105d dysponuje jeszcze kwot\u0105 na\nudzielenie 5 dotacji. \n<\/p>\n\n\n\n<p>\nWa\u017cne:\nprzyznane \u015brodki musz\u0105 zosta\u0107 wyp\u0142acone jeszcze w 2019 r.<\/p>\n\n\n\n<p>\nO\nprzyznanie jednorazowych \u015brodk\u00f3w na podj\u0119cie dzia\u0142alno\u015bci\ngospodarczej mo\u017ce <br>\nsi\u0119 ubiega\u0107 osoba, kt\u00f3ra jest\nzarejestrowana w Powiatowym Urz\u0119dzie Pracy w Radomsku <br>\n(lub\nFilii w Przedborzu) jako bezrobotna, a udzielenie wsparcia w postaci\nw\/w dotacji wynika z Indywidualnego Planu Dzia\u0142ania. \n<\/p>\n\n\n\n<p><strong>Planowane\ndotacje realizowane b\u0119d\u0105 w ramach \u015brodk\u00f3w z Funduszu Pracy.<\/strong><\/p>\n\n\n\n<p>Osoby\nbezrobotne zainteresowane z\u0142o\u017ceniem wniosku o jednorazowe \u015brodki\nna rozpocz\u0119cie dzia\u0142alno\u015bci gospodarczej mog\u0105 wzi\u0105\u0107 udzia\u0142 w\nzaj\u0119ciach przygotowanych przez pracownik\u00f3w PUP w Radomsku nt.\n\u201eWype\u0142nianie wniosku o przyznanie jednorazowych \u015brodk\u00f3w na\npodj\u0119cie dzia\u0142alno\u015bci gospodarczej\u201d. Spotkanie odb\u0119dzie si\u0119 w\ndniu 10 grudnia (wtorek) o godzinie 9:00. Zapisy\nna zaj\u0119cia b\u0119d\u0105 przyjmowane u doradc\u00f3w klienta indywidualnego.<\/p>\n\n\n\n<p>Regulamin\noraz aktualne wnioski dost\u0119pne s\u0105 w siedzibie Urz\u0119du oraz na\nstronie internetowej <a href=\"http:\/\/www.radomsko.praca.gov.pl\/\" target=\"_blank\" rel=\"noopener\">www.radomsko.praca.gov.pl<\/a>\nw dokumentach do pobrania w zak\u0142adce Dla Bezrobotnych          i\nposzukuj\u0105cych pracy. Szczeg\u00f3\u0142owe informacje mo\u017cna r\u00f3wnie\u017c\nuzyska\u0107 w Powiatowym Urz\u0119dzie Pracy w Radomsku w pok. nr 26 oraz\npod nr tel.: 44 683 73 56 do 58 wew. 38.<\/p>\n","protected":false},"excerpt":{"rendered":"<p>W Powiatowym Urz\u0119dzie Pracy w Radomsku ruszy\u0142 ostatni w 2019 r. nab\u00f3r wniosk\u00f3w o przyznanie jednorazowych \u015brodk\u00f3w na podj\u0119cie dzia\u0142alno\u015bci gospodarczej. W zwi\u0105zku z<\/p>\n","protected":false},"author":7,"featured_media":8698,"comment_status":"open","ping_status":"open","sticky":false,"template":"","format":"standard","meta":{"_monsterinsights_skip_tracking":false,"_monsterinsights_sitenote_active":false,"_monsterinsights_sitenote_note":"","_monsterinsights_sitenote_category":0,"_uf_show_specific_survey":0,"_uf_disable_surveys":false,"footnotes":""},"categories":[43,94,28,2],"tags":[],"class_list":["post-8697","post","type-post","status-publish","format-standard","has-post-thumbnail","hentry","category-biznes","category-polecane","category-radomsko","category-wiadomosci"],"_links":{"self":[{"href":"https:\/\/gazetaregionalna.com\/index.php?rest_route=\/wp\/v2\/posts\/8697","targetHints":{"allow":["GET"]}}],"collection":[{"href":"https:\/\/gazetaregionalna.com\/index.php?rest_route=\/wp\/v2\/posts"}],"about":[{"href":"https:\/\/gazetaregionalna.com\/index.php?rest_route=\/wp\/v2\/types\/post"}],"author":[{"embeddable":true,"href":"https:\/\/gazetaregionalna.com\/index.php?rest_route=\/wp\/v2\/users\/7"}],"replies":[{"embeddable":true,"href":"https:\/\/gazetaregionalna.com\/index.php?rest_route=%2Fwp%2Fv2%2Fcomments&post=8697"}],"version-history":[{"count":1,"href":"https:\/\/gazetaregionalna.com\/index.php?rest_route=\/wp\/v2\/posts\/8697\/revisions"}],"predecessor-version":[{"id":8699,"href":"https:\/\/gazetaregionalna.com\/index.php?rest_route=\/wp\/v2\/posts\/8697\/revisions\/8699"}],"wp:featuredmedia":[{"embeddable":true,"href":"https:\/\/gazetaregionalna.com\/index.php?rest_route=\/wp\/v2\/media\/8698"}],"wp:attachment":[{"href":"https:\/\/gazetaregionalna.com\/index.php?rest_route=%2Fwp%2Fv2%2Fmedia&parent=8697"}],"wp:term":[{"taxonomy":"category","embeddable":true,"href":"https:\/\/gazetaregionalna.com\/index.php?rest_route=%2Fwp%2Fv2%2Fcategories&post=8697"},{"taxonomy":"post_tag","embeddable":true,"href":"https:\/\/gazetaregionalna.com\/index.php?rest_route=%2Fwp%2Fv2%2Ftags&post=8697"}],"curies":[{"name":"wp","href":"https:\/\/api.w.org\/{rel}","templated":true}]}}