{"id":86797,"date":"2022-07-15T00:55:02","date_gmt":"2022-07-15T00:55:02","guid":{"rendered":"https:\/\/gazetaregionalna.com\/?p=86797"},"modified":"2022-07-19T04:49:16","modified_gmt":"2022-07-19T04:49:16","slug":"rekrutacja-na-politechnice-czestochowskiej","status":"publish","type":"post","link":"https:\/\/gazetaregionalna.com\/?p=86797","title":{"rendered":"Rekrutacja na Politechnice Cz\u0119stochowskiej \u2013 co trzeba wiedzie\u0107?"},"content":{"rendered":"\n<p><strong>Na Politechnice Cz\u0119stochowskiej trwa rekrutacja. Jak zapisa\u0107 si\u0119 na studia na tej uczelni oraz co jeszcze trzeba wiedzie\u0107 o post\u0119powaniu rekrutacyjnym? Niemal wszystkie kwestie rozwieje ten artyku\u0142.<\/strong><\/p>\n\n\n\n<p>Cho\u0107 pocz\u0105tkowo ca\u0142a procedura rekrutacyjna mo\u017ce wydawa\u0107 si\u0119 nieco chaotyczna, to jednak oka\u017ce si\u0119 by\u0107 bu\u0142k\u0105 z mas\u0142em, wystarczy przed przyst\u0105pieniem zaznajomi\u0107 si\u0119 z kilkoma informacjami, a wszystko p\u00f3jdzie jak z p\u0142atka.<\/p>\n\n\n\n<p><strong>Jak zapisa\u0107 si\u0119 na studia?<\/strong><\/p>\n\n\n\n<p>Najpierw nale\u017cy zarejestrowa\u0107 si\u0119 w systemie naboru IRK (www.rekrutacja.pcz.pl) i wype\u0142ni\u0107 wymagane informacje w terminie od 01.06.2022r. do 17.07.2022r. Nast\u0119pnie trzeba dokona\u0107 op\u0142aty rekrutacyjnej.<\/p>\n\n\n\n<p>Kolejnym krokiem jest wpisanie do systemu wynik\u00f3w matury (o ile ju\u017c s\u0105) oraz oczekiwanie na wyniki kwalifikacji. Gdy b\u0119dzie ju\u017c wynik kwalifikacji, w\u00f3wczas nale\u017cy z\u0142o\u017cy\u0107 komplet dokument\u00f3w w Biurze Komisji Rekrutacyjnej danego Wydzia\u0142u. Po wykonaniu owych czynno\u015bci, nale\u017cy ju\u017c tylko czeka\u0107 na wyniki.<\/p>\n\n\n\n<p><strong>Jakie op\u0142aty trzeba ponie\u015b\u0107?<\/strong><\/p>\n\n\n\n<p>Na etapie naboru, op\u0142ata rekrutacyjna wynosi 85 z\u0142 za ka\u017cdy wybrany kierunek. Po wpisaniu na list\u0119 student\u00f3w w przypadku studi\u00f3w niestacjonarnych ka\u017cdy semestr jest p\u0142atny (op\u0142ata od 1700 do 2500 z\u0142 w zale\u017cno\u015bci od kierunku). Studia stacjonarne s\u0105 natomiast bezp\u0142atne.<\/p>\n\n\n\n<p><strong>Jakie dokumenty trzeba dostarczy\u0107?<\/strong><\/p>\n\n\n\n<p>Po pozytywnym rozpatrzeniu kwestionariusza, na uczelni\u0119 nale\u017cy dostarczy\u0107: wydrukowane z systemu IRK i podpisane podanie \u2013 kwestionariusz, kopi\u0119 \u015bwiadectwa dojrza\u0142o\u015bci (w przypadku kandydata na studia pierwszego stopnia) lub kopi\u0119 dyplomu in\u017cyniera\/licencjata (w przypadku kandydata na studia drugiego stopnia).<\/p>\n\n\n\n<p>Ponadto do wgl\u0105du nale\u017cy przynie\u015b\u0107 orygina\u0142 \u015bwiadectwa\/dyplomu, potwierdzenie dowodu op\u0142aty rekrutacyjnej, oraz dostarczy\u0107 3 aktualne zdj\u0119cia takie jak do dowodu osobistego (na odwrocie ka\u017cdego zdj\u0119cia nale\u017cy poda\u0107 nazwisko i imi\u0119 oraz dodatkowo na odwrocie jednego zdj\u0119cia \u2013 adres zamieszkania). Dokumenty powinny by\u0107 dostarczone w bia\u0142ej teczce.<\/p>\n\n\n\n<p><strong>Co z akademikami?<\/strong><\/p>\n\n\n\n<p>Politechnika posiada 3 nowoczesne domy studenckie, po generalnym remoncie, w kt\u00f3rych mo\u017ce zamieszka\u0107 w sumie 2000 os\u00f3b. Pierwsze\u0144stwo w przyznaniu miejsca w akademiku przys\u0142uguje studentowi, kt\u00f3rego codzienny dojazd do Uczeni utrudnia\u0142by w znacznym stopniu studiowanie.<\/p>\n\n\n\n<p>Student staraj\u0105cy si\u0119 o miejsce w akademiku powinien z\u0142o\u017cy\u0107 \u201eWniosek o przyznanie miejsca w Domu Studenta\u201d w Dziale Dom\u00f3w Studenckich. Z\u0142o\u017cenie wniosku mo\u017ce nast\u0105pi\u0107 r\u00f3wnie\u017c za pomoc\u0105 poczty elektronicznej lub poczt\u0105 tradycyjn\u0105 na adres Dzia\u0142u Dom\u00f3w Studenckich lub podany osobi\u015bcie do siedziby Dzia\u0142u Dom\u00f3w Studenckich w Domu Studenta nr 5 \u201eMaluch\u201d.<\/p>\n\n\n\n<p>Przed zamieszaniem nale\u017cy ui\u015bci\u0107 kaucj\u0119 (w wysoko\u015bci od 330 do 350 z\u0142otych \u2013 w zale\u017cno\u015bci od wybranego akademika). Wp\u0142ata b\u0119dzie podstaw\u0105 do zakwaterowania w akademiku.<\/p>\n\n\n\n<p><strong>LN\/ info: <a href=\"http:\/\/pcz.pl\" target=\"_blank\" rel=\"noopener\">Pcz<\/a><\/strong><\/p>\n","protected":false},"excerpt":{"rendered":"<p>Na Politechnice Cz\u0119stochowskiej trwa rekrutacja. Jak zapisa\u0107 si\u0119 na studia na tej uczelni oraz co jeszcze trzeba wiedzie\u0107 o post\u0119powaniu rekrutacyjnym? Niemal wszystkie kwestie<\/p>\n","protected":false},"author":26,"featured_media":32548,"comment_status":"closed","ping_status":"open","sticky":false,"template":"","format":"standard","meta":{"_monsterinsights_skip_tracking":false,"_monsterinsights_sitenote_active":false,"_monsterinsights_sitenote_note":"","_monsterinsights_sitenote_category":0,"_uf_show_specific_survey":0,"_uf_disable_surveys":false,"footnotes":""},"categories":[1,41],"tags":[144,118,137,5631,2011],"class_list":["post-86797","post","type-post","status-publish","format-standard","has-post-thumbnail","hentry","category-uncategorized","category-edukacja","tag-czestochowa","tag-edukacja","tag-politechnika-czestochowska","tag-postepowanie-rekrutacyjne","tag-rekrutacja"],"_links":{"self":[{"href":"https:\/\/gazetaregionalna.com\/index.php?rest_route=\/wp\/v2\/posts\/86797","targetHints":{"allow":["GET"]}}],"collection":[{"href":"https:\/\/gazetaregionalna.com\/index.php?rest_route=\/wp\/v2\/posts"}],"about":[{"href":"https:\/\/gazetaregionalna.com\/index.php?rest_route=\/wp\/v2\/types\/post"}],"author":[{"embeddable":true,"href":"https:\/\/gazetaregionalna.com\/index.php?rest_route=\/wp\/v2\/users\/26"}],"replies":[{"embeddable":true,"href":"https:\/\/gazetaregionalna.com\/index.php?rest_route=%2Fwp%2Fv2%2Fcomments&post=86797"}],"version-history":[{"count":1,"href":"https:\/\/gazetaregionalna.com\/index.php?rest_route=\/wp\/v2\/posts\/86797\/revisions"}],"predecessor-version":[{"id":86798,"href":"https:\/\/gazetaregionalna.com\/index.php?rest_route=\/wp\/v2\/posts\/86797\/revisions\/86798"}],"wp:featuredmedia":[{"embeddable":true,"href":"https:\/\/gazetaregionalna.com\/index.php?rest_route=\/wp\/v2\/media\/32548"}],"wp:attachment":[{"href":"https:\/\/gazetaregionalna.com\/index.php?rest_route=%2Fwp%2Fv2%2Fmedia&parent=86797"}],"wp:term":[{"taxonomy":"category","embeddable":true,"href":"https:\/\/gazetaregionalna.com\/index.php?rest_route=%2Fwp%2Fv2%2Fcategories&post=86797"},{"taxonomy":"post_tag","embeddable":true,"href":"https:\/\/gazetaregionalna.com\/index.php?rest_route=%2Fwp%2Fv2%2Ftags&post=86797"}],"curies":[{"name":"wp","href":"https:\/\/api.w.org\/{rel}","templated":true}]}}