{"id":8677,"date":"2019-12-09T08:04:40","date_gmt":"2019-12-09T08:04:40","guid":{"rendered":"https:\/\/gazetaregionalna.com\/?p=8677"},"modified":"2019-12-09T08:04:43","modified_gmt":"2019-12-09T08:04:43","slug":"w-okolicach-dworca-pojedziemy-inaczej","status":"publish","type":"post","link":"https:\/\/gazetaregionalna.com\/?p=8677","title":{"rendered":"W okolicach dworca pojedziemy inaczej"},"content":{"rendered":"\n<h2 class=\"wp-block-heading\">\nRozpoczyna\nsi\u0119 trzeci etap \nrob\u00f3t budowlanych w ramach zadania pod\nnazw\u0105.:\n\u201eBudowa zintegrowanych w\u0119z\u0142\u00f3w przesiadkowych wraz z budow\u0105 dr\u00f3g\nrowerowych na terenie powiatu lublinieckiego\u201d. W\nzwi\u0105zku z tym od jutra w okolicach lublinieckiego pojedziemy\ninaczej. \n<\/h2>\n\n\n\n<p>\nZamkni\u0119te\ndla\nruchu ko\u0142owego zostanie\nskrzy\u017cowanie\nulic O\u015bwi\u0119cimskiej i Paderewskiego wraz z dojazdem do pl.\nNiepodleg\u0142o\u015bci. Dojazd do budynku dworca PKP b\u0119dzie mo\u017cliwy ulic\u0105\nDworcow\u0105. Na obecnym etapie rob\u00f3t nie b\u0119dzie mo\u017cliwo\u015bci\nparkowania na pl. Niepodleg\u0142o\u015bci. Jak\ninformuj\u0105\nw\u0142adze miejskie Lubli\u0144ca,\nprzystanek autobusowy zostanie zlokalizowany na pl. Niepodleg\u0142o\u015bci.\nRuch z ulicy Paderewskiego kierowany b\u0119dzie drog\u0105 tymczasow\u0105 w\nulic\u0119 O\u015bwi\u0119cimsk\u0105.<\/p>\n","protected":false},"excerpt":{"rendered":"<p>Rozpoczyna si\u0119 trzeci etap rob\u00f3t budowlanych w ramach zadania pod nazw\u0105.: \u201eBudowa zintegrowanych w\u0119z\u0142\u00f3w przesiadkowych wraz z budow\u0105 dr\u00f3g rowerowych na terenie powiatu lublinieckiego\u201d.<\/p>\n","protected":false},"author":7,"featured_media":8450,"comment_status":"open","ping_status":"open","sticky":false,"template":"","format":"standard","meta":{"_monsterinsights_skip_tracking":false,"_monsterinsights_sitenote_active":false,"_monsterinsights_sitenote_note":"","_monsterinsights_sitenote_category":0,"_uf_show_specific_survey":0,"_uf_disable_surveys":false,"footnotes":""},"categories":[33,25,94,2],"tags":[],"class_list":["post-8677","post","type-post","status-publish","format-standard","has-post-thumbnail","hentry","category-inwestycje","category-lubliniec","category-polecane","category-wiadomosci"],"_links":{"self":[{"href":"https:\/\/gazetaregionalna.com\/index.php?rest_route=\/wp\/v2\/posts\/8677","targetHints":{"allow":["GET"]}}],"collection":[{"href":"https:\/\/gazetaregionalna.com\/index.php?rest_route=\/wp\/v2\/posts"}],"about":[{"href":"https:\/\/gazetaregionalna.com\/index.php?rest_route=\/wp\/v2\/types\/post"}],"author":[{"embeddable":true,"href":"https:\/\/gazetaregionalna.com\/index.php?rest_route=\/wp\/v2\/users\/7"}],"replies":[{"embeddable":true,"href":"https:\/\/gazetaregionalna.com\/index.php?rest_route=%2Fwp%2Fv2%2Fcomments&post=8677"}],"version-history":[{"count":1,"href":"https:\/\/gazetaregionalna.com\/index.php?rest_route=\/wp\/v2\/posts\/8677\/revisions"}],"predecessor-version":[{"id":8678,"href":"https:\/\/gazetaregionalna.com\/index.php?rest_route=\/wp\/v2\/posts\/8677\/revisions\/8678"}],"wp:featuredmedia":[{"embeddable":true,"href":"https:\/\/gazetaregionalna.com\/index.php?rest_route=\/wp\/v2\/media\/8450"}],"wp:attachment":[{"href":"https:\/\/gazetaregionalna.com\/index.php?rest_route=%2Fwp%2Fv2%2Fmedia&parent=8677"}],"wp:term":[{"taxonomy":"category","embeddable":true,"href":"https:\/\/gazetaregionalna.com\/index.php?rest_route=%2Fwp%2Fv2%2Fcategories&post=8677"},{"taxonomy":"post_tag","embeddable":true,"href":"https:\/\/gazetaregionalna.com\/index.php?rest_route=%2Fwp%2Fv2%2Ftags&post=8677"}],"curies":[{"name":"wp","href":"https:\/\/api.w.org\/{rel}","templated":true}]}}