{"id":8672,"date":"2019-12-08T09:33:47","date_gmt":"2019-12-08T09:33:47","guid":{"rendered":"https:\/\/gazetaregionalna.com\/?p=8672"},"modified":"2019-12-08T09:33:51","modified_gmt":"2019-12-08T09:33:51","slug":"bezplatne-kursy-jezykowe-i-komputerowe","status":"publish","type":"post","link":"https:\/\/gazetaregionalna.com\/?p=8672","title":{"rendered":"Bezp\u0142atne kursy j\u0119zykowe i komputerowe"},"content":{"rendered":"\n<p>Jest szansa na udzia\u0142 w  bezp\u0142atnych kursach j\u0119zykowych i komputerowych dla pracownik\u00f3w wojew\u00f3dztwa  \u015bl\u0105skiego.<br> Chcesz uzyska\u0107 nowe kompetencje lub kwalifikacje potrzebne na rynku pracy? We\u017a udzia\u0142 w projekcie \u201e\u015al\u0105ska akademia kompetencji j\u0119zykowych i komputerowych&#8221;. Je\u015bli uzbiera si\u0119 grupa 12 os\u00f3b, zaj\u0119cia odb\u0119d\u0105 si\u0119 w \u017barkach.<br> W ramach Projektu oferujemy BEZP\u0141ATNE wsparcie dla os\u00f3b pracownik\u00f3w firm:<br> \u00b7         kursy j\u0119zykowe \u2013 j\u0119zyk angielski, niemiecki lub francuski na dowolnym poziomie zaawansowania: 2 semestry nauki (120 godzin) zako\u0144czone egzaminem zewn\u0119trznym (np. TELC, TOEIC, BULTAS) z mo\u017cliwo\u015bci\u0105 kontynuacji na dalszych 2 semestrach<br> \u00b7         kursy komputerowe ICT \u2013 na dowolnym poziomie zaawansowania w wybranych obszarach DIGCOMP (informacja, komunikacja, tworzenie tre\u015bci, bezpiecze\u0144stwo, rozwi\u0105zywanie problem\u00f3w np. obs\u0142uga MS Office), maks. 128 godzin lekcyjnych, zako\u0144czone egzaminem zewn\u0119trznym (np. ECCC, ECDL) materia\u0142y szkoleniowe, podr\u0119czniki, refundacja koszt\u00f3w opieki nad dzieckiem.<\/p>\n\n\n\n<figure class=\"wp-block-image\"><img decoding=\"async\" width=\"607\" height=\"858\" data-src=\"https:\/\/gazetaregionalna.com\/wp-content\/uploads\/2019\/12\/kursy.jpg\" alt=\"\" class=\"wp-image-8673 lazyload\" data-srcset=\"https:\/\/gazetaregionalna.com\/wp-content\/uploads\/2019\/12\/kursy.jpg 607w, https:\/\/gazetaregionalna.com\/wp-content\/uploads\/2019\/12\/kursy-212x300.jpg 212w, https:\/\/gazetaregionalna.com\/wp-content\/uploads\/2019\/12\/kursy-297x420.jpg 297w\" data-sizes=\"(max-width: 607px) 100vw, 607px\" src=\"data:image\/svg+xml;base64,PHN2ZyB3aWR0aD0iMSIgaGVpZ2h0PSIxIiB4bWxucz0iaHR0cDovL3d3dy53My5vcmcvMjAwMC9zdmciPjwvc3ZnPg==\" style=\"--smush-placeholder-width: 607px; --smush-placeholder-aspect-ratio: 607\/858;\" \/><\/figure>\n\n\n\n<p><br> Projekt kierowany jest do:<br> \u00b7  800 os\u00f3b pracuj\u0105cych (zgodnie z art. 2 KP lub zgodnie z KC na podstawie um\u00f3w zlecenie \/ o dzie\u0142o)<br> \u00b7  w wieku powy\u017cej 25 roku \u017cycia,<br> \u00b7  z terenu wojew\u00f3dztwa \u015bl\u0105skiego (tj. pracuj\u0105cych lub zamieszka\u0142ych zgodnie z KC na terenie woj. \u015bl\u0105skiego)<br> \u00b7   uczestnicz\u0105cych z w\u0142asnej inicjatywy w szkoleniach i kursach<br> \u00b7  nale\u017c\u0105cych do grup defaworyzowanych czyli wykazuj\u0105cych najwi\u0119ksz\u0105 luk\u0119 kompetencyjn\u0105 i posiadaj\u0105cych najwi\u0119ksze potrzeby w dost\u0119pie do edukacji,<br> W szczeg\u00f3lno\u015bci w projekcie mog\u0105 wzi\u0105\u0107 udzia\u0142:<\/p>\n\n\n\n<ul class=\"wp-block-list\"><li>kobiety<\/li><li>osoby o niskich kwalifikacjach (wykszta\u0142cenie maks. ponadgimnazjalne ISCED 3)<\/li><li>osoby w wieku 50+<\/li><li>osoby z teren\u00f3w wiejskich<\/li><li>osoby z niepe\u0142nosprawno\u015bci\u0105.<br>\nREGULAMIN http:\/\/www.riph.czest.pl\/images\/aktualnosci\/projekt\/regulamin_projektu.pdf<br>\nWi\u0119cej informacji:<br>\nPunkt kontaktowy: Regionalna Izba Przemys\u0142owo-Handlowa w Cz\u0119stochowie<br>\nAl. Naj\u015bwi\u0119tszej Maryi Panny 24 Lok. 5, 42-202 Cz\u0119stochowa, tel. 34 344 82 58<br>\nbiuro@riph.czest.pl, www.riph.czest.pl.<br>\nZG\u0141ASZAJ\u0104C SI\u0118 PODAJ INFORMACJ\u0118 O LOKALIZACJI KURSU w \u017bARKACH.<\/li><\/ul>\n","protected":false},"excerpt":{"rendered":"<p>Jest szansa na udzia\u0142 w bezp\u0142atnych kursach j\u0119zykowych i komputerowych dla pracownik\u00f3w wojew\u00f3dztwa \u015bl\u0105skiego. Chcesz uzyska\u0107 nowe kompetencje lub kwalifikacje potrzebne na rynku pracy?<\/p>\n","protected":false},"author":7,"featured_media":8674,"comment_status":"open","ping_status":"open","sticky":false,"template":"","format":"standard","meta":{"_monsterinsights_skip_tracking":false,"_monsterinsights_sitenote_active":false,"_monsterinsights_sitenote_note":"","_monsterinsights_sitenote_category":0,"_uf_show_specific_survey":0,"_uf_disable_surveys":false,"footnotes":""},"categories":[3,41,26,94,2],"tags":[],"class_list":["post-8672","post","type-post","status-publish","format-standard","has-post-thumbnail","hentry","category-czestochowa-informacje","category-edukacja","category-myszkow","category-polecane","category-wiadomosci"],"_links":{"self":[{"href":"https:\/\/gazetaregionalna.com\/index.php?rest_route=\/wp\/v2\/posts\/8672","targetHints":{"allow":["GET"]}}],"collection":[{"href":"https:\/\/gazetaregionalna.com\/index.php?rest_route=\/wp\/v2\/posts"}],"about":[{"href":"https:\/\/gazetaregionalna.com\/index.php?rest_route=\/wp\/v2\/types\/post"}],"author":[{"embeddable":true,"href":"https:\/\/gazetaregionalna.com\/index.php?rest_route=\/wp\/v2\/users\/7"}],"replies":[{"embeddable":true,"href":"https:\/\/gazetaregionalna.com\/index.php?rest_route=%2Fwp%2Fv2%2Fcomments&post=8672"}],"version-history":[{"count":1,"href":"https:\/\/gazetaregionalna.com\/index.php?rest_route=\/wp\/v2\/posts\/8672\/revisions"}],"predecessor-version":[{"id":8675,"href":"https:\/\/gazetaregionalna.com\/index.php?rest_route=\/wp\/v2\/posts\/8672\/revisions\/8675"}],"wp:featuredmedia":[{"embeddable":true,"href":"https:\/\/gazetaregionalna.com\/index.php?rest_route=\/wp\/v2\/media\/8674"}],"wp:attachment":[{"href":"https:\/\/gazetaregionalna.com\/index.php?rest_route=%2Fwp%2Fv2%2Fmedia&parent=8672"}],"wp:term":[{"taxonomy":"category","embeddable":true,"href":"https:\/\/gazetaregionalna.com\/index.php?rest_route=%2Fwp%2Fv2%2Fcategories&post=8672"},{"taxonomy":"post_tag","embeddable":true,"href":"https:\/\/gazetaregionalna.com\/index.php?rest_route=%2Fwp%2Fv2%2Ftags&post=8672"}],"curies":[{"name":"wp","href":"https:\/\/api.w.org\/{rel}","templated":true}]}}