{"id":86717,"date":"2022-07-14T14:21:42","date_gmt":"2022-07-14T14:21:42","guid":{"rendered":"https:\/\/gazetaregionalna.com\/?p=86717"},"modified":"2022-07-14T14:21:43","modified_gmt":"2022-07-14T14:21:43","slug":"rakow-rozpoczyna-nowy-sezon-w-pko-bp-ekstraklasie-pierwszy-mecz-juz-w-piatek-przy-l83-w-warta-poznan","status":"publish","type":"post","link":"https:\/\/gazetaregionalna.com\/?p=86717","title":{"rendered":"Rak\u00f3w rozpoczyna nowy sezon w PKO BP Ekstraklasie. Pierwszy mecz ju\u017c w pi\u0105tek przy L83 w Wart\u0105 Pozna\u0144!"},"content":{"rendered":"\n<p>Pi\u0142karze wicemistrza Polski Rakowa Cz\u0119stochowa w pi\u0105tek o godz. 18 rozpoczn\u0105 nowy sezon w PKO BP Ekstraklasie. Na inauguracj\u0119 zagraj\u0105 z 11. zespo\u0142em poprzedniego sezonu Wart\u0105 Pozna\u0144.<\/p>\n\n\n\n<p>Wakacyjna przerwa min\u0119\u0142a bardzo szybko. W pi\u0105tek o godz. 18 rozpocznie si\u0119 nowy sezon 2022\/23 w PKO BP Ekstraklasie. I w\u0142a\u015bnie mecz w Cz\u0119stochowie b\u0119dzie pierwszym spotkaniem nowego sezonu. W pi\u0105tek zagraj\u0105 jeszcze Zag\u0142\u0119bie Lubin ze \u015al\u0105skiem Wroc\u0142aw (godz. 20:30).<\/p>\n\n\n\n<p>Rak\u00f3w nowy sezon tak naprawd\u0119 rozpocz\u0105\u0142 w miniony weekend, gdzie w finale Superpucharu Polski zmierzy\u0142 si\u0119 w Poznaniu z mistrzem Polski Lechem. Cz\u0119stochowianie wygrali 2:0 i zdobyli kolejne cenne trofeum do swojej kolekcji, a mecz by\u0142 bardzo dobrym przetarciem przed inauguracj\u0105 PKO BP Ekstraklasy.<\/p>\n\n\n\n<p>Pierwszym rywalem Rakowa b\u0119dzie Warta Pozna\u0144, kt\u00f3ra poprzedni sezon zako\u0144czy\u0142a na 11. pozycji. Do wicemistrza z Cz\u0119stochowy straci\u0142a a\u017c 27 punkt\u00f3w. Przypomnijmy, \u017ce Rak\u00f3w 3 pa\u017adziernika 2021 roku wygra\u0142 w Cz\u0119stochowie z Wart\u0105 Pozna\u0144 3:0, a w rewan\u017cu w Grodzisku Wielkopolskim czerwono-niebiescy wygrali 2:0.<\/p>\n\n\n\n<p>Kibice Rakowa oczekuj\u0105 udanego otwarcia sezonu i pewnego zwyci\u0119stwa, bo wszystko wskazuje na to, \u017ce Rak\u00f3w po raz kolejny b\u0119dzie walczy\u0142 o podium PKO BP Ekstraklasy.<\/p>\n\n\n\n<p>Dzia\u0142acze Rakowa zach\u0119caj\u0105 do zakupu dwupak\u00f3w na mecz z Wart\u0105 Pozna\u0144 i FC Astana. Mecz z Wart\u0105 ju\u017c w pi\u0105tek o godz. 18, a pierwszy historyczny mecz Rakowa w europejskich pucharach przy L83 odb\u0119dzie si\u0119 21 lipca o godz. 21.<\/p>\n\n\n\n<p>MR-K, foto: AK<\/p>\n\n\n\n<figure class=\"wp-block-image size-large\"><img decoding=\"async\" width=\"1024\" height=\"683\" data-src=\"https:\/\/gazetaregionalna.com\/wp-content\/uploads\/2021\/10\/Rakow-Warta-31-1024x683.jpg\" alt=\"\" class=\"wp-image-57866 lazyload\" data-srcset=\"https:\/\/gazetaregionalna.com\/wp-content\/uploads\/2021\/10\/Rakow-Warta-31-1024x683.jpg 1024w, https:\/\/gazetaregionalna.com\/wp-content\/uploads\/2021\/10\/Rakow-Warta-31-300x200.jpg 300w, https:\/\/gazetaregionalna.com\/wp-content\/uploads\/2021\/10\/Rakow-Warta-31-768x512.jpg 768w, https:\/\/gazetaregionalna.com\/wp-content\/uploads\/2021\/10\/Rakow-Warta-31-1536x1024.jpg 1536w, https:\/\/gazetaregionalna.com\/wp-content\/uploads\/2021\/10\/Rakow-Warta-31-2048x1365.jpg 2048w, https:\/\/gazetaregionalna.com\/wp-content\/uploads\/2021\/10\/Rakow-Warta-31-696x464.jpg 696w, https:\/\/gazetaregionalna.com\/wp-content\/uploads\/2021\/10\/Rakow-Warta-31-1068x712.jpg 1068w, https:\/\/gazetaregionalna.com\/wp-content\/uploads\/2021\/10\/Rakow-Warta-31-1920x1280.jpg 1920w, https:\/\/gazetaregionalna.com\/wp-content\/uploads\/2021\/10\/Rakow-Warta-31-630x420.jpg 630w, https:\/\/gazetaregionalna.com\/wp-content\/uploads\/2021\/10\/Rakow-Warta-31-scaled.jpg 1600w\" data-sizes=\"(max-width: 1024px) 100vw, 1024px\" src=\"data:image\/svg+xml;base64,PHN2ZyB3aWR0aD0iMSIgaGVpZ2h0PSIxIiB4bWxucz0iaHR0cDovL3d3dy53My5vcmcvMjAwMC9zdmciPjwvc3ZnPg==\" style=\"--smush-placeholder-width: 1024px; --smush-placeholder-aspect-ratio: 1024\/683;\" \/><\/figure>\n\n\n\n<figure class=\"wp-block-image size-large\"><img decoding=\"async\" width=\"1024\" height=\"691\" data-src=\"https:\/\/gazetaregionalna.com\/wp-content\/uploads\/2021\/10\/Rakow-Warta-54-1024x691.jpg\" alt=\"\" class=\"wp-image-57885 lazyload\" data-srcset=\"https:\/\/gazetaregionalna.com\/wp-content\/uploads\/2021\/10\/Rakow-Warta-54-1024x691.jpg 1024w, https:\/\/gazetaregionalna.com\/wp-content\/uploads\/2021\/10\/Rakow-Warta-54-300x202.jpg 300w, https:\/\/gazetaregionalna.com\/wp-content\/uploads\/2021\/10\/Rakow-Warta-54-768x518.jpg 768w, https:\/\/gazetaregionalna.com\/wp-content\/uploads\/2021\/10\/Rakow-Warta-54-1536x1037.jpg 1536w, https:\/\/gazetaregionalna.com\/wp-content\/uploads\/2021\/10\/Rakow-Warta-54-2048x1382.jpg 2048w, https:\/\/gazetaregionalna.com\/wp-content\/uploads\/2021\/10\/Rakow-Warta-54-696x470.jpg 696w, https:\/\/gazetaregionalna.com\/wp-content\/uploads\/2021\/10\/Rakow-Warta-54-1068x721.jpg 1068w, https:\/\/gazetaregionalna.com\/wp-content\/uploads\/2021\/10\/Rakow-Warta-54-1920x1296.jpg 1920w, https:\/\/gazetaregionalna.com\/wp-content\/uploads\/2021\/10\/Rakow-Warta-54-622x420.jpg 622w, https:\/\/gazetaregionalna.com\/wp-content\/uploads\/2021\/10\/Rakow-Warta-54-scaled.jpg 1600w\" data-sizes=\"(max-width: 1024px) 100vw, 1024px\" src=\"data:image\/svg+xml;base64,PHN2ZyB3aWR0aD0iMSIgaGVpZ2h0PSIxIiB4bWxucz0iaHR0cDovL3d3dy53My5vcmcvMjAwMC9zdmciPjwvc3ZnPg==\" style=\"--smush-placeholder-width: 1024px; --smush-placeholder-aspect-ratio: 1024\/691;\" \/><\/figure>\n\n\n\n<figure class=\"wp-block-image size-large\"><img decoding=\"async\" width=\"300\" height=\"250\" data-src=\"https:\/\/gazetaregionalna.com\/wp-content\/uploads\/2022\/04\/DMK-9.jpg\" alt=\"\" class=\"wp-image-77216 lazyload\" src=\"data:image\/svg+xml;base64,PHN2ZyB3aWR0aD0iMSIgaGVpZ2h0PSIxIiB4bWxucz0iaHR0cDovL3d3dy53My5vcmcvMjAwMC9zdmciPjwvc3ZnPg==\" style=\"--smush-placeholder-width: 300px; --smush-placeholder-aspect-ratio: 300\/250;\"><\/figure>\n\n\n\n<figure class=\"wp-block-image size-large\"><img decoding=\"async\" width=\"1024\" height=\"686\" data-src=\"https:\/\/gazetaregionalna.com\/wp-content\/uploads\/2021\/10\/Rakow-Warta-17-1024x686.jpg\" alt=\"\" class=\"wp-image-57860 lazyload\" data-srcset=\"https:\/\/gazetaregionalna.com\/wp-content\/uploads\/2021\/10\/Rakow-Warta-17-1024x686.jpg 1024w, https:\/\/gazetaregionalna.com\/wp-content\/uploads\/2021\/10\/Rakow-Warta-17-300x201.jpg 300w, https:\/\/gazetaregionalna.com\/wp-content\/uploads\/2021\/10\/Rakow-Warta-17-768x514.jpg 768w, https:\/\/gazetaregionalna.com\/wp-content\/uploads\/2021\/10\/Rakow-Warta-17-1536x1028.jpg 1536w, https:\/\/gazetaregionalna.com\/wp-content\/uploads\/2021\/10\/Rakow-Warta-17-2048x1371.jpg 2048w, https:\/\/gazetaregionalna.com\/wp-content\/uploads\/2021\/10\/Rakow-Warta-17-696x466.jpg 696w, https:\/\/gazetaregionalna.com\/wp-content\/uploads\/2021\/10\/Rakow-Warta-17-1068x715.jpg 1068w, https:\/\/gazetaregionalna.com\/wp-content\/uploads\/2021\/10\/Rakow-Warta-17-1920x1285.jpg 1920w, https:\/\/gazetaregionalna.com\/wp-content\/uploads\/2021\/10\/Rakow-Warta-17-627x420.jpg 627w, https:\/\/gazetaregionalna.com\/wp-content\/uploads\/2021\/10\/Rakow-Warta-17-scaled.jpg 1600w\" data-sizes=\"(max-width: 1024px) 100vw, 1024px\" src=\"data:image\/svg+xml;base64,PHN2ZyB3aWR0aD0iMSIgaGVpZ2h0PSIxIiB4bWxucz0iaHR0cDovL3d3dy53My5vcmcvMjAwMC9zdmciPjwvc3ZnPg==\" style=\"--smush-placeholder-width: 1024px; --smush-placeholder-aspect-ratio: 1024\/686;\" \/><\/figure>\n","protected":false},"excerpt":{"rendered":"<p>Pi\u0142karze wicemistrza Polski Rakowa Cz\u0119stochowa w pi\u0105tek o godz. 18 rozpoczn\u0105 nowy sezon w PKO BP Ekstraklasie. Na inauguracj\u0119 zagraj\u0105 z 11. zespo\u0142em poprzedniego<\/p>\n","protected":false},"author":15,"featured_media":57866,"comment_status":"closed","ping_status":"open","sticky":false,"template":"","format":"standard","meta":{"_monsterinsights_skip_tracking":false,"_monsterinsights_sitenote_active":false,"_monsterinsights_sitenote_note":"","_monsterinsights_sitenote_category":0,"_uf_show_specific_survey":0,"_uf_disable_surveys":false,"footnotes":""},"categories":[94,6,5],"tags":[],"class_list":["post-86717","post","type-post","status-publish","format-standard","has-post-thumbnail","hentry","category-polecane","category-pilka-nozna","category-sport"],"_links":{"self":[{"href":"https:\/\/gazetaregionalna.com\/index.php?rest_route=\/wp\/v2\/posts\/86717","targetHints":{"allow":["GET"]}}],"collection":[{"href":"https:\/\/gazetaregionalna.com\/index.php?rest_route=\/wp\/v2\/posts"}],"about":[{"href":"https:\/\/gazetaregionalna.com\/index.php?rest_route=\/wp\/v2\/types\/post"}],"author":[{"embeddable":true,"href":"https:\/\/gazetaregionalna.com\/index.php?rest_route=\/wp\/v2\/users\/15"}],"replies":[{"embeddable":true,"href":"https:\/\/gazetaregionalna.com\/index.php?rest_route=%2Fwp%2Fv2%2Fcomments&post=86717"}],"version-history":[{"count":1,"href":"https:\/\/gazetaregionalna.com\/index.php?rest_route=\/wp\/v2\/posts\/86717\/revisions"}],"predecessor-version":[{"id":86718,"href":"https:\/\/gazetaregionalna.com\/index.php?rest_route=\/wp\/v2\/posts\/86717\/revisions\/86718"}],"wp:featuredmedia":[{"embeddable":true,"href":"https:\/\/gazetaregionalna.com\/index.php?rest_route=\/wp\/v2\/media\/57866"}],"wp:attachment":[{"href":"https:\/\/gazetaregionalna.com\/index.php?rest_route=%2Fwp%2Fv2%2Fmedia&parent=86717"}],"wp:term":[{"taxonomy":"category","embeddable":true,"href":"https:\/\/gazetaregionalna.com\/index.php?rest_route=%2Fwp%2Fv2%2Fcategories&post=86717"},{"taxonomy":"post_tag","embeddable":true,"href":"https:\/\/gazetaregionalna.com\/index.php?rest_route=%2Fwp%2Fv2%2Ftags&post=86717"}],"curies":[{"name":"wp","href":"https:\/\/api.w.org\/{rel}","templated":true}]}}