{"id":86623,"date":"2022-07-14T08:51:40","date_gmt":"2022-07-14T08:51:40","guid":{"rendered":"https:\/\/gazetaregionalna.com\/?p=86623"},"modified":"2022-07-14T08:51:42","modified_gmt":"2022-07-14T08:51:42","slug":"klobuck-tragiczny-wypadek-pod-krzepicami-nie-zyje-21-letni-motocyklista","status":"publish","type":"post","link":"https:\/\/gazetaregionalna.com\/?p=86623","title":{"rendered":"K\u0142obuck &#8211; Tragiczny wypadek pod Krzepicami- nie \u017cyje 21 letni motocyklista"},"content":{"rendered":"\n<h2 class=\"wp-block-heading\">K\u0142obuccy \u015bledczy wyja\u015bniaj\u0105 szczeg\u00f3\u0142owo przyczyny i okoliczno\u015bci tragicznego wypadku, do kt\u00f3rego dosz\u0142o wczoraj na drodze krajowej nr 43 przed Krzepicami.<\/h2>\n\n\n\n<p>Ze wst\u0119pnych ustale\u0144 wynika, \u017ce kieruj\u0105cy dostawczym fiatem, z nieustalonych dotychczas przyczyn <strong>zjecha\u0142 na przeciwny pas jezdni po czym czo\u0142owo zderzy\u0142 si\u0119 z 21-letnim motocyklist\u0105<\/strong>. Niestety, obra\u017cenia m\u0142odego kierowcy jedno\u015bladu okaza\u0142y si\u0119 \u015bmiertelne&#8230;<\/p>\n\n\n\n<p>Wczoraj <strong>13 lipca <\/strong>o godzinie <strong>22.20<\/strong> oficer dy\u017curny z k\u0142obuckiej komendy otrzyma\u0142 zg\u0142oszenie o <strong>zderzeniu samochodu dostawczego z motocyklem<\/strong>. Do zdarzenia dosz\u0142o na <strong>drodze krajowej numer 43 w Krzepicach<\/strong>. Na miejsce zostali skierowani\u00a0 policjanci z k\u0142obuckiej drog\u00f3wki, kt\u00f3rzy wst\u0119pnie ustalili, \u017ce kieruj\u0105cy dostawczym fiatem, <strong>21-letni mieszkaniec powiatu radomszcza\u0144skiego<\/strong>, jad\u0105c w kierunku Wielunia, z niewyja\u015bnionej dotychczas przyczyny <strong>zjecha\u0142 na przeciwleg\u0142y pas ruchu, po czym czo\u0142owo zderzy\u0142 si\u0119 z jad\u0105cym z przeciwka motocyklist\u0105<\/strong>. <strong>Motocyklem kierowa\u0142 21-letni mieszkaniec gminy Opat\u00f3w<\/strong>, kt\u00f3ry <strong>w wyniku odniesionych obra\u017ce\u0144 poni\u00f3s\u0142 \u015bmier\u0107<\/strong>. Kierowca dostawczego fiata by\u0142 trze\u017awy, natomiast dodatkowo pobrano od niego krew do bada\u0144 na zawarto\u015b\u0107 \u015brodk\u00f3w psychoaktywnych.<\/p>\n\n\n\n<p>Na miejscu zdarzenia pracowali mi\u0119dzy innymi <strong>policjanci z k\u0142obuckiej drog\u00f3wki <\/strong>oraz <strong>technik kryminalistyki<\/strong>. Czynno\u015bci policyjne by\u0142y realizowane pod <strong>nadzorem cz\u0119stochowskiego prokuratora<\/strong>. Na czas ogl\u0119dzin droga krajowa numer 43 by\u0142a ca\u0142kowicie zablokowana, a policjanci wyznaczyli objazdy. Ruch na drodze przywr\u00f3cono kilkana\u015bcie minut po 2.00.<\/p>\n\n\n\n<p>Dok\u0142adne <strong>przyczyny <\/strong>i <strong>okoliczno\u015bci <\/strong>tego <strong>tragicznego zdarzenia<\/strong>, b\u0119d\u0105 <strong>wyja\u015bniane w tocz\u0105cym si\u0119 post\u0119powaniu<\/strong>, podczas kt\u00f3rego kryminalni mi\u0119dzy innymi skorzystaj\u0105 z opinii bieg\u0142ych z zakresu badania stanu technicznego pojazd\u00f3w oraz rekonstrukcji wypadk\u00f3w drogowych. Post\u0119powanie nadzoruje Prokuratura Rejonowa w Cz\u0119stochowie.<\/p>\n\n\n\n<p><strong>Policja apeluje o ostro\u017cno\u015b\u0107<\/strong> a tak\u017ce przypomina, \u017ce najwa\u017cniejsze jest to, aby <strong>wszyscy u\u017cytkownicy dr\u00f3g przestrzegali przepis\u00f3w ruchu drogowego<\/strong> oraz <strong>wykazywali si\u0119 rozs\u0105dkiem i wzajemnym szacunkiem<\/strong>. Nale\u017cy pami\u0119ta\u0107, \u017ce w ka\u017cdym zderzeniu motocykla z samochodem, to kierowca jedno\u015bladu ma zdecydowanie mniejsze szanse na wyj\u015bcie z wypadku bez szwanku.<\/p>\n\n\n\n<figure class=\"wp-block-gallery columns-3 is-cropped wp-block-gallery-1 is-layout-flex wp-block-gallery-is-layout-flex\"><ul class=\"blocks-gallery-grid\"><li class=\"blocks-gallery-item\"><figure><a href=\"https:\/\/gazetaregionalna.com\/wp-content\/uploads\/2022\/07\/1-24.jpg\"><img decoding=\"async\" width=\"1024\" height=\"683\" data-src=\"https:\/\/gazetaregionalna.com\/wp-content\/uploads\/2022\/07\/1-24-1024x683.jpg\" alt=\"\" data-id=\"86625\" data-full-url=\"https:\/\/gazetaregionalna.com\/wp-content\/uploads\/2022\/07\/1-24.jpg\" data-link=\"https:\/\/gazetaregionalna.com\/?attachment_id=86625\" class=\"wp-image-86625 lazyload\" data-srcset=\"https:\/\/gazetaregionalna.com\/wp-content\/uploads\/2022\/07\/1-24-1024x683.jpg 1024w, https:\/\/gazetaregionalna.com\/wp-content\/uploads\/2022\/07\/1-24-300x200.jpg 300w, https:\/\/gazetaregionalna.com\/wp-content\/uploads\/2022\/07\/1-24-768x512.jpg 768w, https:\/\/gazetaregionalna.com\/wp-content\/uploads\/2022\/07\/1-24-696x464.jpg 696w, https:\/\/gazetaregionalna.com\/wp-content\/uploads\/2022\/07\/1-24-1068x712.jpg 1068w, https:\/\/gazetaregionalna.com\/wp-content\/uploads\/2022\/07\/1-24-630x420.jpg 630w, https:\/\/gazetaregionalna.com\/wp-content\/uploads\/2022\/07\/1-24.jpg 1200w\" data-sizes=\"(max-width: 1024px) 100vw, 1024px\" src=\"data:image\/svg+xml;base64,PHN2ZyB3aWR0aD0iMSIgaGVpZ2h0PSIxIiB4bWxucz0iaHR0cDovL3d3dy53My5vcmcvMjAwMC9zdmciPjwvc3ZnPg==\" style=\"--smush-placeholder-width: 1024px; --smush-placeholder-aspect-ratio: 1024\/683;\" \/><\/a><\/figure><\/li><li class=\"blocks-gallery-item\"><figure><a href=\"https:\/\/gazetaregionalna.com\/wp-content\/uploads\/2022\/07\/2-22.jpg\"><img decoding=\"async\" width=\"1024\" height=\"683\" data-src=\"https:\/\/gazetaregionalna.com\/wp-content\/uploads\/2022\/07\/2-22-1024x683.jpg\" alt=\"\" data-id=\"86626\" data-full-url=\"https:\/\/gazetaregionalna.com\/wp-content\/uploads\/2022\/07\/2-22.jpg\" data-link=\"https:\/\/gazetaregionalna.com\/?attachment_id=86626\" class=\"wp-image-86626 lazyload\" data-srcset=\"https:\/\/gazetaregionalna.com\/wp-content\/uploads\/2022\/07\/2-22-1024x683.jpg 1024w, https:\/\/gazetaregionalna.com\/wp-content\/uploads\/2022\/07\/2-22-300x200.jpg 300w, https:\/\/gazetaregionalna.com\/wp-content\/uploads\/2022\/07\/2-22-768x512.jpg 768w, https:\/\/gazetaregionalna.com\/wp-content\/uploads\/2022\/07\/2-22-696x464.jpg 696w, https:\/\/gazetaregionalna.com\/wp-content\/uploads\/2022\/07\/2-22-1068x712.jpg 1068w, https:\/\/gazetaregionalna.com\/wp-content\/uploads\/2022\/07\/2-22-630x420.jpg 630w, https:\/\/gazetaregionalna.com\/wp-content\/uploads\/2022\/07\/2-22.jpg 1200w\" data-sizes=\"(max-width: 1024px) 100vw, 1024px\" src=\"data:image\/svg+xml;base64,PHN2ZyB3aWR0aD0iMSIgaGVpZ2h0PSIxIiB4bWxucz0iaHR0cDovL3d3dy53My5vcmcvMjAwMC9zdmciPjwvc3ZnPg==\" style=\"--smush-placeholder-width: 1024px; --smush-placeholder-aspect-ratio: 1024\/683;\" \/><\/a><\/figure><\/li><li class=\"blocks-gallery-item\"><figure><a href=\"https:\/\/gazetaregionalna.com\/wp-content\/uploads\/2022\/07\/3-20.jpg\"><img decoding=\"async\" width=\"1024\" height=\"683\" data-src=\"https:\/\/gazetaregionalna.com\/wp-content\/uploads\/2022\/07\/3-20-1024x683.jpg\" alt=\"\" data-id=\"86627\" data-full-url=\"https:\/\/gazetaregionalna.com\/wp-content\/uploads\/2022\/07\/3-20.jpg\" data-link=\"https:\/\/gazetaregionalna.com\/?attachment_id=86627\" class=\"wp-image-86627 lazyload\" data-srcset=\"https:\/\/gazetaregionalna.com\/wp-content\/uploads\/2022\/07\/3-20-1024x683.jpg 1024w, https:\/\/gazetaregionalna.com\/wp-content\/uploads\/2022\/07\/3-20-300x200.jpg 300w, https:\/\/gazetaregionalna.com\/wp-content\/uploads\/2022\/07\/3-20-768x512.jpg 768w, https:\/\/gazetaregionalna.com\/wp-content\/uploads\/2022\/07\/3-20-696x464.jpg 696w, https:\/\/gazetaregionalna.com\/wp-content\/uploads\/2022\/07\/3-20-1068x712.jpg 1068w, https:\/\/gazetaregionalna.com\/wp-content\/uploads\/2022\/07\/3-20-630x420.jpg 630w, https:\/\/gazetaregionalna.com\/wp-content\/uploads\/2022\/07\/3-20.jpg 1200w\" data-sizes=\"(max-width: 1024px) 100vw, 1024px\" src=\"data:image\/svg+xml;base64,PHN2ZyB3aWR0aD0iMSIgaGVpZ2h0PSIxIiB4bWxucz0iaHR0cDovL3d3dy53My5vcmcvMjAwMC9zdmciPjwvc3ZnPg==\" style=\"--smush-placeholder-width: 1024px; --smush-placeholder-aspect-ratio: 1024\/683;\" \/><\/a><\/figure><\/li><\/ul><\/figure>\n\n\n\n<p><strong>K KIK <\/strong><\/p>\n","protected":false},"excerpt":{"rendered":"<p>K\u0142obuccy \u015bledczy wyja\u015bniaj\u0105 szczeg\u00f3\u0142owo przyczyny i okoliczno\u015bci tragicznego wypadku, do kt\u00f3rego dosz\u0142o wczoraj na drodze krajowej nr 43 przed Krzepicami. Ze wst\u0119pnych ustale\u0144 wynika,<\/p>\n","protected":false},"author":21,"featured_media":70747,"comment_status":"closed","ping_status":"open","sticky":false,"template":"","format":"standard","meta":{"_monsterinsights_skip_tracking":false,"_monsterinsights_sitenote_active":false,"_monsterinsights_sitenote_note":"","_monsterinsights_sitenote_category":0,"_uf_show_specific_survey":0,"_uf_disable_surveys":false,"footnotes":""},"categories":[2,27],"tags":[280,2966,1314],"class_list":["post-86623","post","type-post","status-publish","format-standard","has-post-thumbnail","hentry","category-wiadomosci","category-klobuck-informacje","tag-klobuck","tag-motocyklista","tag-smiertelny-wypadek"],"_links":{"self":[{"href":"https:\/\/gazetaregionalna.com\/index.php?rest_route=\/wp\/v2\/posts\/86623","targetHints":{"allow":["GET"]}}],"collection":[{"href":"https:\/\/gazetaregionalna.com\/index.php?rest_route=\/wp\/v2\/posts"}],"about":[{"href":"https:\/\/gazetaregionalna.com\/index.php?rest_route=\/wp\/v2\/types\/post"}],"author":[{"embeddable":true,"href":"https:\/\/gazetaregionalna.com\/index.php?rest_route=\/wp\/v2\/users\/21"}],"replies":[{"embeddable":true,"href":"https:\/\/gazetaregionalna.com\/index.php?rest_route=%2Fwp%2Fv2%2Fcomments&post=86623"}],"version-history":[{"count":1,"href":"https:\/\/gazetaregionalna.com\/index.php?rest_route=\/wp\/v2\/posts\/86623\/revisions"}],"predecessor-version":[{"id":86628,"href":"https:\/\/gazetaregionalna.com\/index.php?rest_route=\/wp\/v2\/posts\/86623\/revisions\/86628"}],"wp:featuredmedia":[{"embeddable":true,"href":"https:\/\/gazetaregionalna.com\/index.php?rest_route=\/wp\/v2\/media\/70747"}],"wp:attachment":[{"href":"https:\/\/gazetaregionalna.com\/index.php?rest_route=%2Fwp%2Fv2%2Fmedia&parent=86623"}],"wp:term":[{"taxonomy":"category","embeddable":true,"href":"https:\/\/gazetaregionalna.com\/index.php?rest_route=%2Fwp%2Fv2%2Fcategories&post=86623"},{"taxonomy":"post_tag","embeddable":true,"href":"https:\/\/gazetaregionalna.com\/index.php?rest_route=%2Fwp%2Fv2%2Ftags&post=86623"}],"curies":[{"name":"wp","href":"https:\/\/api.w.org\/{rel}","templated":true}]}}