{"id":86613,"date":"2022-07-14T08:23:13","date_gmt":"2022-07-14T08:23:13","guid":{"rendered":"https:\/\/gazetaregionalna.com\/?p=86613"},"modified":"2022-07-14T08:23:14","modified_gmt":"2022-07-14T08:23:14","slug":"niesmiertelni-szalona-lokomotywa","status":"publish","type":"post","link":"https:\/\/gazetaregionalna.com\/?p=86613","title":{"rendered":"&#8222;Nie\u015bmiertelni&#8221; w Miejskiej Galerii Sztuki. Bohaterem b\u0119dzie Witkacy i jego &#8222;Szalona lokomotywa&#8221;"},"content":{"rendered":"\n<h2 class=\"wp-block-heading\">Na pocz\u0105tku lipca w ramach cyklu &#8222;Nie\u015bmiertelni&#8221; w Miejskiej Galerii Sztuki wspominano Piotra Machalic\u0119. Teraz przyjdzie pora na spotkanie dotycz\u0105ce Witkacego i s\u0142ynnego spektaklu &#8222;Szalona lokomotywa&#8221;. Rozmow\u0119 z Janem Kantym Pawlu\u015bkiewiczem 20 lipca poprowadzi Piotr Metz.<\/h2>\n\n\n\n<p>Cykl\u00a0\u201eNie\u015bmiertelni\u201d\u00a0zainaugurowano w Miejskiej Galerii Sztuki na pocz\u0105tku 2017 r.  <\/p>\n\n\n\n<p>&#8211; Idea cyklu zrodzi\u0142a si\u0119 na skutek feralnego roku, w kt\u00f3rym odesz\u0142o wiele wybitnych postaci \u015bwiatowej sceny muzycznej i literackiej. David Bowie, Prince, George Michael, Leonard Cohen, BB King, Maria Czubaszek\u2026 Te smutne wiadomo\u015bci przebi\u0142y mnie na wylot. Zda\u0142am sobie spraw\u0119, \u017ce nic ju\u017c dla nas nie stworz\u0105, \u017ce nie us\u0142yszymy ich g\u0142osu, nie ws\u0142uchamy si\u0119 w to, co maj\u0105 nam do przekazania. Podj\u0119\u0142am wtedy decyzj\u0119, aby przedstawi\u0107 ich sylwetki, jako osoby, kt\u00f3re opr\u00f3cz \u017cycia scenicznego, mia\u0142y r\u00f3wnie\u017c \u017cycie prywatne. Aby opowiada\u0142y o nich osoby, kt\u00f3re si\u0119 z nimi zetkn\u0119\u0142y zawodowo, kt\u00f3re mog\u0105 opowiedzie\u0107 anegdoty, a tak\u017ce osobiste wspomnienia zwi\u0105zane ze spotkaniem &#8211; wyja\u015bnia Anna Paleczek-Szumlas, dyrektorka Miejskiej Galerii Sztuki.<\/p>\n\n\n\n<p>Bohaterem pierwszego spotkania by\u0142 David Bowie, poprowadzi\u0142 je za\u015b Piotr Metz. Pomys\u0142 \u0142\u0105cz\u0105cy muzyk\u0119, wspomnienia i ciekawostki szybko spodoba\u0142 si\u0119 cz\u0119stochowskiej publiczno\u015bci.<\/p>\n\n\n\n<figure class=\"wp-block-image size-large\"><img decoding=\"async\" width=\"1024\" height=\"681\" data-src=\"https:\/\/gazetaregionalna.com\/wp-content\/uploads\/2022\/07\/I_Festiwal_Machalica_Niesmiertelni_0057-1024x681.jpg\" alt=\"\" class=\"wp-image-85615 lazyload\" data-srcset=\"https:\/\/gazetaregionalna.com\/wp-content\/uploads\/2022\/07\/I_Festiwal_Machalica_Niesmiertelni_0057-1024x681.jpg 1024w, https:\/\/gazetaregionalna.com\/wp-content\/uploads\/2022\/07\/I_Festiwal_Machalica_Niesmiertelni_0057-300x200.jpg 300w, https:\/\/gazetaregionalna.com\/wp-content\/uploads\/2022\/07\/I_Festiwal_Machalica_Niesmiertelni_0057-768x511.jpg 768w, https:\/\/gazetaregionalna.com\/wp-content\/uploads\/2022\/07\/I_Festiwal_Machalica_Niesmiertelni_0057-1536x1022.jpg 1536w, https:\/\/gazetaregionalna.com\/wp-content\/uploads\/2022\/07\/I_Festiwal_Machalica_Niesmiertelni_0057-2048x1363.jpg 2048w, https:\/\/gazetaregionalna.com\/wp-content\/uploads\/2022\/07\/I_Festiwal_Machalica_Niesmiertelni_0057-696x463.jpg 696w, https:\/\/gazetaregionalna.com\/wp-content\/uploads\/2022\/07\/I_Festiwal_Machalica_Niesmiertelni_0057-1068x711.jpg 1068w, https:\/\/gazetaregionalna.com\/wp-content\/uploads\/2022\/07\/I_Festiwal_Machalica_Niesmiertelni_0057-1920x1277.jpg 1920w, https:\/\/gazetaregionalna.com\/wp-content\/uploads\/2022\/07\/I_Festiwal_Machalica_Niesmiertelni_0057-631x420.jpg 631w, https:\/\/gazetaregionalna.com\/wp-content\/uploads\/2022\/07\/I_Festiwal_Machalica_Niesmiertelni_0057-scaled.jpg 1600w\" data-sizes=\"(max-width: 1024px) 100vw, 1024px\" src=\"data:image\/svg+xml;base64,PHN2ZyB3aWR0aD0iMSIgaGVpZ2h0PSIxIiB4bWxucz0iaHR0cDovL3d3dy53My5vcmcvMjAwMC9zdmciPjwvc3ZnPg==\" style=\"--smush-placeholder-width: 1024px; --smush-placeholder-aspect-ratio: 1024\/681;\" \/><figcaption>Spotkanie z cyklu &#8222;Nie\u015bmiertelni&#8221; po\u015bwi\u0119cone Piotrowi Machalicy (fot. Adam Rygalik\/Miejska Galeria Sztuki)<\/figcaption><\/figure>\n\n\n\n<p>-Tytu\u0142 zrodzi\u0142 si\u0119 sam: \u201eNie\u015bmiertelni\u201d.\u00a0Wsp\u00f3\u0142pracowa\u0142am\u00a0wtedy z Programem III Polskiego Radia\u00a0i zaproponowa\u0142am udzia\u0142 w projekcie Piotrowi Metzowi. Zgodzi\u0142 si\u0119, i osobi\u015bcie zaanga\u017cowa\u0142 w tworzenie cyklu, rozbudowuj\u0105c list\u0119 zaproszonych do\u00a0 wydarze\u0144\u00a0go\u015bci, i tak o tw\u00f3rczo\u015bci Prince\u2019a opowiada\u0142 wraz z Olkiem Klepaczem. P\u00f3\u017aniej dosz\u0142o do wsp\u00f3\u0142pracy z Arturem Andrusem i Wojciechem Karolakiem, kt\u00f3rzy wspominali Mari\u0119 Czubaszek. Z kolei Jan Chojnacki da\u0142 si\u0119 zaprosi\u0107 na spotkanie dedykowane BB Kingowi, na scenie wyst\u0105pi\u0142 zesp\u00f3\u0142 Forsal i od tego momentu towarzyszy nam ju\u017c muzyka na \u017cywo &#8211; dodaje Anna Paleczek-Szumlas.<\/p>\n\n\n\n<p><a href=\"https:\/\/gazetaregionalna.com\/festiwal-im-piotra-machalicy-dzien-drugi\/\">Spotkanie<\/a> pod tym szyldem wpisa\u0142o si\u0119 r\u00f3wnie\u017c w program I Festiwalu im. Piotra Machalicy. Wydarzenie poprowadzi\u0142 Robert Doros\u0142awski, a wybitnego aktora wspominali m.in. Magda Umer i Krzysztof Materna.<\/p>\n\n\n\n<p>Teraz pora na spotkanie, kt\u00f3rego bohaterem b\u0119dzie Witkacy i jego s\u0142ynna &#8222;Szalona lokomotywa&#8221;. Wydarzenie zaplanowano na \u015brod\u0119, 20 lipca na godz. 20.30. Bilety kosztuj\u0105 20 z\u0142 i mo\u017cna o nie pyta\u0107 w kasie MGS (Al. NMP 64). Szczeg\u00f3\u0142y: <a href=\"https:\/\/galeria.czest.pl\/\" target=\"_blank\" rel=\"noopener\">galeria.czest.pl<\/a>.<\/p>\n\n\n\n<figure class=\"wp-block-image size-large\"><img decoding=\"async\" width=\"703\" height=\"1024\" data-src=\"https:\/\/gazetaregionalna.com\/wp-content\/uploads\/2022\/07\/Niesmiertelni2-703x1024.jpg\" alt=\"\" class=\"wp-image-86621 lazyload\" data-srcset=\"https:\/\/gazetaregionalna.com\/wp-content\/uploads\/2022\/07\/Niesmiertelni2-703x1024.jpg 703w, https:\/\/gazetaregionalna.com\/wp-content\/uploads\/2022\/07\/Niesmiertelni2-206x300.jpg 206w, https:\/\/gazetaregionalna.com\/wp-content\/uploads\/2022\/07\/Niesmiertelni2-768x1118.jpg 768w, https:\/\/gazetaregionalna.com\/wp-content\/uploads\/2022\/07\/Niesmiertelni2-1055x1536.jpg 1055w, https:\/\/gazetaregionalna.com\/wp-content\/uploads\/2022\/07\/Niesmiertelni2-696x1013.jpg 696w, https:\/\/gazetaregionalna.com\/wp-content\/uploads\/2022\/07\/Niesmiertelni2-1068x1555.jpg 1068w, https:\/\/gazetaregionalna.com\/wp-content\/uploads\/2022\/07\/Niesmiertelni2-288x420.jpg 288w, https:\/\/gazetaregionalna.com\/wp-content\/uploads\/2022\/07\/Niesmiertelni2.jpg 1099w\" data-sizes=\"(max-width: 703px) 100vw, 703px\" src=\"data:image\/svg+xml;base64,PHN2ZyB3aWR0aD0iMSIgaGVpZ2h0PSIxIiB4bWxucz0iaHR0cDovL3d3dy53My5vcmcvMjAwMC9zdmciPjwvc3ZnPg==\" style=\"--smush-placeholder-width: 703px; --smush-placeholder-aspect-ratio: 703\/1024;\" \/><figcaption>&#8222;Nie\u015bmiertelni&#8221; (mat. MGS)<\/figcaption><\/figure>\n\n\n\n<p>Przypomnijmy, \u017ce legendarny spektakl w Teatrze STU wyre\u017cyserowany przez Krzysztofa Jasi\u0144skiego by\u0142 pierwszym polskim musicalem stworzonym do tekst\u00f3w Stanis\u0142awa Ignacego Witkiewicza. Fascynuj\u0105c\u0105 muzyk\u0119 do spektaklu skomponowali Marek Grechuta oraz Jan Kanty Pawlu\u015bkiewicz. W wymiennej obsadzie spektaklu znale\u017ali si\u0119 m.in. Maryla Rodowicz, Marek Grechuta W\u0142odzimierz Jasi\u0144ski, Irena Szymczykiewicz, Zofia Niwi\u0144ska, Jerzy Stuhr, Barbara Kruk-Solecka, Halina Wyrodek. Premiera spektaklu odby\u0142a si\u0119 w namiocie przy ulicy Rydla w Krakowie, 17 sierpnia 1977 r., \u201eSzalona lokomotywa\u201d by\u0142a te\u017c prezentowana go\u015bcinnie w namiocie cyrkowym w Warszawie.<\/p>\n\n\n\n<h4 class=\"wp-block-heading\">Rozmowa z Janem Kantym Pawlu\u015bkiewiczem<\/h4>\n\n\n\n<p>Kulisy powstawania tego spektaklu i praca nad muzyk\u0105 do tekst\u00f3w Witkacego b\u0119d\u0105 tematem rozmowy z Janem Kantym Pawlu\u015bkiewiczem. Z kompozytorem muzyki teatralnej, filmowej i kabaretowej, tw\u00f3rc\u0105 monumentalnych dzie\u0142 oratoryjno-kantatowych i pianist\u0105 rozmawia\u0107 b\u0119dzie wspomniany ju\u017c dziennikarz muzyczny Piotr Metz (on-line). Scenografi\u0119 spotkania stanowi\u0107 b\u0119d\u0105 oryginalne plakaty &#8222;Szalonej lokomotywy&#8221; pochodz\u0105ce ze zbior\u00f3w redaktora.<\/p>\n\n\n\n<p>Na zako\u0144czenie spotkania odb\u0119dzie si\u0119 projekcja odnowionej wersji filmu &#8222;Witkacy pod namiotem, czyli szalona lokomotywa w Teatrze STU w inscenizacji Krzysztofa Jasi\u0144skiego&#8221;. Film dokumentalny z cyklu \u201eAnatomia spektaklu\u201d w re\u017cyserii Krzysztofa Miklaszewskiego zaliczany do czo\u0142owej dwudziestki polskich film\u00f3w dokumentalnych lat 70. To reporta\u017c o legendarnym musicalu zrealizowanym w legendarnym teatrze. Film jest zapisem procesu powstawania dzie\u0142a i ukazuje ogrom pracy jak\u0105 aktorzy, muzycy, scenarzy\u015bci i re\u017cyser musieli w\u0142o\u017cy\u0107 w przygotowanie tego zaskakuj\u0105cego przedstawienia.<\/p>\n\n\n\n<p><strong>Zuzanna Suliga<\/strong><\/p>\n","protected":false},"excerpt":{"rendered":"<p>Na pocz\u0105tku lipca w ramach cyklu &#8222;Nie\u015bmiertelni&#8221; w Miejskiej Galerii Sztuki wspominano Piotra Machalic\u0119. Teraz przyjdzie pora na spotkanie dotycz\u0105ce Witkacego i s\u0142ynnego spektaklu<\/p>\n","protected":false},"author":18,"featured_media":86620,"comment_status":"closed","ping_status":"open","sticky":false,"template":"","format":"standard","meta":{"_monsterinsights_skip_tracking":false,"_monsterinsights_sitenote_active":false,"_monsterinsights_sitenote_note":"","_monsterinsights_sitenote_category":0,"_uf_show_specific_survey":0,"_uf_disable_surveys":false,"footnotes":""},"categories":[12,3,94,2],"tags":[2388,643,5402,2595],"class_list":["post-86613","post","type-post","status-publish","format-standard","has-post-thumbnail","hentry","category-kultura-i-rozrywka","category-czestochowa-informacje","category-polecane","category-wiadomosci","tag-anna-paleczek-szumlas","tag-miejska-galeria-sztuki","tag-niesmiertelni","tag-piotr-metz"],"_links":{"self":[{"href":"https:\/\/gazetaregionalna.com\/index.php?rest_route=\/wp\/v2\/posts\/86613","targetHints":{"allow":["GET"]}}],"collection":[{"href":"https:\/\/gazetaregionalna.com\/index.php?rest_route=\/wp\/v2\/posts"}],"about":[{"href":"https:\/\/gazetaregionalna.com\/index.php?rest_route=\/wp\/v2\/types\/post"}],"author":[{"embeddable":true,"href":"https:\/\/gazetaregionalna.com\/index.php?rest_route=\/wp\/v2\/users\/18"}],"replies":[{"embeddable":true,"href":"https:\/\/gazetaregionalna.com\/index.php?rest_route=%2Fwp%2Fv2%2Fcomments&post=86613"}],"version-history":[{"count":7,"href":"https:\/\/gazetaregionalna.com\/index.php?rest_route=\/wp\/v2\/posts\/86613\/revisions"}],"predecessor-version":[{"id":86622,"href":"https:\/\/gazetaregionalna.com\/index.php?rest_route=\/wp\/v2\/posts\/86613\/revisions\/86622"}],"wp:featuredmedia":[{"embeddable":true,"href":"https:\/\/gazetaregionalna.com\/index.php?rest_route=\/wp\/v2\/media\/86620"}],"wp:attachment":[{"href":"https:\/\/gazetaregionalna.com\/index.php?rest_route=%2Fwp%2Fv2%2Fmedia&parent=86613"}],"wp:term":[{"taxonomy":"category","embeddable":true,"href":"https:\/\/gazetaregionalna.com\/index.php?rest_route=%2Fwp%2Fv2%2Fcategories&post=86613"},{"taxonomy":"post_tag","embeddable":true,"href":"https:\/\/gazetaregionalna.com\/index.php?rest_route=%2Fwp%2Fv2%2Ftags&post=86613"}],"curies":[{"name":"wp","href":"https:\/\/api.w.org\/{rel}","templated":true}]}}