{"id":86586,"date":"2022-07-13T19:09:15","date_gmt":"2022-07-13T19:09:15","guid":{"rendered":"https:\/\/gazetaregionalna.com\/?p=86586"},"modified":"2022-07-13T19:09:16","modified_gmt":"2022-07-13T19:09:16","slug":"trener-rakowa-marek-papszun-przed-piatkowym-meczem-z-warta-poznan","status":"publish","type":"post","link":"https:\/\/gazetaregionalna.com\/?p=86586","title":{"rendered":"Trener Rakowa Marek Papszun przed pi\u0105tkowym meczem z Wart\u0105 Pozna\u0144"},"content":{"rendered":"\n<p>&#8211; Musimy zagra\u0107 na swoim poziomie z dobry zaanga\u017cowaniem i w ten spos\u00f3b wygra\u0107 ten mecz \u2013 m\u00f3wi przed pi\u0105tkow\u0105 inauguracj\u0105 sezonu w PKO BP Ekstraklasie i meczem z Wart\u0105 Pozna\u0144 trener Rakowa Marek Papszun.<\/p>\n\n\n\n<p>&#8211; Dzie\u0144 dobry \u2013 rozpocz\u0105\u0142 \u015brodow\u0105 konferencj\u0119 prasow\u0105 trener Rakowa Marek Papszun. &#8211; Na wst\u0119pie chcia\u0142bym jeszcze raz pogratulowa\u0107 wszystkim pracownikom, ca\u0142ej szatni, sztabowi, wszystkim ludziom pracuj\u0105cym w klubie, ale te\u017c ca\u0142ej spo\u0142eczno\u015bci i kibicom tego ostatniego trofeum [zdobycie Superpucharu Polski \u2013 red.]. Dobrego wej\u015bcia i rozpocz\u0119cia sezonu. Chcia\u0142bym, aby to by\u0142 taki motor nap\u0119dowy dla wszystkich zwi\u0105zanych z klubem. Aby ka\u017cdy do\u0142o\u017cy\u0142 cegie\u0142k\u0119 w tym kolejnym sezonie. Aby\u015bmy na tym nie poprzestali, aby\u015bmy takie chwile prze\u017cywali, ale tak jak m\u00f3wi\u0142em, musimy dalej mocno pracowa\u0107, bo nic nie jest dane na zawsze. Ale za ten triumf wszystkim gratuluj\u0119. Zaczynamy sezon. Tak jak powiedzia\u0142em. Tym meczem Superpucharu rozpocz\u0119li\u015bmy, teraz czekamy na zmagania ligowe.<\/p>\n\n\n\n<p>Pytania dotyczy\u0142y te\u017c inauguracji sezonu i pierwszego meczu z Wart\u0105 Pozna\u0144. &#8211; Zdajemy sobie spraw\u0119, \u017ce Warta mia\u0142a du\u017co czasu, aby przygotowa\u0107 si\u0119 do meczu z nami. Bo w\u0142a\u015bciwie ca\u0142y okres przygotowawczy mieli na przygotowanie do inauguracji, cho\u0107 oczywi\u015bcie nie ca\u0142y pod nas. To jest oczywiste. Ale ten tydzie\u0144, dwa, gdzie gra\u0142a z G\u00f3rnikiem, kt\u00f3ry te\u017c gra takim systemem, to b\u0119dzie mia\u0142a pomys\u0142. Ale my te\u017c mamy sw\u00f3j spos\u00f3b grania. Dopasowujemy go do ka\u017cdego rywala. Nie sadz\u0119, aby spos\u00f3b gry nas zaskoczy\u0142. Musimy zagra\u0107 na swoim poziomie z dobry zaanga\u017cowaniem i w ten spos\u00f3b wygra\u0107 ten mecz.<\/p>\n\n\n\n<p>Cz\u0119stochowski szkoleniowiec m\u00f3wi\u0142 te\u017c o nowych nabytkach Fabianie Piaseckim i Stratosie Svarnasie, kt\u00f3rzy wzmocnili Rak\u00f3w, ale nie zagrali w Superpucharze. &#8211; Fabian Piasecki mia\u0142 przykre sprawy rodzinne i nie by\u0142o go w kadrze \u2013 dodaje trener Papszun. &#8211; Staros rywalizuje. Jest blisko, nawet na r\u00f3wni z tymi graczami, co graj\u0105, ale gra\u0107 mo\u017ce trzech. Ze wzgl\u0119du na to, \u017ce jest kr\u00f3tko z nami to w tym meczu jeszcze nie gra\u0142. Postawi\u0142em na stabilizacj\u0119 i na zawodnik\u00f3w, kt\u00f3rzy d\u0142u\u017cej s\u0105 w klubie. To by\u0142 dla nas wa\u017cny mecz, kt\u00f3ry trzeba by\u0142o wygra\u0107 i tak si\u0119 sta\u0142o.<\/p>\n\n\n\n<p>Trener Rakowa potwierdzi\u0142 te\u017c, \u017ce Rak\u00f3w zainteresowany jest pozyskaniem pomocnika G\u00f3rnika Zabrze Bartosza Nowaka. &#8211; Jest nasze zainteresowanie. Publicznie ta informacja si\u0119 rozla\u0142a. Zobaczymy jak ta sprawa si\u0119 rozwinie.<\/p>\n\n\n\n<p>MR-K, foto: AK<\/p>\n\n\n\n<figure class=\"wp-block-image size-large\"><img decoding=\"async\" width=\"1024\" height=\"511\" data-src=\"https:\/\/gazetaregionalna.com\/wp-content\/uploads\/2022\/07\/Konferencja-Papszun-1-1024x511.jpg\" alt=\"\" class=\"wp-image-86587 lazyload\" data-srcset=\"https:\/\/gazetaregionalna.com\/wp-content\/uploads\/2022\/07\/Konferencja-Papszun-1-1024x511.jpg 1024w, https:\/\/gazetaregionalna.com\/wp-content\/uploads\/2022\/07\/Konferencja-Papszun-1-300x150.jpg 300w, https:\/\/gazetaregionalna.com\/wp-content\/uploads\/2022\/07\/Konferencja-Papszun-1-768x383.jpg 768w, https:\/\/gazetaregionalna.com\/wp-content\/uploads\/2022\/07\/Konferencja-Papszun-1-1536x766.jpg 1536w, https:\/\/gazetaregionalna.com\/wp-content\/uploads\/2022\/07\/Konferencja-Papszun-1-696x347.jpg 696w, https:\/\/gazetaregionalna.com\/wp-content\/uploads\/2022\/07\/Konferencja-Papszun-1-1068x532.jpg 1068w, https:\/\/gazetaregionalna.com\/wp-content\/uploads\/2022\/07\/Konferencja-Papszun-1-1920x957.jpg 1920w, https:\/\/gazetaregionalna.com\/wp-content\/uploads\/2022\/07\/Konferencja-Papszun-1-842x420.jpg 842w, https:\/\/gazetaregionalna.com\/wp-content\/uploads\/2022\/07\/Konferencja-Papszun-1-scaled.jpg 1600w\" data-sizes=\"(max-width: 1024px) 100vw, 1024px\" src=\"data:image\/svg+xml;base64,PHN2ZyB3aWR0aD0iMSIgaGVpZ2h0PSIxIiB4bWxucz0iaHR0cDovL3d3dy53My5vcmcvMjAwMC9zdmciPjwvc3ZnPg==\" style=\"--smush-placeholder-width: 1024px; --smush-placeholder-aspect-ratio: 1024\/511;\" \/><\/figure>\n\n\n\n<figure class=\"wp-block-image size-large\"><img decoding=\"async\" width=\"1024\" height=\"501\" data-src=\"https:\/\/gazetaregionalna.com\/wp-content\/uploads\/2022\/07\/Konferencja-Papszun-2-1024x501.jpg\" alt=\"\" class=\"wp-image-86588 lazyload\" data-srcset=\"https:\/\/gazetaregionalna.com\/wp-content\/uploads\/2022\/07\/Konferencja-Papszun-2-1024x501.jpg 1024w, https:\/\/gazetaregionalna.com\/wp-content\/uploads\/2022\/07\/Konferencja-Papszun-2-300x147.jpg 300w, https:\/\/gazetaregionalna.com\/wp-content\/uploads\/2022\/07\/Konferencja-Papszun-2-768x375.jpg 768w, https:\/\/gazetaregionalna.com\/wp-content\/uploads\/2022\/07\/Konferencja-Papszun-2-1536x751.jpg 1536w, https:\/\/gazetaregionalna.com\/wp-content\/uploads\/2022\/07\/Konferencja-Papszun-2-696x340.jpg 696w, https:\/\/gazetaregionalna.com\/wp-content\/uploads\/2022\/07\/Konferencja-Papszun-2-1068x522.jpg 1068w, https:\/\/gazetaregionalna.com\/wp-content\/uploads\/2022\/07\/Konferencja-Papszun-2-1920x938.jpg 1920w, https:\/\/gazetaregionalna.com\/wp-content\/uploads\/2022\/07\/Konferencja-Papszun-2-859x420.jpg 859w, https:\/\/gazetaregionalna.com\/wp-content\/uploads\/2022\/07\/Konferencja-Papszun-2-324x160.jpg 324w, https:\/\/gazetaregionalna.com\/wp-content\/uploads\/2022\/07\/Konferencja-Papszun-2-533x261.jpg 533w, https:\/\/gazetaregionalna.com\/wp-content\/uploads\/2022\/07\/Konferencja-Papszun-2-scaled.jpg 1600w\" data-sizes=\"(max-width: 1024px) 100vw, 1024px\" src=\"data:image\/svg+xml;base64,PHN2ZyB3aWR0aD0iMSIgaGVpZ2h0PSIxIiB4bWxucz0iaHR0cDovL3d3dy53My5vcmcvMjAwMC9zdmciPjwvc3ZnPg==\" style=\"--smush-placeholder-width: 1024px; --smush-placeholder-aspect-ratio: 1024\/501;\" \/><\/figure>\n\n\n\n<figure class=\"wp-block-image size-large\"><img decoding=\"async\" width=\"1024\" height=\"450\" data-src=\"https:\/\/gazetaregionalna.com\/wp-content\/uploads\/2022\/07\/Konferencja-Papszun-3-1024x450.jpg\" alt=\"\" class=\"wp-image-86589 lazyload\" data-srcset=\"https:\/\/gazetaregionalna.com\/wp-content\/uploads\/2022\/07\/Konferencja-Papszun-3-1024x450.jpg 1024w, https:\/\/gazetaregionalna.com\/wp-content\/uploads\/2022\/07\/Konferencja-Papszun-3-300x132.jpg 300w, https:\/\/gazetaregionalna.com\/wp-content\/uploads\/2022\/07\/Konferencja-Papszun-3-768x337.jpg 768w, https:\/\/gazetaregionalna.com\/wp-content\/uploads\/2022\/07\/Konferencja-Papszun-3-1536x674.jpg 1536w, https:\/\/gazetaregionalna.com\/wp-content\/uploads\/2022\/07\/Konferencja-Papszun-3-696x306.jpg 696w, https:\/\/gazetaregionalna.com\/wp-content\/uploads\/2022\/07\/Konferencja-Papszun-3-1068x469.jpg 1068w, https:\/\/gazetaregionalna.com\/wp-content\/uploads\/2022\/07\/Konferencja-Papszun-3-1920x843.jpg 1920w, https:\/\/gazetaregionalna.com\/wp-content\/uploads\/2022\/07\/Konferencja-Papszun-3-957x420.jpg 957w, https:\/\/gazetaregionalna.com\/wp-content\/uploads\/2022\/07\/Konferencja-Papszun-3-scaled.jpg 1600w\" data-sizes=\"(max-width: 1024px) 100vw, 1024px\" src=\"data:image\/svg+xml;base64,PHN2ZyB3aWR0aD0iMSIgaGVpZ2h0PSIxIiB4bWxucz0iaHR0cDovL3d3dy53My5vcmcvMjAwMC9zdmciPjwvc3ZnPg==\" style=\"--smush-placeholder-width: 1024px; --smush-placeholder-aspect-ratio: 1024\/450;\" \/><\/figure>\n\n\n\n<figure class=\"wp-block-image size-large\"><img decoding=\"async\" width=\"1024\" height=\"429\" data-src=\"https:\/\/gazetaregionalna.com\/wp-content\/uploads\/2022\/07\/Konferencja-Papszun-4-1024x429.jpg\" alt=\"\" class=\"wp-image-86590 lazyload\" data-srcset=\"https:\/\/gazetaregionalna.com\/wp-content\/uploads\/2022\/07\/Konferencja-Papszun-4-1024x429.jpg 1024w, https:\/\/gazetaregionalna.com\/wp-content\/uploads\/2022\/07\/Konferencja-Papszun-4-300x126.jpg 300w, https:\/\/gazetaregionalna.com\/wp-content\/uploads\/2022\/07\/Konferencja-Papszun-4-768x321.jpg 768w, https:\/\/gazetaregionalna.com\/wp-content\/uploads\/2022\/07\/Konferencja-Papszun-4-1536x643.jpg 1536w, https:\/\/gazetaregionalna.com\/wp-content\/uploads\/2022\/07\/Konferencja-Papszun-4-696x291.jpg 696w, https:\/\/gazetaregionalna.com\/wp-content\/uploads\/2022\/07\/Konferencja-Papszun-4-1068x447.jpg 1068w, https:\/\/gazetaregionalna.com\/wp-content\/uploads\/2022\/07\/Konferencja-Papszun-4-1920x803.jpg 1920w, https:\/\/gazetaregionalna.com\/wp-content\/uploads\/2022\/07\/Konferencja-Papszun-4-1004x420.jpg 1004w, https:\/\/gazetaregionalna.com\/wp-content\/uploads\/2022\/07\/Konferencja-Papszun-4-scaled.jpg 1600w\" data-sizes=\"(max-width: 1024px) 100vw, 1024px\" src=\"data:image\/svg+xml;base64,PHN2ZyB3aWR0aD0iMSIgaGVpZ2h0PSIxIiB4bWxucz0iaHR0cDovL3d3dy53My5vcmcvMjAwMC9zdmciPjwvc3ZnPg==\" style=\"--smush-placeholder-width: 1024px; --smush-placeholder-aspect-ratio: 1024\/429;\" \/><\/figure>\n\n\n\n<figure class=\"wp-block-image size-large\"><img decoding=\"async\" width=\"1024\" height=\"385\" data-src=\"https:\/\/gazetaregionalna.com\/wp-content\/uploads\/2022\/07\/Konferencja-Papszun-5-1024x385.jpg\" alt=\"\" class=\"wp-image-86591 lazyload\" data-srcset=\"https:\/\/gazetaregionalna.com\/wp-content\/uploads\/2022\/07\/Konferencja-Papszun-5-1024x385.jpg 1024w, https:\/\/gazetaregionalna.com\/wp-content\/uploads\/2022\/07\/Konferencja-Papszun-5-300x113.jpg 300w, https:\/\/gazetaregionalna.com\/wp-content\/uploads\/2022\/07\/Konferencja-Papszun-5-768x289.jpg 768w, https:\/\/gazetaregionalna.com\/wp-content\/uploads\/2022\/07\/Konferencja-Papszun-5-1536x578.jpg 1536w, https:\/\/gazetaregionalna.com\/wp-content\/uploads\/2022\/07\/Konferencja-Papszun-5-696x262.jpg 696w, https:\/\/gazetaregionalna.com\/wp-content\/uploads\/2022\/07\/Konferencja-Papszun-5-1068x402.jpg 1068w, https:\/\/gazetaregionalna.com\/wp-content\/uploads\/2022\/07\/Konferencja-Papszun-5-1920x722.jpg 1920w, https:\/\/gazetaregionalna.com\/wp-content\/uploads\/2022\/07\/Konferencja-Papszun-5-1117x420.jpg 1117w, https:\/\/gazetaregionalna.com\/wp-content\/uploads\/2022\/07\/Konferencja-Papszun-5-scaled.jpg 1600w\" data-sizes=\"(max-width: 1024px) 100vw, 1024px\" src=\"data:image\/svg+xml;base64,PHN2ZyB3aWR0aD0iMSIgaGVpZ2h0PSIxIiB4bWxucz0iaHR0cDovL3d3dy53My5vcmcvMjAwMC9zdmciPjwvc3ZnPg==\" style=\"--smush-placeholder-width: 1024px; --smush-placeholder-aspect-ratio: 1024\/385;\" \/><\/figure>\n\n\n\n<figure class=\"wp-block-image size-large\"><img decoding=\"async\" width=\"300\" height=\"250\" data-src=\"https:\/\/gazetaregionalna.com\/wp-content\/uploads\/2022\/04\/DMK-4.jpg\" alt=\"\" class=\"wp-image-77212 lazyload\" src=\"data:image\/svg+xml;base64,PHN2ZyB3aWR0aD0iMSIgaGVpZ2h0PSIxIiB4bWxucz0iaHR0cDovL3d3dy53My5vcmcvMjAwMC9zdmciPjwvc3ZnPg==\" style=\"--smush-placeholder-width: 300px; --smush-placeholder-aspect-ratio: 300\/250;\"><\/figure>\n","protected":false},"excerpt":{"rendered":"<p>&#8211; Musimy zagra\u0107 na swoim poziomie z dobry zaanga\u017cowaniem i w ten spos\u00f3b wygra\u0107 ten mecz \u2013 m\u00f3wi przed pi\u0105tkow\u0105 inauguracj\u0105 sezonu w PKO<\/p>\n","protected":false},"author":15,"featured_media":86589,"comment_status":"closed","ping_status":"open","sticky":false,"template":"","format":"standard","meta":{"_monsterinsights_skip_tracking":false,"_monsterinsights_sitenote_active":false,"_monsterinsights_sitenote_note":"","_monsterinsights_sitenote_category":0,"_uf_show_specific_survey":0,"_uf_disable_surveys":false,"footnotes":""},"categories":[94,6,5],"tags":[],"class_list":["post-86586","post","type-post","status-publish","format-standard","has-post-thumbnail","hentry","category-polecane","category-pilka-nozna","category-sport"],"_links":{"self":[{"href":"https:\/\/gazetaregionalna.com\/index.php?rest_route=\/wp\/v2\/posts\/86586","targetHints":{"allow":["GET"]}}],"collection":[{"href":"https:\/\/gazetaregionalna.com\/index.php?rest_route=\/wp\/v2\/posts"}],"about":[{"href":"https:\/\/gazetaregionalna.com\/index.php?rest_route=\/wp\/v2\/types\/post"}],"author":[{"embeddable":true,"href":"https:\/\/gazetaregionalna.com\/index.php?rest_route=\/wp\/v2\/users\/15"}],"replies":[{"embeddable":true,"href":"https:\/\/gazetaregionalna.com\/index.php?rest_route=%2Fwp%2Fv2%2Fcomments&post=86586"}],"version-history":[{"count":1,"href":"https:\/\/gazetaregionalna.com\/index.php?rest_route=\/wp\/v2\/posts\/86586\/revisions"}],"predecessor-version":[{"id":86592,"href":"https:\/\/gazetaregionalna.com\/index.php?rest_route=\/wp\/v2\/posts\/86586\/revisions\/86592"}],"wp:featuredmedia":[{"embeddable":true,"href":"https:\/\/gazetaregionalna.com\/index.php?rest_route=\/wp\/v2\/media\/86589"}],"wp:attachment":[{"href":"https:\/\/gazetaregionalna.com\/index.php?rest_route=%2Fwp%2Fv2%2Fmedia&parent=86586"}],"wp:term":[{"taxonomy":"category","embeddable":true,"href":"https:\/\/gazetaregionalna.com\/index.php?rest_route=%2Fwp%2Fv2%2Fcategories&post=86586"},{"taxonomy":"post_tag","embeddable":true,"href":"https:\/\/gazetaregionalna.com\/index.php?rest_route=%2Fwp%2Fv2%2Ftags&post=86586"}],"curies":[{"name":"wp","href":"https:\/\/api.w.org\/{rel}","templated":true}]}}