{"id":86583,"date":"2022-07-13T14:09:39","date_gmt":"2022-07-13T14:09:39","guid":{"rendered":"https:\/\/gazetaregionalna.com\/?p=86583"},"modified":"2022-07-13T14:09:39","modified_gmt":"2022-07-13T14:09:39","slug":"fredrik-lindgren-wraca-na-piatkowy-mecz-zielona-energia-com-wlokniarz-z-arged-malesa-ostrow-wielkopolski","status":"publish","type":"post","link":"https:\/\/gazetaregionalna.com\/?p=86583","title":{"rendered":"Fredrik Lindgren wraca na pi\u0105tkowy mecz zielona-energia.com W\u0142\u00f3kniarz z Arged Malesa Ostr\u00f3w Wielkopolski"},"content":{"rendered":"\n<p>Trzy kolejki pozosta\u0142y \u017cu\u017clowcom zielona-energia.com W\u0142\u00f3kniarz do zako\u0144czenia rundy zasadniczej w PGE Ekstralidze. W pi\u0105tek o godz. 18 cz\u0119stochowianie podejmuj\u0105 outsidera rozgrywek Arged Malesa Ostr\u00f3w Wielkopolski, a kibice oczekuj\u0105 zdecydowanego zwyci\u0119stwa.<\/p>\n\n\n\n<p>Runda zasadnicza w PGE Ekstralidze powoli zmierza do ko\u0144ca. Przed dru\u017cynami jeszcze tylko 3 kolejki i walka o jak najlepsze miejsce przed play-off, do kt\u00f3rego zakwalifikuje si\u0119 w tym sezonie 6 zespo\u0142\u00f3w. \u017bu\u017clowcy zielona-energia.com W\u0142\u00f3kniarz zajmuj\u0105 po 11 kolejkach 4. miejsce w tabeli PGE Ekstraligi. Cz\u0119stochowianie maj\u0105 na koncie 15 punkt\u00f3w, tak jak 3. w tabeli Fogo Unia Leszno. Do drugiej w tabeli Stali Gorz\u00f3w Unia i W\u0142\u00f3kniarz trac\u0105 po 2 punkty, a nad 5. Apatorem Toru\u0144 maj\u0105 3 punkty przewagi.<\/p>\n\n\n\n<p>\u017bu\u017clowcy zielona-energia.com w trzech ostatnich meczach rundy zasadniczej dwa razy pojad\u0105 u siebie i raz na wyje\u017adzie. W najbli\u017cszy pi\u0105tek o godz. 18 W\u0142\u00f3kniarz podejmuje najs\u0142abszy zesp\u00f3\u0142 sezonu Arged Malesa Ostr\u00f3w Wielkopolski. Beniaminek PGE Ekstraligi przegra\u0142 wszystkie 11 spotka\u0144 i zdecydowanie odstaje poziomem od reszty zespo\u0142\u00f3w. Dlatego cz\u0119stochowscy kibice spodziewaj\u0105 si\u0119 zdecydowanego zwyci\u0119stwa \u201eLw\u00f3w\u201d.<\/p>\n\n\n\n<p>Do sk\u0142adu zielona-energia.com W\u0142\u00f3kniarz ma wr\u00f3ci\u0107 Szwed Fredrik Lindgren, kt\u00f3ry problemy zdrowotne ma najwyra\u017aniej za sob\u0105.<\/p>\n\n\n\n<p>24 lipca W\u0142\u00f3kniarz odjedzie u siebie ostatni mecz rundy zasadniczej. Cz\u0119stochowianie podejmowa\u0107 zdecydowanego lidera Motor Lublin, kt\u00f3ry nie przegra\u0142 jeszcze meczu. Zwyci\u0119stwo w tym spotkaniu mo\u017ce mie\u0107 dla W\u0142\u00f3kniarz ogromne znaczenie. Cz\u0119stochowianie rund\u0119 zasadnicz\u0105 zako\u0144cz\u0105 5 sierpnia w Lesznie.<\/p>\n\n\n\n<p>Pi\u0105tkowy mecz zaplanowany jest o godz. 18. Dzia\u0142acze W\u0142\u00f3kniarza zach\u0119caj\u0105 do zakupu bilet\u00f3w w przedsprzeda\u017cy, kt\u00f3re b\u0119d\u0105 10 z\u0142 ta\u0144sze ni\u017c w dniu meczu.<\/p>\n\n\n\n<p><strong>AK<\/strong>, foto: <strong>AK<\/strong><\/p>\n\n\n\n<p>Awizowane sk\u0142ady<\/p>\n\n\n\n<p>zielona-energia.com W\u0142\u00f3kniarz Cz\u0119stochowa:<\/p>\n\n\n\n<p>9. Leon Madsen<\/p>\n\n\n\n<p>10. Bartosz Smekta\u0142a<\/p>\n\n\n\n<p>11. Kacper Woryna<\/p>\n\n\n\n<p>12. Jonas Jeppesen<\/p>\n\n\n\n<p>13. Fredrik Lindgren<\/p>\n\n\n\n<p>14. Mateusz \u015awidnicki<\/p>\n\n\n\n<p>15. Jakub Mi\u015bkowiak<\/p>\n\n\n\n<p>Arged Malesa Ostr\u00f3w Wielkopolski:<\/p>\n\n\n\n<p>1. Oliver Berntzon<\/p>\n\n\n\n<p>2. Jakub Poczta<\/p>\n\n\n\n<p>3. Tomasz Gapi\u0144ski<\/p>\n\n\n\n<p>4. Grzegorz Walasek<\/p>\n\n\n\n<p>5. Chris Holder<\/p>\n\n\n\n<p>6. Jakub Krawczyk<\/p>\n\n\n\n<p>7. Kacper Grzelak<\/p>\n\n\n\n<figure class=\"wp-block-image size-large\"><img decoding=\"async\" width=\"1024\" height=\"683\" data-src=\"https:\/\/gazetaregionalna.com\/wp-content\/uploads\/2022\/06\/CKM-Gorzow-55-1024x683.jpg\" alt=\"\" class=\"wp-image-84473 lazyload\" data-srcset=\"https:\/\/gazetaregionalna.com\/wp-content\/uploads\/2022\/06\/CKM-Gorzow-55-1024x683.jpg 1024w, https:\/\/gazetaregionalna.com\/wp-content\/uploads\/2022\/06\/CKM-Gorzow-55-300x200.jpg 300w, https:\/\/gazetaregionalna.com\/wp-content\/uploads\/2022\/06\/CKM-Gorzow-55-768x512.jpg 768w, https:\/\/gazetaregionalna.com\/wp-content\/uploads\/2022\/06\/CKM-Gorzow-55-1536x1024.jpg 1536w, https:\/\/gazetaregionalna.com\/wp-content\/uploads\/2022\/06\/CKM-Gorzow-55-2048x1366.jpg 2048w, https:\/\/gazetaregionalna.com\/wp-content\/uploads\/2022\/06\/CKM-Gorzow-55-696x464.jpg 696w, https:\/\/gazetaregionalna.com\/wp-content\/uploads\/2022\/06\/CKM-Gorzow-55-1068x712.jpg 1068w, https:\/\/gazetaregionalna.com\/wp-content\/uploads\/2022\/06\/CKM-Gorzow-55-1920x1280.jpg 1920w, https:\/\/gazetaregionalna.com\/wp-content\/uploads\/2022\/06\/CKM-Gorzow-55-630x420.jpg 630w, https:\/\/gazetaregionalna.com\/wp-content\/uploads\/2022\/06\/CKM-Gorzow-55-scaled.jpg 1600w\" data-sizes=\"(max-width: 1024px) 100vw, 1024px\" src=\"data:image\/svg+xml;base64,PHN2ZyB3aWR0aD0iMSIgaGVpZ2h0PSIxIiB4bWxucz0iaHR0cDovL3d3dy53My5vcmcvMjAwMC9zdmciPjwvc3ZnPg==\" style=\"--smush-placeholder-width: 1024px; --smush-placeholder-aspect-ratio: 1024\/683;\" \/><\/figure>\n\n\n\n<figure class=\"wp-block-image size-large\"><img decoding=\"async\" width=\"1024\" height=\"683\" data-src=\"https:\/\/gazetaregionalna.com\/wp-content\/uploads\/2022\/06\/CKM-Gorzow-19-1024x683.jpg\" alt=\"\" class=\"wp-image-84465 lazyload\" data-srcset=\"https:\/\/gazetaregionalna.com\/wp-content\/uploads\/2022\/06\/CKM-Gorzow-19-1024x683.jpg 1024w, https:\/\/gazetaregionalna.com\/wp-content\/uploads\/2022\/06\/CKM-Gorzow-19-300x200.jpg 300w, https:\/\/gazetaregionalna.com\/wp-content\/uploads\/2022\/06\/CKM-Gorzow-19-768x512.jpg 768w, https:\/\/gazetaregionalna.com\/wp-content\/uploads\/2022\/06\/CKM-Gorzow-19-1536x1024.jpg 1536w, https:\/\/gazetaregionalna.com\/wp-content\/uploads\/2022\/06\/CKM-Gorzow-19-2048x1366.jpg 2048w, https:\/\/gazetaregionalna.com\/wp-content\/uploads\/2022\/06\/CKM-Gorzow-19-696x464.jpg 696w, https:\/\/gazetaregionalna.com\/wp-content\/uploads\/2022\/06\/CKM-Gorzow-19-1068x712.jpg 1068w, https:\/\/gazetaregionalna.com\/wp-content\/uploads\/2022\/06\/CKM-Gorzow-19-1920x1280.jpg 1920w, https:\/\/gazetaregionalna.com\/wp-content\/uploads\/2022\/06\/CKM-Gorzow-19-630x420.jpg 630w, https:\/\/gazetaregionalna.com\/wp-content\/uploads\/2022\/06\/CKM-Gorzow-19-scaled.jpg 1600w\" data-sizes=\"(max-width: 1024px) 100vw, 1024px\" src=\"data:image\/svg+xml;base64,PHN2ZyB3aWR0aD0iMSIgaGVpZ2h0PSIxIiB4bWxucz0iaHR0cDovL3d3dy53My5vcmcvMjAwMC9zdmciPjwvc3ZnPg==\" style=\"--smush-placeholder-width: 1024px; --smush-placeholder-aspect-ratio: 1024\/683;\" \/><\/figure>\n\n\n\n<figure class=\"wp-block-image size-large\"><img decoding=\"async\" width=\"1024\" height=\"683\" data-src=\"https:\/\/gazetaregionalna.com\/wp-content\/uploads\/2022\/06\/CKM-Gorzow-45-1024x683.jpg\" alt=\"\" class=\"wp-image-84470 lazyload\" data-srcset=\"https:\/\/gazetaregionalna.com\/wp-content\/uploads\/2022\/06\/CKM-Gorzow-45-1024x683.jpg 1024w, https:\/\/gazetaregionalna.com\/wp-content\/uploads\/2022\/06\/CKM-Gorzow-45-300x200.jpg 300w, https:\/\/gazetaregionalna.com\/wp-content\/uploads\/2022\/06\/CKM-Gorzow-45-768x512.jpg 768w, https:\/\/gazetaregionalna.com\/wp-content\/uploads\/2022\/06\/CKM-Gorzow-45-1536x1024.jpg 1536w, https:\/\/gazetaregionalna.com\/wp-content\/uploads\/2022\/06\/CKM-Gorzow-45-2048x1365.jpg 2048w, https:\/\/gazetaregionalna.com\/wp-content\/uploads\/2022\/06\/CKM-Gorzow-45-696x464.jpg 696w, https:\/\/gazetaregionalna.com\/wp-content\/uploads\/2022\/06\/CKM-Gorzow-45-1068x712.jpg 1068w, https:\/\/gazetaregionalna.com\/wp-content\/uploads\/2022\/06\/CKM-Gorzow-45-1920x1280.jpg 1920w, https:\/\/gazetaregionalna.com\/wp-content\/uploads\/2022\/06\/CKM-Gorzow-45-630x420.jpg 630w, https:\/\/gazetaregionalna.com\/wp-content\/uploads\/2022\/06\/CKM-Gorzow-45-scaled.jpg 1600w\" data-sizes=\"(max-width: 1024px) 100vw, 1024px\" src=\"data:image\/svg+xml;base64,PHN2ZyB3aWR0aD0iMSIgaGVpZ2h0PSIxIiB4bWxucz0iaHR0cDovL3d3dy53My5vcmcvMjAwMC9zdmciPjwvc3ZnPg==\" style=\"--smush-placeholder-width: 1024px; --smush-placeholder-aspect-ratio: 1024\/683;\" \/><\/figure>\n\n\n\n<figure class=\"wp-block-image size-large\"><img decoding=\"async\" width=\"300\" height=\"250\" data-src=\"https:\/\/gazetaregionalna.com\/wp-content\/uploads\/2022\/04\/DMK-5.jpg\" alt=\"\" class=\"wp-image-77213 lazyload\" src=\"data:image\/svg+xml;base64,PHN2ZyB3aWR0aD0iMSIgaGVpZ2h0PSIxIiB4bWxucz0iaHR0cDovL3d3dy53My5vcmcvMjAwMC9zdmciPjwvc3ZnPg==\" style=\"--smush-placeholder-width: 300px; --smush-placeholder-aspect-ratio: 300\/250;\"><\/figure>\n\n\n\n<figure class=\"wp-block-image size-large\"><img decoding=\"async\" width=\"1024\" height=\"683\" data-src=\"https:\/\/gazetaregionalna.com\/wp-content\/uploads\/2022\/06\/CKM-Gorzow-0-1024x683.jpg\" alt=\"\" class=\"wp-image-84460 lazyload\" data-srcset=\"https:\/\/gazetaregionalna.com\/wp-content\/uploads\/2022\/06\/CKM-Gorzow-0-1024x683.jpg 1024w, https:\/\/gazetaregionalna.com\/wp-content\/uploads\/2022\/06\/CKM-Gorzow-0-300x200.jpg 300w, https:\/\/gazetaregionalna.com\/wp-content\/uploads\/2022\/06\/CKM-Gorzow-0-768x512.jpg 768w, https:\/\/gazetaregionalna.com\/wp-content\/uploads\/2022\/06\/CKM-Gorzow-0-1536x1024.jpg 1536w, https:\/\/gazetaregionalna.com\/wp-content\/uploads\/2022\/06\/CKM-Gorzow-0-2048x1365.jpg 2048w, https:\/\/gazetaregionalna.com\/wp-content\/uploads\/2022\/06\/CKM-Gorzow-0-696x464.jpg 696w, https:\/\/gazetaregionalna.com\/wp-content\/uploads\/2022\/06\/CKM-Gorzow-0-1068x712.jpg 1068w, https:\/\/gazetaregionalna.com\/wp-content\/uploads\/2022\/06\/CKM-Gorzow-0-1920x1280.jpg 1920w, https:\/\/gazetaregionalna.com\/wp-content\/uploads\/2022\/06\/CKM-Gorzow-0-630x420.jpg 630w, https:\/\/gazetaregionalna.com\/wp-content\/uploads\/2022\/06\/CKM-Gorzow-0-scaled.jpg 1600w\" data-sizes=\"(max-width: 1024px) 100vw, 1024px\" src=\"data:image\/svg+xml;base64,PHN2ZyB3aWR0aD0iMSIgaGVpZ2h0PSIxIiB4bWxucz0iaHR0cDovL3d3dy53My5vcmcvMjAwMC9zdmciPjwvc3ZnPg==\" style=\"--smush-placeholder-width: 1024px; --smush-placeholder-aspect-ratio: 1024\/683;\" \/><\/figure>\n\n\n\n<figure class=\"wp-block-image size-large\"><img decoding=\"async\" width=\"300\" height=\"250\" data-src=\"https:\/\/gazetaregionalna.com\/wp-content\/uploads\/2022\/04\/DMK-4.jpg\" alt=\"\" class=\"wp-image-77212 lazyload\" src=\"data:image\/svg+xml;base64,PHN2ZyB3aWR0aD0iMSIgaGVpZ2h0PSIxIiB4bWxucz0iaHR0cDovL3d3dy53My5vcmcvMjAwMC9zdmciPjwvc3ZnPg==\" style=\"--smush-placeholder-width: 300px; --smush-placeholder-aspect-ratio: 300\/250;\"><\/figure>\n","protected":false},"excerpt":{"rendered":"<p>Trzy kolejki pozosta\u0142y \u017cu\u017clowcom zielona-energia.com W\u0142\u00f3kniarz do zako\u0144czenia rundy zasadniczej w PGE Ekstralidze. W pi\u0105tek o godz. 18 cz\u0119stochowianie podejmuj\u0105 outsidera rozgrywek Arged Malesa<\/p>\n","protected":false},"author":15,"featured_media":84473,"comment_status":"closed","ping_status":"open","sticky":false,"template":"","format":"standard","meta":{"_monsterinsights_skip_tracking":false,"_monsterinsights_sitenote_active":false,"_monsterinsights_sitenote_note":"","_monsterinsights_sitenote_category":0,"_uf_show_specific_survey":0,"_uf_disable_surveys":false,"footnotes":""},"categories":[5,7],"tags":[],"class_list":["post-86583","post","type-post","status-publish","format-standard","has-post-thumbnail","hentry","category-sport","category-zuzel"],"_links":{"self":[{"href":"https:\/\/gazetaregionalna.com\/index.php?rest_route=\/wp\/v2\/posts\/86583","targetHints":{"allow":["GET"]}}],"collection":[{"href":"https:\/\/gazetaregionalna.com\/index.php?rest_route=\/wp\/v2\/posts"}],"about":[{"href":"https:\/\/gazetaregionalna.com\/index.php?rest_route=\/wp\/v2\/types\/post"}],"author":[{"embeddable":true,"href":"https:\/\/gazetaregionalna.com\/index.php?rest_route=\/wp\/v2\/users\/15"}],"replies":[{"embeddable":true,"href":"https:\/\/gazetaregionalna.com\/index.php?rest_route=%2Fwp%2Fv2%2Fcomments&post=86583"}],"version-history":[{"count":1,"href":"https:\/\/gazetaregionalna.com\/index.php?rest_route=\/wp\/v2\/posts\/86583\/revisions"}],"predecessor-version":[{"id":86584,"href":"https:\/\/gazetaregionalna.com\/index.php?rest_route=\/wp\/v2\/posts\/86583\/revisions\/86584"}],"wp:featuredmedia":[{"embeddable":true,"href":"https:\/\/gazetaregionalna.com\/index.php?rest_route=\/wp\/v2\/media\/84473"}],"wp:attachment":[{"href":"https:\/\/gazetaregionalna.com\/index.php?rest_route=%2Fwp%2Fv2%2Fmedia&parent=86583"}],"wp:term":[{"taxonomy":"category","embeddable":true,"href":"https:\/\/gazetaregionalna.com\/index.php?rest_route=%2Fwp%2Fv2%2Fcategories&post=86583"},{"taxonomy":"post_tag","embeddable":true,"href":"https:\/\/gazetaregionalna.com\/index.php?rest_route=%2Fwp%2Fv2%2Ftags&post=86583"}],"curies":[{"name":"wp","href":"https:\/\/api.w.org\/{rel}","templated":true}]}}