{"id":86548,"date":"2022-07-13T09:53:47","date_gmt":"2022-07-13T09:53:47","guid":{"rendered":"https:\/\/gazetaregionalna.com\/?p=86548"},"modified":"2022-07-13T09:53:48","modified_gmt":"2022-07-13T09:53:48","slug":"debiut-w-reprezentacji-polski-z-polonii-poraj","status":"publish","type":"post","link":"https:\/\/gazetaregionalna.com\/?p=86548","title":{"rendered":"Debiut w Reprezentacji Polski z Polonii Poraj"},"content":{"rendered":"\n<h2 class=\"wp-block-heading\">Bokser Robert Czechowski, m\u0142odzik z Polonii Poraj, otrzyma\u0142 od trenera selekcjonera Zenona Jagie\u0142\u0142o szanse trenowania z reprezentantami Polski. By\u0142 to okres szczeg\u00f3lnych przygotowa\u0144 do mecz\u00f3w bokserskich z dru\u017cynami Ukrainy, Litwy i Czech.<\/h2>\n\n\n\n<p>Polscy 14-latkowie na zako\u0144czenie obozu spotkali si\u0119 z dru\u017cyn\u0105 Ukrainy. <strong>Mecz <\/strong>odby\u0142 si\u0119 <strong>na ringu w Jedwabne<\/strong>, w niedziel\u0119 <strong>3 lipca<\/strong>. Przed meczem zawodnicy Polski i Ukrainy wzi\u0119li udzia\u0142 we mszy \u015bwi\u0119tej w miejscowym Ko\u015bciele Parafialnym.<\/p>\n\n\n\n<p>Robert Czechowski walczy\u0142 w meczu w wadze do <strong>66kg<\/strong> z przedstawicielem \u00a0Ukrainy Antonem Perebitnysem. Robert ci\u0105gle atakowa\u0142 i dominowa\u0142 nad swoim rywalem we wszystkich trzech rundach. Decyzj\u0105 s\u0119dzi\u00f3w <strong>wygra\u0142 <\/strong>jednog\u0142o\u015bnie <strong>3.0 na punkty<\/strong>.<\/p>\n\n\n\n<figure class=\"wp-block-gallery columns-3 is-cropped wp-block-gallery-1 is-layout-flex wp-block-gallery-is-layout-flex\"><ul class=\"blocks-gallery-grid\"><li class=\"blocks-gallery-item\"><figure><a href=\"https:\/\/gazetaregionalna.com\/wp-content\/uploads\/2022\/07\/3-17.jpg\"><img decoding=\"async\" width=\"1024\" height=\"768\" data-src=\"https:\/\/gazetaregionalna.com\/wp-content\/uploads\/2022\/07\/3-17-1024x768.jpg\" alt=\"\" data-id=\"86549\" data-full-url=\"https:\/\/gazetaregionalna.com\/wp-content\/uploads\/2022\/07\/3-17.jpg\" data-link=\"https:\/\/gazetaregionalna.com\/?attachment_id=86549\" class=\"wp-image-86549 lazyload\" data-srcset=\"https:\/\/gazetaregionalna.com\/wp-content\/uploads\/2022\/07\/3-17-1024x768.jpg 1024w, https:\/\/gazetaregionalna.com\/wp-content\/uploads\/2022\/07\/3-17-300x225.jpg 300w, https:\/\/gazetaregionalna.com\/wp-content\/uploads\/2022\/07\/3-17-768x576.jpg 768w, https:\/\/gazetaregionalna.com\/wp-content\/uploads\/2022\/07\/3-17-696x522.jpg 696w, https:\/\/gazetaregionalna.com\/wp-content\/uploads\/2022\/07\/3-17-1068x801.jpg 1068w, https:\/\/gazetaregionalna.com\/wp-content\/uploads\/2022\/07\/3-17-560x420.jpg 560w, https:\/\/gazetaregionalna.com\/wp-content\/uploads\/2022\/07\/3-17-80x60.jpg 80w, https:\/\/gazetaregionalna.com\/wp-content\/uploads\/2022\/07\/3-17-265x198.jpg 265w, https:\/\/gazetaregionalna.com\/wp-content\/uploads\/2022\/07\/3-17.jpg 1200w\" data-sizes=\"(max-width: 1024px) 100vw, 1024px\" src=\"data:image\/svg+xml;base64,PHN2ZyB3aWR0aD0iMSIgaGVpZ2h0PSIxIiB4bWxucz0iaHR0cDovL3d3dy53My5vcmcvMjAwMC9zdmciPjwvc3ZnPg==\" style=\"--smush-placeholder-width: 1024px; --smush-placeholder-aspect-ratio: 1024\/768;\" \/><\/a><\/figure><\/li><li class=\"blocks-gallery-item\"><figure><a href=\"https:\/\/gazetaregionalna.com\/wp-content\/uploads\/2022\/07\/4-14.jpg\"><img decoding=\"async\" width=\"720\" height=\"479\" data-src=\"https:\/\/gazetaregionalna.com\/wp-content\/uploads\/2022\/07\/4-14.jpg\" alt=\"\" data-id=\"86550\" data-full-url=\"https:\/\/gazetaregionalna.com\/wp-content\/uploads\/2022\/07\/4-14.jpg\" data-link=\"https:\/\/gazetaregionalna.com\/?attachment_id=86550\" class=\"wp-image-86550 lazyload\" data-srcset=\"https:\/\/gazetaregionalna.com\/wp-content\/uploads\/2022\/07\/4-14.jpg 720w, https:\/\/gazetaregionalna.com\/wp-content\/uploads\/2022\/07\/4-14-300x200.jpg 300w, https:\/\/gazetaregionalna.com\/wp-content\/uploads\/2022\/07\/4-14-696x463.jpg 696w, https:\/\/gazetaregionalna.com\/wp-content\/uploads\/2022\/07\/4-14-631x420.jpg 631w\" data-sizes=\"(max-width: 720px) 100vw, 720px\" src=\"data:image\/svg+xml;base64,PHN2ZyB3aWR0aD0iMSIgaGVpZ2h0PSIxIiB4bWxucz0iaHR0cDovL3d3dy53My5vcmcvMjAwMC9zdmciPjwvc3ZnPg==\" style=\"--smush-placeholder-width: 720px; --smush-placeholder-aspect-ratio: 720\/479;\" \/><\/a><\/figure><\/li><li class=\"blocks-gallery-item\"><figure><a href=\"https:\/\/gazetaregionalna.com\/wp-content\/uploads\/2022\/07\/1-21.jpg\"><img decoding=\"async\" width=\"720\" height=\"479\" data-src=\"https:\/\/gazetaregionalna.com\/wp-content\/uploads\/2022\/07\/1-21.jpg\" alt=\"\" data-id=\"86551\" data-full-url=\"https:\/\/gazetaregionalna.com\/wp-content\/uploads\/2022\/07\/1-21.jpg\" data-link=\"https:\/\/gazetaregionalna.com\/?attachment_id=86551\" class=\"wp-image-86551 lazyload\" data-srcset=\"https:\/\/gazetaregionalna.com\/wp-content\/uploads\/2022\/07\/1-21.jpg 720w, https:\/\/gazetaregionalna.com\/wp-content\/uploads\/2022\/07\/1-21-300x200.jpg 300w, https:\/\/gazetaregionalna.com\/wp-content\/uploads\/2022\/07\/1-21-696x463.jpg 696w, https:\/\/gazetaregionalna.com\/wp-content\/uploads\/2022\/07\/1-21-631x420.jpg 631w\" data-sizes=\"(max-width: 720px) 100vw, 720px\" src=\"data:image\/svg+xml;base64,PHN2ZyB3aWR0aD0iMSIgaGVpZ2h0PSIxIiB4bWxucz0iaHR0cDovL3d3dy53My5vcmcvMjAwMC9zdmciPjwvc3ZnPg==\" style=\"--smush-placeholder-width: 720px; --smush-placeholder-aspect-ratio: 720\/479;\" \/><\/a><\/figure><\/li><\/ul><figcaption class=\"blocks-gallery-caption\">fot. UG w Poraju <\/figcaption><\/figure>\n\n\n\n<p><strong>K KIK <\/strong><\/p>\n","protected":false},"excerpt":{"rendered":"<p>Bokser Robert Czechowski, m\u0142odzik z Polonii Poraj, otrzyma\u0142 od trenera selekcjonera Zenona Jagie\u0142\u0142o szanse trenowania z reprezentantami Polski. By\u0142 to okres szczeg\u00f3lnych przygotowa\u0144 do<\/p>\n","protected":false},"author":21,"featured_media":86552,"comment_status":"closed","ping_status":"open","sticky":false,"template":"","format":"standard","meta":{"_monsterinsights_skip_tracking":false,"_monsterinsights_sitenote_active":false,"_monsterinsights_sitenote_note":"","_monsterinsights_sitenote_category":0,"_uf_show_specific_survey":0,"_uf_disable_surveys":false,"footnotes":""},"categories":[2,26,4],"tags":[5604,2082,5603,3619],"class_list":["post-86548","post","type-post","status-publish","format-standard","has-post-thumbnail","hentry","category-wiadomosci","category-myszkow","category-region","tag-bokser","tag-debiut","tag-polonia-polska","tag-wygrana"],"_links":{"self":[{"href":"https:\/\/gazetaregionalna.com\/index.php?rest_route=\/wp\/v2\/posts\/86548","targetHints":{"allow":["GET"]}}],"collection":[{"href":"https:\/\/gazetaregionalna.com\/index.php?rest_route=\/wp\/v2\/posts"}],"about":[{"href":"https:\/\/gazetaregionalna.com\/index.php?rest_route=\/wp\/v2\/types\/post"}],"author":[{"embeddable":true,"href":"https:\/\/gazetaregionalna.com\/index.php?rest_route=\/wp\/v2\/users\/21"}],"replies":[{"embeddable":true,"href":"https:\/\/gazetaregionalna.com\/index.php?rest_route=%2Fwp%2Fv2%2Fcomments&post=86548"}],"version-history":[{"count":1,"href":"https:\/\/gazetaregionalna.com\/index.php?rest_route=\/wp\/v2\/posts\/86548\/revisions"}],"predecessor-version":[{"id":86553,"href":"https:\/\/gazetaregionalna.com\/index.php?rest_route=\/wp\/v2\/posts\/86548\/revisions\/86553"}],"wp:featuredmedia":[{"embeddable":true,"href":"https:\/\/gazetaregionalna.com\/index.php?rest_route=\/wp\/v2\/media\/86552"}],"wp:attachment":[{"href":"https:\/\/gazetaregionalna.com\/index.php?rest_route=%2Fwp%2Fv2%2Fmedia&parent=86548"}],"wp:term":[{"taxonomy":"category","embeddable":true,"href":"https:\/\/gazetaregionalna.com\/index.php?rest_route=%2Fwp%2Fv2%2Fcategories&post=86548"},{"taxonomy":"post_tag","embeddable":true,"href":"https:\/\/gazetaregionalna.com\/index.php?rest_route=%2Fwp%2Fv2%2Ftags&post=86548"}],"curies":[{"name":"wp","href":"https:\/\/api.w.org\/{rel}","templated":true}]}}