{"id":86432,"date":"2022-07-12T19:12:37","date_gmt":"2022-07-12T19:12:37","guid":{"rendered":"https:\/\/gazetaregionalna.com\/?p=86432"},"modified":"2022-07-12T19:12:38","modified_gmt":"2022-07-12T19:12:38","slug":"we-wroclawiu-wlokniarz-ponownie-przegral-z-wts-sparta-10-punktami","status":"publish","type":"post","link":"https:\/\/gazetaregionalna.com\/?p=86432","title":{"rendered":"We Wroc\u0142awiu W\u0142\u00f3kniarz ponownie przegra\u0142 z WTS Spart\u0105 10 punktami"},"content":{"rendered":"\n<p>Nie uda\u0142 si\u0119 wyjazd \u017cu\u017clowcom W\u0142\u00f3kniarz Cz\u0119stochowa do Wroc\u0142awia na mecz w U24 Ekstralidze. Cz\u0119stochowianie tak jak u siebie, tak i teraz przegrali r\u00f3\u017cnic\u0105 10 punkt\u00f3w.<\/p>\n\n\n\n<p>Gospodarzy do zwyci\u0119stwa poprowadzili Micha\u0142 Curzytek i Nick Skorja, kt\u00f3rzy zdobyli po 11 punkt\u00f3w. W dru\u017cynie W\u0142\u00f3kniarza 13 punkt\u00f3w zdoby\u0142 Jonas Jeppesen, cho\u0107 zanotowa\u0142 jeden defekt. Dobrze pojecha\u0142 te\u017c Anton Karlsson, kt\u00f3ry uzbiera\u0142 11 \u201eoczek\u201d.<\/p>\n\n\n\n<p>Cz\u0119stochowska dru\u017cyna w U24 Ekstralidze nadal pozostaje z jednym zwyci\u0119stwem.<\/p>\n\n\n\n<p><strong>AK<\/strong>, foto: <strong>AK<\/strong><\/p>\n\n\n\n<p><strong>WTS Sparta Wroc\u0142aw U24 \u2013 W\u0142\u00f3kniarz Cz\u0119stochowa U24 50:40<\/strong><\/p>\n\n\n\n<p><strong>WTS Sparta Wroc\u0142aw U-24<\/strong><\/p>\n\n\n\n<p>Nick Skorja 11 (1,2,3,3,2)<\/p>\n\n\n\n<p>Lukas Baumann 7 (3,1,1,1,1)<\/p>\n\n\n\n<p>Sandro Wassermann 7 (2,2,0,3,0)<\/p>\n\n\n\n<p>Dawid Rybak 0 (0,0,-,-)<\/p>\n\n\n\n<p>Bart\u0142omiej Kowalski 10 (2,2,3,3,-)<\/p>\n\n\n\n<p>Mateusz Panicz 4 (2,1,1,0,0)<\/p>\n\n\n\n<p>Micha\u0142 Curzytek 11 (3,3,3,2)<\/p>\n\n\n\n<p><strong>W\u0142\u00f3kniarz Cz\u0119stochowa U-24<\/strong><\/p>\n\n\n\n<p>Marko Lewiszyn 5 (0,w,2,1,2)<\/p>\n\n\n\n<p>Jordan Jenkins 2 (1,1,0,-,-)<\/p>\n\n\n\n<p>Anton Karlsson 11 (3,3,2,2,0,1)<\/p>\n\n\n\n<p>Jakub Martyniak 0 (0,-,-,-)<\/p>\n\n\n\n<p>Jonas Jeppesen 13 (3,3,2,d,2,3)<\/p>\n\n\n\n<p>Kajetan Kupiec 7 (1,2,1,3)<\/p>\n\n\n\n<p>Sam Hagon 1 (t,0,1)<\/p>\n\n\n\n<p>Mitchell Cluff 1 (1,0)<\/p>\n\n\n\n<p>Bieg po biegu:<\/p>\n\n\n\n<p>1. Karlsson, Wassermann, Skorja, Lewiszyn 3:3<\/p>\n\n\n\n<p>2. Curzytek, Panicz, Kupiec, Hagon (t) 5:1\/8:4<\/p>\n\n\n\n<p>3. Jeppesen, Kowalski, Jenkins, Rybak 2:4\/10:8<\/p>\n\n\n\n<p>4. Baumann, Kupiec, Panicz, Martyniak 4:2\/14:10<\/p>\n\n\n\n<p>5. Karlsson, Wassermann, Cluff, Rybak 2:4\/16:14<\/p>\n\n\n\n<p>6. Curzytek, Kowalski, Jenkins, Lewiszyn (w) 5:1\/21:15<\/p>\n\n\n\n<p>7. Jeppesen, Skorja, Baumann, Hagon 3:3\/24:18<\/p>\n\n\n\n<p>8. Kowalski, Karlsson, Panicz, Cluff 4:2\/28:20<\/p>\n\n\n\n<p>9. Skorja, Lewiszyn, Baumann, Jenkins 4:2\/32:22<\/p>\n\n\n\n<p>10. Curzytek, Jeppesen, Kupiec, Wassermann 3:3\/35:25<\/p>\n\n\n\n<p>11. Skorja, Karlsson, Lewiszyn, Panicz 3:3\/38:28<\/p>\n\n\n\n<p>12. Wassermann, Curzytek, Hagon, Jeppesen (d) 5:1\/43:29<\/p>\n\n\n\n<p>13. Kowalski, Jeppesen, Baumann, Karlsson 4:2\/47:31<\/p>\n\n\n\n<p>14. Kupiec, Lewiszyn, Baumann, Wassermann 1:5\/48:36<\/p>\n\n\n\n<p>15. Jeppesen, Skorja, Karlsson, Panicz 2:4\/50:40<\/p>\n\n\n\n<figure class=\"wp-block-image size-large\"><img decoding=\"async\" width=\"1024\" height=\"683\" data-src=\"https:\/\/gazetaregionalna.com\/wp-content\/uploads\/2022\/04\/CKMU24-77-1024x683.jpg\" alt=\"\" class=\"wp-image-77676 lazyload\" data-srcset=\"https:\/\/gazetaregionalna.com\/wp-content\/uploads\/2022\/04\/CKMU24-77-1024x683.jpg 1024w, https:\/\/gazetaregionalna.com\/wp-content\/uploads\/2022\/04\/CKMU24-77-300x200.jpg 300w, https:\/\/gazetaregionalna.com\/wp-content\/uploads\/2022\/04\/CKMU24-77-768x512.jpg 768w, https:\/\/gazetaregionalna.com\/wp-content\/uploads\/2022\/04\/CKMU24-77-1536x1024.jpg 1536w, https:\/\/gazetaregionalna.com\/wp-content\/uploads\/2022\/04\/CKMU24-77-2048x1365.jpg 2048w, https:\/\/gazetaregionalna.com\/wp-content\/uploads\/2022\/04\/CKMU24-77-696x464.jpg 696w, https:\/\/gazetaregionalna.com\/wp-content\/uploads\/2022\/04\/CKMU24-77-1068x712.jpg 1068w, https:\/\/gazetaregionalna.com\/wp-content\/uploads\/2022\/04\/CKMU24-77-1920x1280.jpg 1920w, https:\/\/gazetaregionalna.com\/wp-content\/uploads\/2022\/04\/CKMU24-77-630x420.jpg 630w, https:\/\/gazetaregionalna.com\/wp-content\/uploads\/2022\/04\/CKMU24-77-scaled.jpg 1600w\" data-sizes=\"(max-width: 1024px) 100vw, 1024px\" src=\"data:image\/svg+xml;base64,PHN2ZyB3aWR0aD0iMSIgaGVpZ2h0PSIxIiB4bWxucz0iaHR0cDovL3d3dy53My5vcmcvMjAwMC9zdmciPjwvc3ZnPg==\" style=\"--smush-placeholder-width: 1024px; --smush-placeholder-aspect-ratio: 1024\/683;\" \/><\/figure>\n\n\n\n<figure class=\"wp-block-image size-large\"><img decoding=\"async\" width=\"1024\" height=\"683\" data-src=\"https:\/\/gazetaregionalna.com\/wp-content\/uploads\/2022\/04\/CKMU24-79-1024x683.jpg\" alt=\"\" class=\"wp-image-77678 lazyload\" data-srcset=\"https:\/\/gazetaregionalna.com\/wp-content\/uploads\/2022\/04\/CKMU24-79-1024x683.jpg 1024w, https:\/\/gazetaregionalna.com\/wp-content\/uploads\/2022\/04\/CKMU24-79-300x200.jpg 300w, https:\/\/gazetaregionalna.com\/wp-content\/uploads\/2022\/04\/CKMU24-79-768x512.jpg 768w, https:\/\/gazetaregionalna.com\/wp-content\/uploads\/2022\/04\/CKMU24-79-1536x1024.jpg 1536w, https:\/\/gazetaregionalna.com\/wp-content\/uploads\/2022\/04\/CKMU24-79-2048x1366.jpg 2048w, https:\/\/gazetaregionalna.com\/wp-content\/uploads\/2022\/04\/CKMU24-79-696x464.jpg 696w, https:\/\/gazetaregionalna.com\/wp-content\/uploads\/2022\/04\/CKMU24-79-1068x712.jpg 1068w, https:\/\/gazetaregionalna.com\/wp-content\/uploads\/2022\/04\/CKMU24-79-1920x1280.jpg 1920w, https:\/\/gazetaregionalna.com\/wp-content\/uploads\/2022\/04\/CKMU24-79-630x420.jpg 630w, https:\/\/gazetaregionalna.com\/wp-content\/uploads\/2022\/04\/CKMU24-79-scaled.jpg 1600w\" data-sizes=\"(max-width: 1024px) 100vw, 1024px\" src=\"data:image\/svg+xml;base64,PHN2ZyB3aWR0aD0iMSIgaGVpZ2h0PSIxIiB4bWxucz0iaHR0cDovL3d3dy53My5vcmcvMjAwMC9zdmciPjwvc3ZnPg==\" style=\"--smush-placeholder-width: 1024px; --smush-placeholder-aspect-ratio: 1024\/683;\" \/><\/figure>\n\n\n\n<figure class=\"wp-block-image size-large\"><img decoding=\"async\" width=\"1024\" height=\"683\" data-src=\"https:\/\/gazetaregionalna.com\/wp-content\/uploads\/2022\/04\/CKMU24-76-1024x683.jpg\" alt=\"\" class=\"wp-image-77675 lazyload\" data-srcset=\"https:\/\/gazetaregionalna.com\/wp-content\/uploads\/2022\/04\/CKMU24-76-1024x683.jpg 1024w, https:\/\/gazetaregionalna.com\/wp-content\/uploads\/2022\/04\/CKMU24-76-300x200.jpg 300w, https:\/\/gazetaregionalna.com\/wp-content\/uploads\/2022\/04\/CKMU24-76-768x512.jpg 768w, https:\/\/gazetaregionalna.com\/wp-content\/uploads\/2022\/04\/CKMU24-76-1536x1024.jpg 1536w, https:\/\/gazetaregionalna.com\/wp-content\/uploads\/2022\/04\/CKMU24-76-2048x1366.jpg 2048w, https:\/\/gazetaregionalna.com\/wp-content\/uploads\/2022\/04\/CKMU24-76-696x464.jpg 696w, https:\/\/gazetaregionalna.com\/wp-content\/uploads\/2022\/04\/CKMU24-76-1068x712.jpg 1068w, https:\/\/gazetaregionalna.com\/wp-content\/uploads\/2022\/04\/CKMU24-76-1920x1280.jpg 1920w, https:\/\/gazetaregionalna.com\/wp-content\/uploads\/2022\/04\/CKMU24-76-630x420.jpg 630w, https:\/\/gazetaregionalna.com\/wp-content\/uploads\/2022\/04\/CKMU24-76-scaled.jpg 1600w\" data-sizes=\"(max-width: 1024px) 100vw, 1024px\" src=\"data:image\/svg+xml;base64,PHN2ZyB3aWR0aD0iMSIgaGVpZ2h0PSIxIiB4bWxucz0iaHR0cDovL3d3dy53My5vcmcvMjAwMC9zdmciPjwvc3ZnPg==\" style=\"--smush-placeholder-width: 1024px; --smush-placeholder-aspect-ratio: 1024\/683;\" \/><\/figure>\n\n\n\n<figure class=\"wp-block-image size-large\"><img decoding=\"async\" width=\"300\" height=\"250\" data-src=\"https:\/\/gazetaregionalna.com\/wp-content\/uploads\/2022\/04\/DMK-7.jpg\" alt=\"\" class=\"wp-image-77214 lazyload\" src=\"data:image\/svg+xml;base64,PHN2ZyB3aWR0aD0iMSIgaGVpZ2h0PSIxIiB4bWxucz0iaHR0cDovL3d3dy53My5vcmcvMjAwMC9zdmciPjwvc3ZnPg==\" style=\"--smush-placeholder-width: 300px; --smush-placeholder-aspect-ratio: 300\/250;\"><\/figure>\n\n\n\n<figure class=\"wp-block-image size-large\"><img decoding=\"async\" width=\"300\" height=\"250\" data-src=\"https:\/\/gazetaregionalna.com\/wp-content\/uploads\/2022\/04\/DMK-5.jpg\" alt=\"\" class=\"wp-image-77213 lazyload\" src=\"data:image\/svg+xml;base64,PHN2ZyB3aWR0aD0iMSIgaGVpZ2h0PSIxIiB4bWxucz0iaHR0cDovL3d3dy53My5vcmcvMjAwMC9zdmciPjwvc3ZnPg==\" style=\"--smush-placeholder-width: 300px; --smush-placeholder-aspect-ratio: 300\/250;\"><\/figure>\n","protected":false},"excerpt":{"rendered":"<p>Nie uda\u0142 si\u0119 wyjazd \u017cu\u017clowcom W\u0142\u00f3kniarz Cz\u0119stochowa do Wroc\u0142awia na mecz w U24 Ekstralidze. Cz\u0119stochowianie tak jak u siebie, tak i teraz przegrali r\u00f3\u017cnic\u0105<\/p>\n","protected":false},"author":15,"featured_media":77670,"comment_status":"closed","ping_status":"open","sticky":false,"template":"","format":"standard","meta":{"_monsterinsights_skip_tracking":false,"_monsterinsights_sitenote_active":false,"_monsterinsights_sitenote_note":"","_monsterinsights_sitenote_category":0,"_uf_show_specific_survey":0,"_uf_disable_surveys":false,"footnotes":""},"categories":[5,7],"tags":[],"class_list":["post-86432","post","type-post","status-publish","format-standard","has-post-thumbnail","hentry","category-sport","category-zuzel"],"_links":{"self":[{"href":"https:\/\/gazetaregionalna.com\/index.php?rest_route=\/wp\/v2\/posts\/86432","targetHints":{"allow":["GET"]}}],"collection":[{"href":"https:\/\/gazetaregionalna.com\/index.php?rest_route=\/wp\/v2\/posts"}],"about":[{"href":"https:\/\/gazetaregionalna.com\/index.php?rest_route=\/wp\/v2\/types\/post"}],"author":[{"embeddable":true,"href":"https:\/\/gazetaregionalna.com\/index.php?rest_route=\/wp\/v2\/users\/15"}],"replies":[{"embeddable":true,"href":"https:\/\/gazetaregionalna.com\/index.php?rest_route=%2Fwp%2Fv2%2Fcomments&post=86432"}],"version-history":[{"count":1,"href":"https:\/\/gazetaregionalna.com\/index.php?rest_route=\/wp\/v2\/posts\/86432\/revisions"}],"predecessor-version":[{"id":86433,"href":"https:\/\/gazetaregionalna.com\/index.php?rest_route=\/wp\/v2\/posts\/86432\/revisions\/86433"}],"wp:featuredmedia":[{"embeddable":true,"href":"https:\/\/gazetaregionalna.com\/index.php?rest_route=\/wp\/v2\/media\/77670"}],"wp:attachment":[{"href":"https:\/\/gazetaregionalna.com\/index.php?rest_route=%2Fwp%2Fv2%2Fmedia&parent=86432"}],"wp:term":[{"taxonomy":"category","embeddable":true,"href":"https:\/\/gazetaregionalna.com\/index.php?rest_route=%2Fwp%2Fv2%2Fcategories&post=86432"},{"taxonomy":"post_tag","embeddable":true,"href":"https:\/\/gazetaregionalna.com\/index.php?rest_route=%2Fwp%2Fv2%2Ftags&post=86432"}],"curies":[{"name":"wp","href":"https:\/\/api.w.org\/{rel}","templated":true}]}}