{"id":86336,"date":"2022-07-11T19:57:06","date_gmt":"2022-07-11T19:57:06","guid":{"rendered":"https:\/\/gazetaregionalna.com\/?p=86336"},"modified":"2022-07-11T19:57:08","modified_gmt":"2022-07-11T19:57:08","slug":"konkurs-fotograficzny-balonowa-jura-2022","status":"publish","type":"post","link":"https:\/\/gazetaregionalna.com\/?p=86336","title":{"rendered":"Konkurs fotograficzny &#8222;Balonowa Jura Jan\u00f3w-Olsztyn 2022&#8221;. Pula nagr\u00f3d wynosi 2 500 z\u0142"},"content":{"rendered":"\n<h2 class=\"wp-block-heading\">Do udzia\u0142u w konkursie &#8222;Balonowa Jura Jan\u00f3w-Olszyn 2022&#8221; zapraszaj\u0105 Regionalny O\u015brodek Kultury w Cz\u0119stochowie, gmina Jan\u00f3w oraz miasto i gmina Olsztyn. Pula nagr\u00f3d dla zwyci\u0119zc\u00f3w to 2 500 z\u0142.<\/h2>\n\n\n\n<p>Za organizacj\u0119 konkursu fotograficznego \u201eBalonowa Jura Jan\u00f3w-Olsztyn 2022\u201d odpowiada Regionalny O\u015brodek Kultury w Cz\u0119stochowie. Partnerami wydarzenia s\u0105 gmina Jan\u00f3w oraz miasto i gmina Olsztyn. <\/p>\n\n\n\n<p>Prace konkursowe nale\u017cy wykona\u0107 podczas V Jurajskich Zawod\u00f3w Balonowych w lotach balonami na ogrzane powietrze. Wydarzenie odb\u0119dzie si\u0119 w gminach Jan\u00f3w i Olsztyn w terminie od 21 do 24 lipca. <\/p>\n\n\n\n<p>Komisarzem konkursu jest artysta fotografik i g\u0142\u00f3wny instruktor ds. fotografii i filmu ROK-u, S\u0142awomir Jod\u0142owski (kontakt e-mail: jodlowski@rok.czestochowa.pl).<\/p>\n\n\n\n<p>Konkurs ma charakter otwarty i adresowany jest do profesjonalist\u00f3w oraz amator\u00f3w fotografii. Do udzia\u0142u mog\u0105 zg\u0142asza\u0107 si\u0119 jedynie osoby pe\u0142noletnie. Termin nadsy\u0142ania prac to 12 sierpnia. Zdj\u0119cia wy\u0142\u0105cznie w formie pliku JPG (d\u0142u\u017cszy bok zdj\u0119cia powinien mie\u0107 nie mniej ni\u017c 2400 pixeli, minimalna wielko\u015b\u0107: 3 MB) nale\u017cy przes\u0142a\u0107 na adres email jodlowski@rok.czestochowa.pl wraz z wype\u0142nion\u0105 kart\u0105 zg\u0142oszenia. <\/p>\n\n\n\n<p>Ka\u017cdy uczestnik mo\u017ce zg\u0142osi\u0107 do Konkursu maksymalnie trzy zdj\u0119cia lub jeden cykl sk\u0142adaj\u0105cy si\u0119 z sze\u015bciu zdj\u0119\u0107. Pliki zdj\u0119ciowe musz\u0105 by\u0107 podpisane nazwiskiem autora oraz tytu\u0142em fotografii.<\/p>\n\n\n\n<p>Pula nagr\u00f3d dla zwyci\u0119zc\u00f3w to 2 500 z\u0142. Szczeg\u00f3\u0142owe informacje mo\u017cna znale\u017a\u0107 na stronach: <a href=\"http:\/\/rok.czestochowa.pl\/\" target=\"_blank\" rel=\"noopener\">rok.czestochowa.pl<\/a>, <a href=\"http:\/\/balonowajura.pl\/\" target=\"_blank\" rel=\"noopener\">balonowajura.pl<\/a>, <a href=\"https:\/\/www.janow.pl\/\" target=\"_blank\" rel=\"noopener\">janow.pl<\/a> i <a href=\"https:\/\/www.olsztyn-jurajski.pl\/\" target=\"_blank\" rel=\"noopener\">olsztyn-jurajski.pl<\/a>.<\/p>\n\n\n\n<p><strong>ZS<\/strong><\/p>\n","protected":false},"excerpt":{"rendered":"<p>Do udzia\u0142u w konkursie &#8222;Balonowa Jura Jan\u00f3w-Olszyn 2022&#8221; zapraszaj\u0105 Regionalny O\u015brodek Kultury w Cz\u0119stochowie, gmina Jan\u00f3w oraz miasto i gmina Olsztyn. Pula nagr\u00f3d dla<\/p>\n","protected":false},"author":18,"featured_media":86341,"comment_status":"closed","ping_status":"open","sticky":false,"template":"","format":"standard","meta":{"_monsterinsights_skip_tracking":false,"_monsterinsights_sitenote_active":false,"_monsterinsights_sitenote_note":"","_monsterinsights_sitenote_category":0,"_uf_show_specific_survey":0,"_uf_disable_surveys":false,"footnotes":""},"categories":[12,3,94,4,2],"tags":[3027,1312,201,1705],"class_list":["post-86336","post","type-post","status-publish","format-standard","has-post-thumbnail","hentry","category-kultura-i-rozrywka","category-czestochowa-informacje","category-polecane","category-region","category-wiadomosci","tag-balonowa-jura","tag-janow","tag-olsztyn","tag-regionalny-osrodek-kultury"],"_links":{"self":[{"href":"https:\/\/gazetaregionalna.com\/index.php?rest_route=\/wp\/v2\/posts\/86336","targetHints":{"allow":["GET"]}}],"collection":[{"href":"https:\/\/gazetaregionalna.com\/index.php?rest_route=\/wp\/v2\/posts"}],"about":[{"href":"https:\/\/gazetaregionalna.com\/index.php?rest_route=\/wp\/v2\/types\/post"}],"author":[{"embeddable":true,"href":"https:\/\/gazetaregionalna.com\/index.php?rest_route=\/wp\/v2\/users\/18"}],"replies":[{"embeddable":true,"href":"https:\/\/gazetaregionalna.com\/index.php?rest_route=%2Fwp%2Fv2%2Fcomments&post=86336"}],"version-history":[{"count":6,"href":"https:\/\/gazetaregionalna.com\/index.php?rest_route=\/wp\/v2\/posts\/86336\/revisions"}],"predecessor-version":[{"id":86343,"href":"https:\/\/gazetaregionalna.com\/index.php?rest_route=\/wp\/v2\/posts\/86336\/revisions\/86343"}],"wp:featuredmedia":[{"embeddable":true,"href":"https:\/\/gazetaregionalna.com\/index.php?rest_route=\/wp\/v2\/media\/86341"}],"wp:attachment":[{"href":"https:\/\/gazetaregionalna.com\/index.php?rest_route=%2Fwp%2Fv2%2Fmedia&parent=86336"}],"wp:term":[{"taxonomy":"category","embeddable":true,"href":"https:\/\/gazetaregionalna.com\/index.php?rest_route=%2Fwp%2Fv2%2Fcategories&post=86336"},{"taxonomy":"post_tag","embeddable":true,"href":"https:\/\/gazetaregionalna.com\/index.php?rest_route=%2Fwp%2Fv2%2Ftags&post=86336"}],"curies":[{"name":"wp","href":"https:\/\/api.w.org\/{rel}","templated":true}]}}