{"id":86232,"date":"2022-07-11T04:59:25","date_gmt":"2022-07-11T04:59:25","guid":{"rendered":"https:\/\/gazetaregionalna.com\/?p=86232"},"modified":"2022-07-11T04:59:26","modified_gmt":"2022-07-11T04:59:26","slug":"rewitalizacja-parku-osiedlowego-na-parkitce","status":"publish","type":"post","link":"https:\/\/gazetaregionalna.com\/?p=86232","title":{"rendered":"Rewitalizacja parku osiedlowego na Parkitce"},"content":{"rendered":"\n<h2 class=\"wp-block-heading\"><strong>Cz\u0119stochowa. Park przy ulicy Bialskiej w nowej ods\u0142onie. Uko\u0144czono prace rewitalizacyjne w ramach Bud\u017cetu Obywatelskiego.<\/strong><\/h2>\n\n\n\n<p>Realizacja zadania rewitalizacji i rozbudowy parku op\u00f3\u017ani\u0142a si\u0119 przez k\u0142opoty firmy, kt\u00f3ra si\u0119 tego podj\u0119\u0142a, jednak wreszcie mieszka\u0144cy doczekali si\u0119 szcz\u0119\u015bliwego fina\u0142u. Spore op\u00f3\u017anienie w wykonaniu tego zadania, wykonawca t\u0142umaczy\u0142 problemami epidemicznymi i trudno\u015bciami w dostawach. Przedsi\u0119wzi\u0119cie zosta\u0142o zrealizowane w ramach programu Bud\u017cetu Obywatelskiego(edycja ubieg\u0142oroczna), a jego koszt to blisko 180 tys. z\u0142otych.<\/p>\n\n\n\n<p>Po wykonaniu prac rozbi\u00f3rkowych i rob\u00f3t ziemnych, zaj\u0119to si\u0119 dalszymi zmianami. Uda\u0142o si\u0119 doposa\u017cy\u0107 plac zabaw, kt\u00f3ry znajduje si\u0119 w centralnej cz\u0119\u015bci parku. Dzieciaki mog\u0105 cieszy\u0107 si\u0119 z nowych urz\u0105dze\u0144 zabawowych, dodatkowo zamontowano nowe \u0142awki i le\u017caki parkowe. Pojawi\u0142y si\u0119 nowe kosze na \u015bmieci, powsta\u0142o miejsce przeznaczone do grillowania, kt\u00f3re jest wyposa\u017cone w zamontowane na sta\u0142e palenisko.<\/p>\n\n\n\n<p>Metamorfoz\u0119 przesz\u0142a nawierzchnia ca\u0142ego terenu, na kt\u00f3rej u\u0142o\u017cono kostk\u0119, a w pobli\u017cu placu zabaw pojawi\u0142a si\u0119 bezpieczna nawierzchnia piaskowa.<\/p>\n\n\n\n<p>Za\u0142o\u017cone zosta\u0142y trawniki z darni rolowanej oraz te wysiewane, posadzono nowe ro\u015bliny bylinowe.<\/p>\n\n\n\n<p>Pozostaje mie\u0107 nadziej\u0119, \u017ce wandale b\u0119d\u0105 omija\u0107 to miejsce szerokim \u0142ukiem i nikt nie wpadnie na pomys\u0142, by zniszczy\u0107 to, co uda\u0142o si\u0119 naprawi\u0107 i zbudowa\u0107.<\/p>\n\n\n\n<figure class=\"wp-block-gallery columns-3 is-cropped wp-block-gallery-1 is-layout-flex wp-block-gallery-is-layout-flex\"><ul class=\"blocks-gallery-grid\"><li class=\"blocks-gallery-item\"><figure><img decoding=\"async\" width=\"1024\" height=\"768\" data-src=\"https:\/\/gazetaregionalna.com\/wp-content\/uploads\/2022\/07\/park-1024x768.jpg\" alt=\"\" data-id=\"86234\" data-link=\"https:\/\/gazetaregionalna.com\/?attachment_id=86234\" class=\"wp-image-86234 lazyload\" data-srcset=\"https:\/\/gazetaregionalna.com\/wp-content\/uploads\/2022\/07\/park-1024x768.jpg 1024w, https:\/\/gazetaregionalna.com\/wp-content\/uploads\/2022\/07\/park-300x225.jpg 300w, https:\/\/gazetaregionalna.com\/wp-content\/uploads\/2022\/07\/park-768x576.jpg 768w, https:\/\/gazetaregionalna.com\/wp-content\/uploads\/2022\/07\/park-1536x1152.jpg 1536w, https:\/\/gazetaregionalna.com\/wp-content\/uploads\/2022\/07\/park-2048x1536.jpg 2048w, https:\/\/gazetaregionalna.com\/wp-content\/uploads\/2022\/07\/park-696x522.jpg 696w, https:\/\/gazetaregionalna.com\/wp-content\/uploads\/2022\/07\/park-1068x801.jpg 1068w, https:\/\/gazetaregionalna.com\/wp-content\/uploads\/2022\/07\/park-1920x1440.jpg 1920w, https:\/\/gazetaregionalna.com\/wp-content\/uploads\/2022\/07\/park-560x420.jpg 560w, https:\/\/gazetaregionalna.com\/wp-content\/uploads\/2022\/07\/park-80x60.jpg 80w, https:\/\/gazetaregionalna.com\/wp-content\/uploads\/2022\/07\/park-265x198.jpg 265w, https:\/\/gazetaregionalna.com\/wp-content\/uploads\/2022\/07\/park-scaled.jpg 1600w\" data-sizes=\"(max-width: 1024px) 100vw, 1024px\" src=\"data:image\/svg+xml;base64,PHN2ZyB3aWR0aD0iMSIgaGVpZ2h0PSIxIiB4bWxucz0iaHR0cDovL3d3dy53My5vcmcvMjAwMC9zdmciPjwvc3ZnPg==\" style=\"--smush-placeholder-width: 1024px; --smush-placeholder-aspect-ratio: 1024\/768;\" \/><\/figure><\/li><li class=\"blocks-gallery-item\"><figure><img decoding=\"async\" width=\"1024\" height=\"768\" data-src=\"https:\/\/gazetaregionalna.com\/wp-content\/uploads\/2022\/07\/park1-1024x768.jpg\" alt=\"\" data-id=\"86235\" data-link=\"https:\/\/gazetaregionalna.com\/?attachment_id=86235\" class=\"wp-image-86235 lazyload\" data-srcset=\"https:\/\/gazetaregionalna.com\/wp-content\/uploads\/2022\/07\/park1-1024x768.jpg 1024w, https:\/\/gazetaregionalna.com\/wp-content\/uploads\/2022\/07\/park1-300x225.jpg 300w, https:\/\/gazetaregionalna.com\/wp-content\/uploads\/2022\/07\/park1-768x576.jpg 768w, https:\/\/gazetaregionalna.com\/wp-content\/uploads\/2022\/07\/park1-1536x1152.jpg 1536w, https:\/\/gazetaregionalna.com\/wp-content\/uploads\/2022\/07\/park1-2048x1536.jpg 2048w, https:\/\/gazetaregionalna.com\/wp-content\/uploads\/2022\/07\/park1-696x522.jpg 696w, https:\/\/gazetaregionalna.com\/wp-content\/uploads\/2022\/07\/park1-1068x801.jpg 1068w, https:\/\/gazetaregionalna.com\/wp-content\/uploads\/2022\/07\/park1-1920x1440.jpg 1920w, https:\/\/gazetaregionalna.com\/wp-content\/uploads\/2022\/07\/park1-560x420.jpg 560w, https:\/\/gazetaregionalna.com\/wp-content\/uploads\/2022\/07\/park1-80x60.jpg 80w, https:\/\/gazetaregionalna.com\/wp-content\/uploads\/2022\/07\/park1-265x198.jpg 265w, https:\/\/gazetaregionalna.com\/wp-content\/uploads\/2022\/07\/park1-scaled.jpg 1600w\" data-sizes=\"(max-width: 1024px) 100vw, 1024px\" src=\"data:image\/svg+xml;base64,PHN2ZyB3aWR0aD0iMSIgaGVpZ2h0PSIxIiB4bWxucz0iaHR0cDovL3d3dy53My5vcmcvMjAwMC9zdmciPjwvc3ZnPg==\" style=\"--smush-placeholder-width: 1024px; --smush-placeholder-aspect-ratio: 1024\/768;\" \/><\/figure><\/li><li class=\"blocks-gallery-item\"><figure><img decoding=\"async\" width=\"1024\" height=\"768\" data-src=\"https:\/\/gazetaregionalna.com\/wp-content\/uploads\/2022\/07\/park3-1024x768.jpg\" alt=\"\" data-id=\"86236\" data-full-url=\"https:\/\/gazetaregionalna.com\/wp-content\/uploads\/2022\/07\/park3-scaled.jpg\" data-link=\"https:\/\/gazetaregionalna.com\/?attachment_id=86236\" class=\"wp-image-86236 lazyload\" data-srcset=\"https:\/\/gazetaregionalna.com\/wp-content\/uploads\/2022\/07\/park3-1024x768.jpg 1024w, https:\/\/gazetaregionalna.com\/wp-content\/uploads\/2022\/07\/park3-300x225.jpg 300w, https:\/\/gazetaregionalna.com\/wp-content\/uploads\/2022\/07\/park3-768x576.jpg 768w, https:\/\/gazetaregionalna.com\/wp-content\/uploads\/2022\/07\/park3-1536x1152.jpg 1536w, https:\/\/gazetaregionalna.com\/wp-content\/uploads\/2022\/07\/park3-2048x1536.jpg 2048w, https:\/\/gazetaregionalna.com\/wp-content\/uploads\/2022\/07\/park3-696x522.jpg 696w, https:\/\/gazetaregionalna.com\/wp-content\/uploads\/2022\/07\/park3-1068x801.jpg 1068w, https:\/\/gazetaregionalna.com\/wp-content\/uploads\/2022\/07\/park3-1920x1440.jpg 1920w, https:\/\/gazetaregionalna.com\/wp-content\/uploads\/2022\/07\/park3-560x420.jpg 560w, https:\/\/gazetaregionalna.com\/wp-content\/uploads\/2022\/07\/park3-80x60.jpg 80w, https:\/\/gazetaregionalna.com\/wp-content\/uploads\/2022\/07\/park3-265x198.jpg 265w, https:\/\/gazetaregionalna.com\/wp-content\/uploads\/2022\/07\/park3-scaled.jpg 1600w\" data-sizes=\"(max-width: 1024px) 100vw, 1024px\" src=\"data:image\/svg+xml;base64,PHN2ZyB3aWR0aD0iMSIgaGVpZ2h0PSIxIiB4bWxucz0iaHR0cDovL3d3dy53My5vcmcvMjAwMC9zdmciPjwvc3ZnPg==\" style=\"--smush-placeholder-width: 1024px; --smush-placeholder-aspect-ratio: 1024\/768;\" \/><\/figure><\/li><\/ul><figcaption class=\"blocks-gallery-caption\">fot. UM Cz\u0119stochowy<\/figcaption><\/figure>\n","protected":false},"excerpt":{"rendered":"<p>Cz\u0119stochowa. Park przy ulicy Bialskiej w nowej ods\u0142onie. Uko\u0144czono prace rewitalizacyjne w ramach Bud\u017cetu Obywatelskiego. Realizacja zadania rewitalizacji i rozbudowy parku op\u00f3\u017ani\u0142a si\u0119 przez<\/p>\n","protected":false},"author":24,"featured_media":86237,"comment_status":"closed","ping_status":"open","sticky":false,"template":"","format":"standard","meta":{"_monsterinsights_skip_tracking":false,"_monsterinsights_sitenote_active":false,"_monsterinsights_sitenote_note":"","_monsterinsights_sitenote_category":0,"_uf_show_specific_survey":0,"_uf_disable_surveys":false,"footnotes":""},"categories":[30,1323,20,3,15,33],"tags":[87,5555,1755,5556],"class_list":["post-86232","post","type-post","status-publish","format-standard","has-post-thumbnail","hentry","category-wypoczynek","category-architecture","category-budownictwo","category-czestochowa-informacje","category-dla-dzieci","category-inwestycje","tag-budzet-pbywatrlski","tag-parkitka","tag-plac-zabaw","tag-rewitalizacja"],"_links":{"self":[{"href":"https:\/\/gazetaregionalna.com\/index.php?rest_route=\/wp\/v2\/posts\/86232","targetHints":{"allow":["GET"]}}],"collection":[{"href":"https:\/\/gazetaregionalna.com\/index.php?rest_route=\/wp\/v2\/posts"}],"about":[{"href":"https:\/\/gazetaregionalna.com\/index.php?rest_route=\/wp\/v2\/types\/post"}],"author":[{"embeddable":true,"href":"https:\/\/gazetaregionalna.com\/index.php?rest_route=\/wp\/v2\/users\/24"}],"replies":[{"embeddable":true,"href":"https:\/\/gazetaregionalna.com\/index.php?rest_route=%2Fwp%2Fv2%2Fcomments&post=86232"}],"version-history":[{"count":2,"href":"https:\/\/gazetaregionalna.com\/index.php?rest_route=\/wp\/v2\/posts\/86232\/revisions"}],"predecessor-version":[{"id":86238,"href":"https:\/\/gazetaregionalna.com\/index.php?rest_route=\/wp\/v2\/posts\/86232\/revisions\/86238"}],"wp:featuredmedia":[{"embeddable":true,"href":"https:\/\/gazetaregionalna.com\/index.php?rest_route=\/wp\/v2\/media\/86237"}],"wp:attachment":[{"href":"https:\/\/gazetaregionalna.com\/index.php?rest_route=%2Fwp%2Fv2%2Fmedia&parent=86232"}],"wp:term":[{"taxonomy":"category","embeddable":true,"href":"https:\/\/gazetaregionalna.com\/index.php?rest_route=%2Fwp%2Fv2%2Fcategories&post=86232"},{"taxonomy":"post_tag","embeddable":true,"href":"https:\/\/gazetaregionalna.com\/index.php?rest_route=%2Fwp%2Fv2%2Ftags&post=86232"}],"curies":[{"name":"wp","href":"https:\/\/api.w.org\/{rel}","templated":true}]}}