{"id":86229,"date":"2022-07-10T12:32:23","date_gmt":"2022-07-10T12:32:23","guid":{"rendered":"https:\/\/gazetaregionalna.com\/?p=86229"},"modified":"2022-07-10T12:32:24","modified_gmt":"2022-07-10T12:32:24","slug":"trener-rakowa-marek-papszun-po-zdobyciu-superpucharu-polski-dobrze-nas-motywuja-kibice-lecha","status":"publish","type":"post","link":"https:\/\/gazetaregionalna.com\/?p=86229","title":{"rendered":"Trener Rakowa Marek Papszun po zdobyciu Superpucharu Polski:  Dobrze nas motywuj\u0105 kibice Lecha"},"content":{"rendered":"\n<p>Pi\u0142karze Rakowa w finale Superpucharu Polski pokonali w sobot\u0119 w Poznaniu mistrza Polski Lecha i po raz drugi zdobyli Superpuchar Polski. &#8211; Przyjechali\u015bmy wygra\u0107 i zdoby\u0107 trofeum \u2013 m\u00f3wi trener Rakowa Marek Papszun.<\/p>\n\n\n\n<p>&#8211; Dzi\u0119kuj\u0119 za gratulacje &#8211; tymi s\u0142owami rozpocz\u0105\u0142 pomeczow\u0105 konferencj\u0119 prasow\u0105 trener Rakowa Marek Papszun. &#8211; Bardzo si\u0119 cieszymy. Przyjechali\u015bmy wygra\u0107 i zdoby\u0107 trofeum. Tak jak m\u00f3wi\u0142em przed meczem, ka\u017cda dru\u017cyna o to walczy i dzisiaj Lech te\u017c walczy\u0142, aby wygra\u0107, ale my byli\u015bmy lepsi. I z tego si\u0119 bardzo ciesz\u0119. Gratuluj\u0119 dru\u017cynie, gratuluj\u0119 ca\u0142ej szatani dobrego meczu, zwyci\u0119stwa, zdobycia trofeum i udanego rozpocz\u0119cia nowego sezonu.<\/p>\n\n\n\n<p>Dziennikarze podczas konferencji prasowej dopytywali te\u017c, czy Rak\u00f3w jako\u015b specjalnie motywuje si\u0119 na Lecha i czy ma jaki\u015b patent na pozna\u0144sk\u0105 dru\u017cyn\u0119? Rak\u00f3w wygra\u0142 w marcu 2022 w PKO BP Ekstraklasie w Poznaniu 1:0 i w maju w Warszawie w finale Pucharu Polski 3:1.<\/p>\n\n\n\n<p>&#8211; Dobrze nas motywuj\u0105 kibice Lecha przede wszystkim i dzisiaj te\u017c tak to wygl\u0105da\u0142o. Cieszymy si\u0119, \u017ce budzimy takie emocje. Ja to odbieram jako kolokwialny szacunek, \u017ce jeste\u015bmy godnym rywalem i jest mobilizacja na tego rywala w taki czy innym spos\u00f3b. Ka\u017cdy te emocje oddaje jak uwa\u017ca. Ta nasza seria w meczach z Lechem jest bardzo dobra, ale jednak Lech w poprzednim sezonie by\u0142 lepszy w przekroju ca\u0142ego sezonu. By\u0142 remis u nas, tu wygrali\u015bmy i zdobyli\u015bmy Puchar Polski. Czyli sezon pod wzgl\u0119dem wynikowym z Lechem by\u0142 dla nas udany, ale w lidze Lech by\u0142 lepszy.<\/p>\n\n\n\n<p>MR-K, foto: AK<\/p>\n\n\n\n<p>Partnerem relacji jest <strong>www.mik-stal.pl<\/strong><\/p>\n\n\n\n<figure class=\"wp-block-image size-large\"><img decoding=\"async\" width=\"1024\" height=\"683\" data-src=\"https:\/\/gazetaregionalna.com\/wp-content\/uploads\/2022\/07\/SUPER-Lech-Rakow-28-1024x683.jpg\" alt=\"\" class=\"wp-image-86180 lazyload\" data-srcset=\"https:\/\/gazetaregionalna.com\/wp-content\/uploads\/2022\/07\/SUPER-Lech-Rakow-28-1024x683.jpg 1024w, https:\/\/gazetaregionalna.com\/wp-content\/uploads\/2022\/07\/SUPER-Lech-Rakow-28-300x200.jpg 300w, https:\/\/gazetaregionalna.com\/wp-content\/uploads\/2022\/07\/SUPER-Lech-Rakow-28-768x512.jpg 768w, https:\/\/gazetaregionalna.com\/wp-content\/uploads\/2022\/07\/SUPER-Lech-Rakow-28-1536x1024.jpg 1536w, https:\/\/gazetaregionalna.com\/wp-content\/uploads\/2022\/07\/SUPER-Lech-Rakow-28-2048x1365.jpg 2048w, https:\/\/gazetaregionalna.com\/wp-content\/uploads\/2022\/07\/SUPER-Lech-Rakow-28-696x464.jpg 696w, https:\/\/gazetaregionalna.com\/wp-content\/uploads\/2022\/07\/SUPER-Lech-Rakow-28-1068x712.jpg 1068w, https:\/\/gazetaregionalna.com\/wp-content\/uploads\/2022\/07\/SUPER-Lech-Rakow-28-1920x1280.jpg 1920w, https:\/\/gazetaregionalna.com\/wp-content\/uploads\/2022\/07\/SUPER-Lech-Rakow-28-630x420.jpg 630w, https:\/\/gazetaregionalna.com\/wp-content\/uploads\/2022\/07\/SUPER-Lech-Rakow-28-scaled.jpg 1600w\" data-sizes=\"(max-width: 1024px) 100vw, 1024px\" src=\"data:image\/svg+xml;base64,PHN2ZyB3aWR0aD0iMSIgaGVpZ2h0PSIxIiB4bWxucz0iaHR0cDovL3d3dy53My5vcmcvMjAwMC9zdmciPjwvc3ZnPg==\" style=\"--smush-placeholder-width: 1024px; --smush-placeholder-aspect-ratio: 1024\/683;\" \/><\/figure>\n\n\n\n<figure class=\"wp-block-image size-large\"><img decoding=\"async\" width=\"300\" height=\"250\" data-src=\"https:\/\/gazetaregionalna.com\/wp-content\/uploads\/2021\/07\/MIK-STAL-300x250-1.jpg\" alt=\"\" class=\"wp-image-48584 lazyload\" src=\"data:image\/svg+xml;base64,PHN2ZyB3aWR0aD0iMSIgaGVpZ2h0PSIxIiB4bWxucz0iaHR0cDovL3d3dy53My5vcmcvMjAwMC9zdmciPjwvc3ZnPg==\" style=\"--smush-placeholder-width: 300px; --smush-placeholder-aspect-ratio: 300\/250;\"><\/figure>\n\n\n\n<figure class=\"wp-block-image size-large\"><img decoding=\"async\" width=\"1024\" height=\"683\" data-src=\"https:\/\/gazetaregionalna.com\/wp-content\/uploads\/2022\/07\/SUPER-Lech-Rakow-22-1024x683.jpg\" alt=\"\" class=\"wp-image-86174 lazyload\" data-srcset=\"https:\/\/gazetaregionalna.com\/wp-content\/uploads\/2022\/07\/SUPER-Lech-Rakow-22-1024x683.jpg 1024w, https:\/\/gazetaregionalna.com\/wp-content\/uploads\/2022\/07\/SUPER-Lech-Rakow-22-300x200.jpg 300w, https:\/\/gazetaregionalna.com\/wp-content\/uploads\/2022\/07\/SUPER-Lech-Rakow-22-768x512.jpg 768w, https:\/\/gazetaregionalna.com\/wp-content\/uploads\/2022\/07\/SUPER-Lech-Rakow-22-1536x1024.jpg 1536w, https:\/\/gazetaregionalna.com\/wp-content\/uploads\/2022\/07\/SUPER-Lech-Rakow-22-2048x1365.jpg 2048w, https:\/\/gazetaregionalna.com\/wp-content\/uploads\/2022\/07\/SUPER-Lech-Rakow-22-696x464.jpg 696w, https:\/\/gazetaregionalna.com\/wp-content\/uploads\/2022\/07\/SUPER-Lech-Rakow-22-1068x712.jpg 1068w, https:\/\/gazetaregionalna.com\/wp-content\/uploads\/2022\/07\/SUPER-Lech-Rakow-22-1920x1280.jpg 1920w, https:\/\/gazetaregionalna.com\/wp-content\/uploads\/2022\/07\/SUPER-Lech-Rakow-22-630x420.jpg 630w, https:\/\/gazetaregionalna.com\/wp-content\/uploads\/2022\/07\/SUPER-Lech-Rakow-22-scaled.jpg 1600w\" data-sizes=\"(max-width: 1024px) 100vw, 1024px\" src=\"data:image\/svg+xml;base64,PHN2ZyB3aWR0aD0iMSIgaGVpZ2h0PSIxIiB4bWxucz0iaHR0cDovL3d3dy53My5vcmcvMjAwMC9zdmciPjwvc3ZnPg==\" style=\"--smush-placeholder-width: 1024px; --smush-placeholder-aspect-ratio: 1024\/683;\" \/><\/figure>\n\n\n\n<figure class=\"wp-block-image size-large\"><img decoding=\"async\" width=\"300\" height=\"250\" data-src=\"https:\/\/gazetaregionalna.com\/wp-content\/uploads\/2022\/04\/DMK-4.jpg\" alt=\"\" class=\"wp-image-77212 lazyload\" src=\"data:image\/svg+xml;base64,PHN2ZyB3aWR0aD0iMSIgaGVpZ2h0PSIxIiB4bWxucz0iaHR0cDovL3d3dy53My5vcmcvMjAwMC9zdmciPjwvc3ZnPg==\" style=\"--smush-placeholder-width: 300px; --smush-placeholder-aspect-ratio: 300\/250;\"><\/figure>\n\n\n\n<figure class=\"wp-block-image size-large\"><img decoding=\"async\" width=\"1024\" height=\"683\" data-src=\"https:\/\/gazetaregionalna.com\/wp-content\/uploads\/2022\/07\/SUPER-Lech-Rakow-29-1024x683.jpg\" alt=\"\" class=\"wp-image-86181 lazyload\" data-srcset=\"https:\/\/gazetaregionalna.com\/wp-content\/uploads\/2022\/07\/SUPER-Lech-Rakow-29-1024x683.jpg 1024w, https:\/\/gazetaregionalna.com\/wp-content\/uploads\/2022\/07\/SUPER-Lech-Rakow-29-300x200.jpg 300w, https:\/\/gazetaregionalna.com\/wp-content\/uploads\/2022\/07\/SUPER-Lech-Rakow-29-768x512.jpg 768w, https:\/\/gazetaregionalna.com\/wp-content\/uploads\/2022\/07\/SUPER-Lech-Rakow-29-1536x1024.jpg 1536w, https:\/\/gazetaregionalna.com\/wp-content\/uploads\/2022\/07\/SUPER-Lech-Rakow-29-2048x1365.jpg 2048w, https:\/\/gazetaregionalna.com\/wp-content\/uploads\/2022\/07\/SUPER-Lech-Rakow-29-696x464.jpg 696w, https:\/\/gazetaregionalna.com\/wp-content\/uploads\/2022\/07\/SUPER-Lech-Rakow-29-1068x712.jpg 1068w, https:\/\/gazetaregionalna.com\/wp-content\/uploads\/2022\/07\/SUPER-Lech-Rakow-29-1920x1280.jpg 1920w, https:\/\/gazetaregionalna.com\/wp-content\/uploads\/2022\/07\/SUPER-Lech-Rakow-29-630x420.jpg 630w, https:\/\/gazetaregionalna.com\/wp-content\/uploads\/2022\/07\/SUPER-Lech-Rakow-29-scaled.jpg 1600w\" data-sizes=\"(max-width: 1024px) 100vw, 1024px\" src=\"data:image\/svg+xml;base64,PHN2ZyB3aWR0aD0iMSIgaGVpZ2h0PSIxIiB4bWxucz0iaHR0cDovL3d3dy53My5vcmcvMjAwMC9zdmciPjwvc3ZnPg==\" style=\"--smush-placeholder-width: 1024px; --smush-placeholder-aspect-ratio: 1024\/683;\" \/><\/figure>\n\n\n\n<figure class=\"wp-block-image size-large\"><img decoding=\"async\" width=\"1024\" height=\"683\" data-src=\"https:\/\/gazetaregionalna.com\/wp-content\/uploads\/2022\/07\/SUPER-Lech-Rakow-48-1024x683.jpg\" alt=\"\" class=\"wp-image-86194 lazyload\" data-srcset=\"https:\/\/gazetaregionalna.com\/wp-content\/uploads\/2022\/07\/SUPER-Lech-Rakow-48-1024x683.jpg 1024w, https:\/\/gazetaregionalna.com\/wp-content\/uploads\/2022\/07\/SUPER-Lech-Rakow-48-300x200.jpg 300w, https:\/\/gazetaregionalna.com\/wp-content\/uploads\/2022\/07\/SUPER-Lech-Rakow-48-768x512.jpg 768w, https:\/\/gazetaregionalna.com\/wp-content\/uploads\/2022\/07\/SUPER-Lech-Rakow-48-1536x1024.jpg 1536w, https:\/\/gazetaregionalna.com\/wp-content\/uploads\/2022\/07\/SUPER-Lech-Rakow-48-2048x1365.jpg 2048w, https:\/\/gazetaregionalna.com\/wp-content\/uploads\/2022\/07\/SUPER-Lech-Rakow-48-696x464.jpg 696w, https:\/\/gazetaregionalna.com\/wp-content\/uploads\/2022\/07\/SUPER-Lech-Rakow-48-1068x712.jpg 1068w, https:\/\/gazetaregionalna.com\/wp-content\/uploads\/2022\/07\/SUPER-Lech-Rakow-48-1920x1280.jpg 1920w, https:\/\/gazetaregionalna.com\/wp-content\/uploads\/2022\/07\/SUPER-Lech-Rakow-48-630x420.jpg 630w, https:\/\/gazetaregionalna.com\/wp-content\/uploads\/2022\/07\/SUPER-Lech-Rakow-48-scaled.jpg 1600w\" data-sizes=\"(max-width: 1024px) 100vw, 1024px\" src=\"data:image\/svg+xml;base64,PHN2ZyB3aWR0aD0iMSIgaGVpZ2h0PSIxIiB4bWxucz0iaHR0cDovL3d3dy53My5vcmcvMjAwMC9zdmciPjwvc3ZnPg==\" style=\"--smush-placeholder-width: 1024px; --smush-placeholder-aspect-ratio: 1024\/683;\" \/><\/figure>\n","protected":false},"excerpt":{"rendered":"<p>Pi\u0142karze Rakowa w finale Superpucharu Polski pokonali w sobot\u0119 w Poznaniu mistrza Polski Lecha i po raz drugi zdobyli Superpuchar Polski. &#8211; Przyjechali\u015bmy wygra\u0107<\/p>\n","protected":false},"author":15,"featured_media":86180,"comment_status":"closed","ping_status":"open","sticky":false,"template":"","format":"standard","meta":{"_monsterinsights_skip_tracking":false,"_monsterinsights_sitenote_active":false,"_monsterinsights_sitenote_note":"","_monsterinsights_sitenote_category":0,"_uf_show_specific_survey":0,"_uf_disable_surveys":false,"footnotes":""},"categories":[94,6,5],"tags":[],"class_list":["post-86229","post","type-post","status-publish","format-standard","has-post-thumbnail","hentry","category-polecane","category-pilka-nozna","category-sport"],"_links":{"self":[{"href":"https:\/\/gazetaregionalna.com\/index.php?rest_route=\/wp\/v2\/posts\/86229","targetHints":{"allow":["GET"]}}],"collection":[{"href":"https:\/\/gazetaregionalna.com\/index.php?rest_route=\/wp\/v2\/posts"}],"about":[{"href":"https:\/\/gazetaregionalna.com\/index.php?rest_route=\/wp\/v2\/types\/post"}],"author":[{"embeddable":true,"href":"https:\/\/gazetaregionalna.com\/index.php?rest_route=\/wp\/v2\/users\/15"}],"replies":[{"embeddable":true,"href":"https:\/\/gazetaregionalna.com\/index.php?rest_route=%2Fwp%2Fv2%2Fcomments&post=86229"}],"version-history":[{"count":1,"href":"https:\/\/gazetaregionalna.com\/index.php?rest_route=\/wp\/v2\/posts\/86229\/revisions"}],"predecessor-version":[{"id":86230,"href":"https:\/\/gazetaregionalna.com\/index.php?rest_route=\/wp\/v2\/posts\/86229\/revisions\/86230"}],"wp:featuredmedia":[{"embeddable":true,"href":"https:\/\/gazetaregionalna.com\/index.php?rest_route=\/wp\/v2\/media\/86180"}],"wp:attachment":[{"href":"https:\/\/gazetaregionalna.com\/index.php?rest_route=%2Fwp%2Fv2%2Fmedia&parent=86229"}],"wp:term":[{"taxonomy":"category","embeddable":true,"href":"https:\/\/gazetaregionalna.com\/index.php?rest_route=%2Fwp%2Fv2%2Fcategories&post=86229"},{"taxonomy":"post_tag","embeddable":true,"href":"https:\/\/gazetaregionalna.com\/index.php?rest_route=%2Fwp%2Fv2%2Ftags&post=86229"}],"curies":[{"name":"wp","href":"https:\/\/api.w.org\/{rel}","templated":true}]}}