{"id":86070,"date":"2022-07-07T19:24:41","date_gmt":"2022-07-07T19:24:41","guid":{"rendered":"https:\/\/gazetaregionalna.com\/?p=86070"},"modified":"2022-07-07T19:24:42","modified_gmt":"2022-07-07T19:24:42","slug":"polska-z-szymonem-ludwiczakiem-wygrala-czestochowski-final-pucharu-europy-par-250cc","status":"publish","type":"post","link":"https:\/\/gazetaregionalna.com\/?p=86070","title":{"rendered":"Polska z Szymonem Ludwiczakiem wygra\u0142a cz\u0119stochowski fina\u0142 Pucharu Europy Par 250cc"},"content":{"rendered":"\n<p>W czwartek na torze w Cz\u0119stochowie odby\u0142 si\u0119 fina\u0142 Pucharu Europy Par w klasie 250cc. 1. miejsce zaj\u0119\u0142a reprezentacja Polski w sk\u0142adzie z Szymonem Ludwiczakiem.<\/p>\n\n\n\n<p>Polacy jechali bardzo dobrze. 5 bieg\u00f3w wygrali po 5:1, a w jednym zremisowali 3:3 z uwagi na defekt Kevina Ma\u0142kiewicza.<\/p>\n\n\n\n<p>Drugie miejsce ze strat\u0105 6 punkt\u00f3w do Polski zaj\u0119\u0142a Dania, a 3. Wielka Brytania.<\/p>\n\n\n\n<p><strong>Wyniki:<\/strong><\/p>\n\n\n\n<p><strong>1. Polska 28:<\/strong> Szymon Ludwiczak 9 (2,2,-,2,3,), Kevin Ma\u0142kiewicz 9 (3,3,3,-,-,d), Dawid Grzeszczyk 10 (2,3,2,3).<\/p>\n\n\n\n<p><strong>2. Dania 22:<\/strong> Mikkel Andersen 15 (1,3,3,2,3,3), Villad Christiansen 6 (0,d,-,3,2,1), Andreas Olsen 1 (1).<\/p>\n\n\n\n<p><strong>3. Wielka Brytania:<\/strong> 21: Luke Harrison 12 (3,2,1,1,3,2), Ashton Vale 0 (0,-,0,-,-,-), William Cairns 9 (1,3,2,3).<\/p>\n\n\n\n<p><strong>4. Czechy 15:<\/strong> Adam Bednar 9 (3,w,3,d,1,2), Vojtech Sachl 6 (1,3,w,1,0,1).<\/p>\n\n\n\n<p><strong>5. Szwecja 14:<\/strong> Anton Jansson 13 (2,1,3,2,3,2), Alfons Wiltander 1 (0,0,u,0,1,-), Dante Johansson 0 (t).<\/p>\n\n\n\n<p><strong>6. Niemcy 14:<\/strong> Patrick Hyjek 12 (3,2,2,2,1,2), Levin Kording 2 (0,1,1,0,0,0).<\/p>\n\n\n\n<p><strong>7. \u0141otwa\/Finlandia:<\/strong> 12: Damirs Filimonovs 6 (2,2,1,1,0,0), Otto Raak 6 (1,1,2,0,1,1).<\/p>\n\n\n\n<p>AK, fot: Grzegorz Misiak (wlokniarz.com)<\/p>\n\n\n\n<figure class=\"wp-block-image size-large\"><img decoding=\"async\" width=\"1024\" height=\"741\" data-src=\"https:\/\/gazetaregionalna.com\/wp-content\/uploads\/2022\/07\/Wlokniarz250cc-Fot-Grzegorz-Miasiak-1024x741.jpg\" alt=\"\" class=\"wp-image-86072 lazyload\" data-srcset=\"https:\/\/gazetaregionalna.com\/wp-content\/uploads\/2022\/07\/Wlokniarz250cc-Fot-Grzegorz-Miasiak-1024x741.jpg 1024w, https:\/\/gazetaregionalna.com\/wp-content\/uploads\/2022\/07\/Wlokniarz250cc-Fot-Grzegorz-Miasiak-300x217.jpg 300w, https:\/\/gazetaregionalna.com\/wp-content\/uploads\/2022\/07\/Wlokniarz250cc-Fot-Grzegorz-Miasiak-768x556.jpg 768w, https:\/\/gazetaregionalna.com\/wp-content\/uploads\/2022\/07\/Wlokniarz250cc-Fot-Grzegorz-Miasiak-1536x1112.jpg 1536w, https:\/\/gazetaregionalna.com\/wp-content\/uploads\/2022\/07\/Wlokniarz250cc-Fot-Grzegorz-Miasiak-696x504.jpg 696w, https:\/\/gazetaregionalna.com\/wp-content\/uploads\/2022\/07\/Wlokniarz250cc-Fot-Grzegorz-Miasiak-1068x773.jpg 1068w, https:\/\/gazetaregionalna.com\/wp-content\/uploads\/2022\/07\/Wlokniarz250cc-Fot-Grzegorz-Miasiak-1920x1389.jpg 1920w, https:\/\/gazetaregionalna.com\/wp-content\/uploads\/2022\/07\/Wlokniarz250cc-Fot-Grzegorz-Miasiak-580x420.jpg 580w, https:\/\/gazetaregionalna.com\/wp-content\/uploads\/2022\/07\/Wlokniarz250cc-Fot-Grzegorz-Miasiak-324x235.jpg 324w, https:\/\/gazetaregionalna.com\/wp-content\/uploads\/2022\/07\/Wlokniarz250cc-Fot-Grzegorz-Miasiak-scaled.jpg 1600w\" data-sizes=\"(max-width: 1024px) 100vw, 1024px\" src=\"data:image\/svg+xml;base64,PHN2ZyB3aWR0aD0iMSIgaGVpZ2h0PSIxIiB4bWxucz0iaHR0cDovL3d3dy53My5vcmcvMjAwMC9zdmciPjwvc3ZnPg==\" style=\"--smush-placeholder-width: 1024px; --smush-placeholder-aspect-ratio: 1024\/741;\" \/><\/figure>\n\n\n\n<figure class=\"wp-block-image size-large\"><img decoding=\"async\" width=\"1024\" height=\"683\" data-src=\"https:\/\/gazetaregionalna.com\/wp-content\/uploads\/2022\/07\/Wlokniarz250cc-2-fot-Grzegorz-Misiak-1024x683.jpg\" alt=\"\" class=\"wp-image-86071 lazyload\" data-srcset=\"https:\/\/gazetaregionalna.com\/wp-content\/uploads\/2022\/07\/Wlokniarz250cc-2-fot-Grzegorz-Misiak-1024x683.jpg 1024w, https:\/\/gazetaregionalna.com\/wp-content\/uploads\/2022\/07\/Wlokniarz250cc-2-fot-Grzegorz-Misiak-300x200.jpg 300w, https:\/\/gazetaregionalna.com\/wp-content\/uploads\/2022\/07\/Wlokniarz250cc-2-fot-Grzegorz-Misiak-768x512.jpg 768w, https:\/\/gazetaregionalna.com\/wp-content\/uploads\/2022\/07\/Wlokniarz250cc-2-fot-Grzegorz-Misiak-1536x1024.jpg 1536w, https:\/\/gazetaregionalna.com\/wp-content\/uploads\/2022\/07\/Wlokniarz250cc-2-fot-Grzegorz-Misiak-696x464.jpg 696w, https:\/\/gazetaregionalna.com\/wp-content\/uploads\/2022\/07\/Wlokniarz250cc-2-fot-Grzegorz-Misiak-1068x712.jpg 1068w, https:\/\/gazetaregionalna.com\/wp-content\/uploads\/2022\/07\/Wlokniarz250cc-2-fot-Grzegorz-Misiak-630x420.jpg 630w, https:\/\/gazetaregionalna.com\/wp-content\/uploads\/2022\/07\/Wlokniarz250cc-2-fot-Grzegorz-Misiak-scaled.jpg 1600w\" data-sizes=\"(max-width: 1024px) 100vw, 1024px\" src=\"data:image\/svg+xml;base64,PHN2ZyB3aWR0aD0iMSIgaGVpZ2h0PSIxIiB4bWxucz0iaHR0cDovL3d3dy53My5vcmcvMjAwMC9zdmciPjwvc3ZnPg==\" style=\"--smush-placeholder-width: 1024px; --smush-placeholder-aspect-ratio: 1024\/683;\" \/><\/figure>\n\n\n\n<figure class=\"wp-block-image size-large\"><img decoding=\"async\" width=\"300\" height=\"250\" data-src=\"https:\/\/gazetaregionalna.com\/wp-content\/uploads\/2022\/04\/DMK-5.jpg\" alt=\"\" class=\"wp-image-77213 lazyload\" src=\"data:image\/svg+xml;base64,PHN2ZyB3aWR0aD0iMSIgaGVpZ2h0PSIxIiB4bWxucz0iaHR0cDovL3d3dy53My5vcmcvMjAwMC9zdmciPjwvc3ZnPg==\" style=\"--smush-placeholder-width: 300px; --smush-placeholder-aspect-ratio: 300\/250;\"><\/figure>\n\n\n\n<figure class=\"wp-block-image size-large\"><img decoding=\"async\" width=\"300\" height=\"250\" data-src=\"https:\/\/gazetaregionalna.com\/wp-content\/uploads\/2022\/04\/DMK-10.jpg\" alt=\"\" class=\"wp-image-77218 lazyload\" src=\"data:image\/svg+xml;base64,PHN2ZyB3aWR0aD0iMSIgaGVpZ2h0PSIxIiB4bWxucz0iaHR0cDovL3d3dy53My5vcmcvMjAwMC9zdmciPjwvc3ZnPg==\" style=\"--smush-placeholder-width: 300px; --smush-placeholder-aspect-ratio: 300\/250;\"><\/figure>\n","protected":false},"excerpt":{"rendered":"<p>W czwartek na torze w Cz\u0119stochowie odby\u0142 si\u0119 fina\u0142 Pucharu Europy Par w klasie 250cc. 1. miejsce zaj\u0119\u0142a reprezentacja Polski w sk\u0142adzie z Szymonem<\/p>\n","protected":false},"author":15,"featured_media":86072,"comment_status":"closed","ping_status":"open","sticky":false,"template":"","format":"standard","meta":{"_monsterinsights_skip_tracking":false,"_monsterinsights_sitenote_active":false,"_monsterinsights_sitenote_note":"","_monsterinsights_sitenote_category":0,"_uf_show_specific_survey":0,"_uf_disable_surveys":false,"footnotes":""},"categories":[94,5,7],"tags":[],"class_list":["post-86070","post","type-post","status-publish","format-standard","has-post-thumbnail","hentry","category-polecane","category-sport","category-zuzel"],"_links":{"self":[{"href":"https:\/\/gazetaregionalna.com\/index.php?rest_route=\/wp\/v2\/posts\/86070","targetHints":{"allow":["GET"]}}],"collection":[{"href":"https:\/\/gazetaregionalna.com\/index.php?rest_route=\/wp\/v2\/posts"}],"about":[{"href":"https:\/\/gazetaregionalna.com\/index.php?rest_route=\/wp\/v2\/types\/post"}],"author":[{"embeddable":true,"href":"https:\/\/gazetaregionalna.com\/index.php?rest_route=\/wp\/v2\/users\/15"}],"replies":[{"embeddable":true,"href":"https:\/\/gazetaregionalna.com\/index.php?rest_route=%2Fwp%2Fv2%2Fcomments&post=86070"}],"version-history":[{"count":1,"href":"https:\/\/gazetaregionalna.com\/index.php?rest_route=\/wp\/v2\/posts\/86070\/revisions"}],"predecessor-version":[{"id":86073,"href":"https:\/\/gazetaregionalna.com\/index.php?rest_route=\/wp\/v2\/posts\/86070\/revisions\/86073"}],"wp:featuredmedia":[{"embeddable":true,"href":"https:\/\/gazetaregionalna.com\/index.php?rest_route=\/wp\/v2\/media\/86072"}],"wp:attachment":[{"href":"https:\/\/gazetaregionalna.com\/index.php?rest_route=%2Fwp%2Fv2%2Fmedia&parent=86070"}],"wp:term":[{"taxonomy":"category","embeddable":true,"href":"https:\/\/gazetaregionalna.com\/index.php?rest_route=%2Fwp%2Fv2%2Fcategories&post=86070"},{"taxonomy":"post_tag","embeddable":true,"href":"https:\/\/gazetaregionalna.com\/index.php?rest_route=%2Fwp%2Fv2%2Ftags&post=86070"}],"curies":[{"name":"wp","href":"https:\/\/api.w.org\/{rel}","templated":true}]}}