{"id":8601,"date":"2019-12-04T11:29:07","date_gmt":"2019-12-04T11:29:07","guid":{"rendered":"https:\/\/gazetaregionalna.com\/?p=8601"},"modified":"2019-12-04T11:29:10","modified_gmt":"2019-12-04T11:29:10","slug":"poszukaj-ciekawego-prezentu","status":"publish","type":"post","link":"https:\/\/gazetaregionalna.com\/?p=8601","title":{"rendered":"Poszukaj ciekawego prezentu"},"content":{"rendered":"\n<p>\nDla\ntych, kt\u00f3rzy kupowanie gwiazdkowych prezent\u00f3w zostawiaj\u0105 zawsze na\nostatni\u0105 chwil\u0119, a tak\u017ce dla tych, kt\u00f3rzy chc\u0105 podarowa\u0107 swoim\nbliskim rzeczy niebanalne, Miejski Dom Kultury szykuje \u201eJarmark\nLast Minute\u201d. Odb\u0119dzie si\u0119 on 15 grudnia.<br>\nW\ngodzinach 15-18 w holu MDK-u pojawi\u0105 si\u0119 wystawcy \u2013\nr\u0119kodzielnicy. B\u0119dziecie mogli naby\u0107 r\u00f3\u017cne drobiazgi, ozdoby,\nale r\u00f3wnie\u017c prezenty \u201edo zjedzenia\u201d.<br>\nDla\nnajm\u0142odszych Miejski Dom Kultury przygotowa\u0142 dodatkow\u0105&nbsp;atrakcj\u0105\n\u2014 dekorowanie&nbsp;piernik\u00f3w.<br>\nWst\u0119p\nwolny. \n<\/p>\n","protected":false},"excerpt":{"rendered":"<p>Dla tych, kt\u00f3rzy kupowanie gwiazdkowych prezent\u00f3w zostawiaj\u0105 zawsze na ostatni\u0105 chwil\u0119, a tak\u017ce dla tych, kt\u00f3rzy chc\u0105 podarowa\u0107 swoim bliskim rzeczy niebanalne, Miejski Dom<\/p>\n","protected":false},"author":7,"featured_media":8602,"comment_status":"open","ping_status":"open","sticky":false,"template":"","format":"standard","meta":{"_monsterinsights_skip_tracking":false,"_monsterinsights_sitenote_active":false,"_monsterinsights_sitenote_note":"","_monsterinsights_sitenote_category":0,"_uf_show_specific_survey":0,"_uf_disable_surveys":false,"footnotes":""},"categories":[12,25,94,2,13],"tags":[],"class_list":["post-8601","post","type-post","status-publish","format-standard","has-post-thumbnail","hentry","category-kultura-i-rozrywka","category-lubliniec","category-polecane","category-wiadomosci","category-wydarzenia"],"_links":{"self":[{"href":"https:\/\/gazetaregionalna.com\/index.php?rest_route=\/wp\/v2\/posts\/8601","targetHints":{"allow":["GET"]}}],"collection":[{"href":"https:\/\/gazetaregionalna.com\/index.php?rest_route=\/wp\/v2\/posts"}],"about":[{"href":"https:\/\/gazetaregionalna.com\/index.php?rest_route=\/wp\/v2\/types\/post"}],"author":[{"embeddable":true,"href":"https:\/\/gazetaregionalna.com\/index.php?rest_route=\/wp\/v2\/users\/7"}],"replies":[{"embeddable":true,"href":"https:\/\/gazetaregionalna.com\/index.php?rest_route=%2Fwp%2Fv2%2Fcomments&post=8601"}],"version-history":[{"count":1,"href":"https:\/\/gazetaregionalna.com\/index.php?rest_route=\/wp\/v2\/posts\/8601\/revisions"}],"predecessor-version":[{"id":8603,"href":"https:\/\/gazetaregionalna.com\/index.php?rest_route=\/wp\/v2\/posts\/8601\/revisions\/8603"}],"wp:featuredmedia":[{"embeddable":true,"href":"https:\/\/gazetaregionalna.com\/index.php?rest_route=\/wp\/v2\/media\/8602"}],"wp:attachment":[{"href":"https:\/\/gazetaregionalna.com\/index.php?rest_route=%2Fwp%2Fv2%2Fmedia&parent=8601"}],"wp:term":[{"taxonomy":"category","embeddable":true,"href":"https:\/\/gazetaregionalna.com\/index.php?rest_route=%2Fwp%2Fv2%2Fcategories&post=8601"},{"taxonomy":"post_tag","embeddable":true,"href":"https:\/\/gazetaregionalna.com\/index.php?rest_route=%2Fwp%2Fv2%2Ftags&post=8601"}],"curies":[{"name":"wp","href":"https:\/\/api.w.org\/{rel}","templated":true}]}}