{"id":8594,"date":"2019-12-04T11:24:36","date_gmt":"2019-12-04T11:24:36","guid":{"rendered":"https:\/\/gazetaregionalna.com\/?p=8594"},"modified":"2019-12-04T11:25:21","modified_gmt":"2019-12-04T11:25:21","slug":"miasto-stroi-sie-na-swieta","status":"publish","type":"post","link":"https:\/\/gazetaregionalna.com\/?p=8594","title":{"rendered":"Miasto stroi si\u0119 na \u015bwi\u0119ta"},"content":{"rendered":"\n<p>\nChocia\u017c ze wzgl\u0119du na\noszcz\u0119dno\u015bci w mniejszym stopniu ni\u017c rok temu, miasto stroi si\u0119\nna \u015bwi\u0119ta. Na placu Biega\u0144skiego oraz Placu Orl\u0105t Lwowskich\nstan\u0119\u0142y ju\u017c choinki. Dzisiaj rozpocz\u0119\u0142o si\u0119 ich przyozdabianie.\nNa drzewach i latarniach zawis\u0142y r\u00f3wnie\u017c ledowe \u015bwiate\u0142ka.<\/p>\n\n\n\n<figure class=\"wp-block-image\"><img decoding=\"async\" width=\"1024\" height=\"768\" data-src=\"https:\/\/gazetaregionalna.com\/wp-content\/uploads\/2019\/12\/orl\u0119ta1-1024x768.jpg\" alt=\"\" class=\"wp-image-8595 lazyload\" data-srcset=\"https:\/\/gazetaregionalna.com\/wp-content\/uploads\/2019\/12\/orl\u0119ta1-1024x768.jpg 1024w, https:\/\/gazetaregionalna.com\/wp-content\/uploads\/2019\/12\/orl\u0119ta1-300x225.jpg 300w, https:\/\/gazetaregionalna.com\/wp-content\/uploads\/2019\/12\/orl\u0119ta1-768x576.jpg 768w, https:\/\/gazetaregionalna.com\/wp-content\/uploads\/2019\/12\/orl\u0119ta1-80x60.jpg 80w, https:\/\/gazetaregionalna.com\/wp-content\/uploads\/2019\/12\/orl\u0119ta1-265x198.jpg 265w, https:\/\/gazetaregionalna.com\/wp-content\/uploads\/2019\/12\/orl\u0119ta1-696x522.jpg 696w, https:\/\/gazetaregionalna.com\/wp-content\/uploads\/2019\/12\/orl\u0119ta1-1068x801.jpg 1068w, https:\/\/gazetaregionalna.com\/wp-content\/uploads\/2019\/12\/orl\u0119ta1-560x420.jpg 560w, https:\/\/gazetaregionalna.com\/wp-content\/uploads\/2019\/12\/orl\u0119ta1.jpg 1200w\" data-sizes=\"(max-width: 1024px) 100vw, 1024px\" src=\"data:image\/svg+xml;base64,PHN2ZyB3aWR0aD0iMSIgaGVpZ2h0PSIxIiB4bWxucz0iaHR0cDovL3d3dy53My5vcmcvMjAwMC9zdmciPjwvc3ZnPg==\" style=\"--smush-placeholder-width: 1024px; --smush-placeholder-aspect-ratio: 1024\/768;\" \/><\/figure>\n\n\n\n<p>Plac Biega\u0144skiego ozdobi\u0142 dziesi\u0119ciometrowy \u015bwierk srebrny, kt\u00f3ry pochodzi z prywatnej posesji z ul. Sucharskiego. Dwa metry mniejsza choinka, tak\u017ce srebrny \u015bwierk, stan\u0119\u0142a natomiast na placu Orl\u0105t Lwowskich. To drzewko wcze\u015bniej tak\u017ce ros\u0142o na prywatnej posesji \u2013 na ulicy Jasi\u0144skiego.<\/p>\n\n\n\n<figure class=\"wp-block-image\"><img decoding=\"async\" width=\"576\" height=\"1024\" data-src=\"https:\/\/gazetaregionalna.com\/wp-content\/uploads\/2019\/12\/choinka1-576x1024.jpg\" alt=\"\" class=\"wp-image-8596 lazyload\" data-srcset=\"https:\/\/gazetaregionalna.com\/wp-content\/uploads\/2019\/12\/choinka1-576x1024.jpg 576w, https:\/\/gazetaregionalna.com\/wp-content\/uploads\/2019\/12\/choinka1-169x300.jpg 169w, https:\/\/gazetaregionalna.com\/wp-content\/uploads\/2019\/12\/choinka1-768x1365.jpg 768w, https:\/\/gazetaregionalna.com\/wp-content\/uploads\/2019\/12\/choinka1-696x1237.jpg 696w, https:\/\/gazetaregionalna.com\/wp-content\/uploads\/2019\/12\/choinka1-1068x1899.jpg 1068w, https:\/\/gazetaregionalna.com\/wp-content\/uploads\/2019\/12\/choinka1-236x420.jpg 236w, https:\/\/gazetaregionalna.com\/wp-content\/uploads\/2019\/12\/choinka1.jpg 900w\" data-sizes=\"(max-width: 576px) 100vw, 576px\" src=\"data:image\/svg+xml;base64,PHN2ZyB3aWR0aD0iMSIgaGVpZ2h0PSIxIiB4bWxucz0iaHR0cDovL3d3dy53My5vcmcvMjAwMC9zdmciPjwvc3ZnPg==\" style=\"--smush-placeholder-width: 576px; --smush-placeholder-aspect-ratio: 576\/1024;\" \/><\/figure>\n","protected":false},"excerpt":{"rendered":"<p>Chocia\u017c ze wzgl\u0119du na oszcz\u0119dno\u015bci w mniejszym stopniu ni\u017c rok temu, miasto stroi si\u0119 na \u015bwi\u0119ta. Na placu Biega\u0144skiego oraz Placu Orl\u0105t Lwowskich stan\u0119\u0142y<\/p>\n","protected":false},"author":7,"featured_media":8597,"comment_status":"open","ping_status":"open","sticky":false,"template":"","format":"standard","meta":{"_monsterinsights_skip_tracking":false,"_monsterinsights_sitenote_active":false,"_monsterinsights_sitenote_note":"","_monsterinsights_sitenote_category":0,"_uf_show_specific_survey":0,"_uf_disable_surveys":false,"footnotes":""},"categories":[3,94,2],"tags":[],"class_list":["post-8594","post","type-post","status-publish","format-standard","has-post-thumbnail","hentry","category-czestochowa-informacje","category-polecane","category-wiadomosci"],"_links":{"self":[{"href":"https:\/\/gazetaregionalna.com\/index.php?rest_route=\/wp\/v2\/posts\/8594","targetHints":{"allow":["GET"]}}],"collection":[{"href":"https:\/\/gazetaregionalna.com\/index.php?rest_route=\/wp\/v2\/posts"}],"about":[{"href":"https:\/\/gazetaregionalna.com\/index.php?rest_route=\/wp\/v2\/types\/post"}],"author":[{"embeddable":true,"href":"https:\/\/gazetaregionalna.com\/index.php?rest_route=\/wp\/v2\/users\/7"}],"replies":[{"embeddable":true,"href":"https:\/\/gazetaregionalna.com\/index.php?rest_route=%2Fwp%2Fv2%2Fcomments&post=8594"}],"version-history":[{"count":2,"href":"https:\/\/gazetaregionalna.com\/index.php?rest_route=\/wp\/v2\/posts\/8594\/revisions"}],"predecessor-version":[{"id":8599,"href":"https:\/\/gazetaregionalna.com\/index.php?rest_route=\/wp\/v2\/posts\/8594\/revisions\/8599"}],"wp:featuredmedia":[{"embeddable":true,"href":"https:\/\/gazetaregionalna.com\/index.php?rest_route=\/wp\/v2\/media\/8597"}],"wp:attachment":[{"href":"https:\/\/gazetaregionalna.com\/index.php?rest_route=%2Fwp%2Fv2%2Fmedia&parent=8594"}],"wp:term":[{"taxonomy":"category","embeddable":true,"href":"https:\/\/gazetaregionalna.com\/index.php?rest_route=%2Fwp%2Fv2%2Fcategories&post=8594"},{"taxonomy":"post_tag","embeddable":true,"href":"https:\/\/gazetaregionalna.com\/index.php?rest_route=%2Fwp%2Fv2%2Ftags&post=8594"}],"curies":[{"name":"wp","href":"https:\/\/api.w.org\/{rel}","templated":true}]}}