{"id":8589,"date":"2019-12-04T11:06:06","date_gmt":"2019-12-04T11:06:06","guid":{"rendered":"https:\/\/gazetaregionalna.com\/?p=8589"},"modified":"2019-12-04T11:06:09","modified_gmt":"2019-12-04T11:06:09","slug":"solectwa-wydawaly-pieniadze","status":"publish","type":"post","link":"https:\/\/gazetaregionalna.com\/?p=8589","title":{"rendered":"So\u0142ectwa wydawa\u0142y pieni\u0105dze"},"content":{"rendered":"\n<p>\nBudowa\nwiat, remonty i spotkania integruj\u0105ce lokaln\u0105 spo\u0142eczno\u015b\u0107, na to\ng\u0142\u00f3wnie wydawano w tym roku Fundusz So\u0142ecki w gminie \u017barki. Na\ncele wskazane przez mieszka\u0144c\u00f3w przeznaczono w sumie ponad 250 tys.\nz\u0142otych.<\/p>\n\n\n\n<figure class=\"wp-block-image\"><img decoding=\"async\" width=\"1024\" height=\"683\" data-src=\"https:\/\/gazetaregionalna.com\/wp-content\/uploads\/2019\/12\/solecki_suliszowice-1024x683.jpg\" alt=\"\" class=\"wp-image-8590 lazyload\" data-srcset=\"https:\/\/gazetaregionalna.com\/wp-content\/uploads\/2019\/12\/solecki_suliszowice-1024x683.jpg 1024w, https:\/\/gazetaregionalna.com\/wp-content\/uploads\/2019\/12\/solecki_suliszowice-300x200.jpg 300w, https:\/\/gazetaregionalna.com\/wp-content\/uploads\/2019\/12\/solecki_suliszowice-768x512.jpg 768w, https:\/\/gazetaregionalna.com\/wp-content\/uploads\/2019\/12\/solecki_suliszowice-696x464.jpg 696w, https:\/\/gazetaregionalna.com\/wp-content\/uploads\/2019\/12\/solecki_suliszowice-1068x712.jpg 1068w, https:\/\/gazetaregionalna.com\/wp-content\/uploads\/2019\/12\/solecki_suliszowice-630x420.jpg 630w, https:\/\/gazetaregionalna.com\/wp-content\/uploads\/2019\/12\/solecki_suliszowice.jpg 1200w\" data-sizes=\"(max-width: 1024px) 100vw, 1024px\" src=\"data:image\/svg+xml;base64,PHN2ZyB3aWR0aD0iMSIgaGVpZ2h0PSIxIiB4bWxucz0iaHR0cDovL3d3dy53My5vcmcvMjAwMC9zdmciPjwvc3ZnPg==\" style=\"--smush-placeholder-width: 1024px; --smush-placeholder-aspect-ratio: 1024\/683;\" \/><\/figure>\n\n\n\n<p> &#8211;<em> Rok 2019 jest pierwszym, w kt\u00f3rym jest realizowany fundusz so\u0142eck<\/em>i \u2013 informuje burmistrz Miasta i Gminy \u017barki Klemens Podlejski. \u2013 <em>Mieszka\u0144cy do wrze\u015bnia ubieg\u0142ego roku podejmowali uchwa\u0142y na zebraniach so\u0142eckich i sami podzieli przyznane ich so\u0142ectwom \u015brodki.<\/em><\/p>\n\n\n\n<p>\nW\nCzatachowie&nbsp;zdecydowano si\u0119 na budow\u0119 wiaty przy \u015bwietlicy.\nDla najm\u0142odszych&nbsp;w Jaroszowie&nbsp;&nbsp;zosta\u0142 zaplanowany\nplac zabaw. Monta\u017c urz\u0105dze\u0144 jest przewidziany na wiosn\u0119 2020. W\nJaworzniku z pieni\u0119dzy so\u0142eckich wybudowano amfiteatr do\norganizacji wyst\u0119p\u00f3w artystycznych. Natomiast w\nKotowicach&nbsp;przygotowano projekt o\u015bwietlenia przy boisku\nwielofunkcyjnym, zakupiono dodatkowe urz\u0105dzenia na plac zabaw&nbsp;\ni wydatkowano \u015brodki na imprezy integracyjne dla mieszka\u0144c\u00f3w\nso\u0142ectwa.<\/p>\n\n\n\n<p>\nW\nOstrowie&nbsp;wymieniono cz\u0119\u015b\u0107 zniszczonego ogrodzenie wok\u00f3\u0142\nbudynku przy ul. Szkolnej.<\/p>\n\n\n\n<p>\nW\nmiejscowo\u015bci Przybyn\u00f3w powstaje wiata wraz ze sto\u0142ami i \u0142awami.<\/p>\n\n\n\n<p>\nW\nSuliszowicach  w ramach zada\u0144 so\u0142eckich u\u0142o\u017cono chodnik i\nstworzono miejsca parkingowe przy \u015awietlicy Wiejskiej.<\/p>\n\n\n\n<p>\nMieszka\u0144cy\nWysokiej Lelowskiej zdecydowali si\u0119 wyda\u0107 pieni\u0105dze na  remont\ntoalety w wiejskiej \u015bwietlicy. \n<\/p>\n\n\n\n<p>\nW\nZaborzu&nbsp; zaprojektowano  o\u015bwietlenie ulicy Rzecznej, a\nw&nbsp;Zawadzie&nbsp; przeprowadzono remont ogrodzenia przy Szkole\nPodstawowej. W ramach funduszu dla mieszka\u0144c\u00f3w so\u0142ectwa\nzorganizowano te\u017c wycieczk\u0119.<\/p>\n","protected":false},"excerpt":{"rendered":"<p>Budowa wiat, remonty i spotkania integruj\u0105ce lokaln\u0105 spo\u0142eczno\u015b\u0107, na to g\u0142\u00f3wnie wydawano w tym roku Fundusz So\u0142ecki w gminie \u017barki. Na cele wskazane przez<\/p>\n","protected":false},"author":7,"featured_media":8591,"comment_status":"open","ping_status":"open","sticky":false,"template":"","format":"standard","meta":{"_monsterinsights_skip_tracking":false,"_monsterinsights_sitenote_active":false,"_monsterinsights_sitenote_note":"","_monsterinsights_sitenote_category":0,"_uf_show_specific_survey":0,"_uf_disable_surveys":false,"footnotes":""},"categories":[33,26,94,2],"tags":[],"class_list":["post-8589","post","type-post","status-publish","format-standard","has-post-thumbnail","hentry","category-inwestycje","category-myszkow","category-polecane","category-wiadomosci"],"_links":{"self":[{"href":"https:\/\/gazetaregionalna.com\/index.php?rest_route=\/wp\/v2\/posts\/8589","targetHints":{"allow":["GET"]}}],"collection":[{"href":"https:\/\/gazetaregionalna.com\/index.php?rest_route=\/wp\/v2\/posts"}],"about":[{"href":"https:\/\/gazetaregionalna.com\/index.php?rest_route=\/wp\/v2\/types\/post"}],"author":[{"embeddable":true,"href":"https:\/\/gazetaregionalna.com\/index.php?rest_route=\/wp\/v2\/users\/7"}],"replies":[{"embeddable":true,"href":"https:\/\/gazetaregionalna.com\/index.php?rest_route=%2Fwp%2Fv2%2Fcomments&post=8589"}],"version-history":[{"count":1,"href":"https:\/\/gazetaregionalna.com\/index.php?rest_route=\/wp\/v2\/posts\/8589\/revisions"}],"predecessor-version":[{"id":8592,"href":"https:\/\/gazetaregionalna.com\/index.php?rest_route=\/wp\/v2\/posts\/8589\/revisions\/8592"}],"wp:featuredmedia":[{"embeddable":true,"href":"https:\/\/gazetaregionalna.com\/index.php?rest_route=\/wp\/v2\/media\/8591"}],"wp:attachment":[{"href":"https:\/\/gazetaregionalna.com\/index.php?rest_route=%2Fwp%2Fv2%2Fmedia&parent=8589"}],"wp:term":[{"taxonomy":"category","embeddable":true,"href":"https:\/\/gazetaregionalna.com\/index.php?rest_route=%2Fwp%2Fv2%2Fcategories&post=8589"},{"taxonomy":"post_tag","embeddable":true,"href":"https:\/\/gazetaregionalna.com\/index.php?rest_route=%2Fwp%2Fv2%2Ftags&post=8589"}],"curies":[{"name":"wp","href":"https:\/\/api.w.org\/{rel}","templated":true}]}}