{"id":8580,"date":"2019-12-04T10:32:02","date_gmt":"2019-12-04T10:32:02","guid":{"rendered":"https:\/\/gazetaregionalna.com\/?p=8580"},"modified":"2019-12-04T10:32:05","modified_gmt":"2019-12-04T10:32:05","slug":"ania-dabrowska-w-filharmonii","status":"publish","type":"post","link":"https:\/\/gazetaregionalna.com\/?p=8580","title":{"rendered":"Ania D\u0105browska w Filharmonii"},"content":{"rendered":"\n<p>\nW\nnajbli\u017cszy pi\u0105tek, 6 grudnia w<br>\nFilharmonii\nCz\u0119stochowskiej\nwyst\u0105pi Ania D\u0105browska. Cz\u0119stochowski koncert artystki odb\u0119dzie\nsi\u0119 w ramach jej jesiennej trasy koncertowej. <br>\n<br>\nBilety\nw cenach: 79 z\u0142 (strefa C), 109 z\u0142 (strefa B), 139 z\u0142 (strefa A)\ndost\u0119pne na: <a href=\"http:\/\/www.eventim.pl\/goodtaste?fbclid=IwAR0Vx8gJKplQ_dusErzl8lFo1gxn8xiUuvjYMOqjic_cpjTRzxMMouXhMAA\" target=\"_blank\" rel=\"noreferrer noopener\">www.eventim.pl\/goodtaste<\/a>,\n<a href=\"https:\/\/l.facebook.com\/l.php?u=https%3A%2F%2Fwww.ebilet.pl%2F%3Ffbclid%3DIwAR0HrMuKhrhD9tWQRFKT9136OpoaYXH086eIxcgPw2vzuBUqbmQcXSuWeVI&amp;h=AT1L7ugvkG4cM05BuzDkg5LrFs3pYsPB-JwQW-iWVdof1hHohEUpeuZ3JfT9uE3ITvk3GYYnnk08BdR-4PP1b2eNraBZ203aNqxXsFyKZd8KeVL7r0IkrlMXfh2bp7nB\" target=\"_blank\" rel=\"noreferrer noopener\">www.ebilet.pl<\/a>,\n<a href=\"https:\/\/l.facebook.com\/l.php?u=http%3A%2F%2Fwww.kupbilecik.pl%2F%3Ffbclid%3DIwAR0HpKcEfxUMWU2-vuAgM8ae58rD74GdPqWb4vpWaws5-xAtLWBR-4YQEn0&amp;h=AT1ebb_HOrdVpFYJTgO4Une20UOK_fE_gsH-rVycNF_wJ74UP9BYU1gosuaKgdRdh0wCsUwtM80ah_u-MiC4i7PxS8zQkexMq6qdezz5w5hztHwOaVXsCd6c-AjJtWGi\" target=\"_blank\" rel=\"noreferrer noopener\">www.kupbilecik.pl<\/a>\noraz\nw sklepach sieci Media Markt.<\/p>\n\n\n\n<p>\nPocz\u0105tek\nkoncertu godzina 20.<\/p>\n","protected":false},"excerpt":{"rendered":"<p>W najbli\u017cszy pi\u0105tek, 6 grudnia w Filharmonii Cz\u0119stochowskiej wyst\u0105pi Ania D\u0105browska. Cz\u0119stochowski koncert artystki odb\u0119dzie si\u0119 w ramach jej jesiennej trasy koncertowej. Bilety w<\/p>\n","protected":false},"author":7,"featured_media":8581,"comment_status":"open","ping_status":"open","sticky":false,"template":"","format":"standard","meta":{"_monsterinsights_skip_tracking":false,"_monsterinsights_sitenote_active":false,"_monsterinsights_sitenote_note":"","_monsterinsights_sitenote_category":0,"_uf_show_specific_survey":0,"_uf_disable_surveys":false,"footnotes":""},"categories":[3,12,94,2,13],"tags":[],"class_list":["post-8580","post","type-post","status-publish","format-standard","has-post-thumbnail","hentry","category-czestochowa-informacje","category-kultura-i-rozrywka","category-polecane","category-wiadomosci","category-wydarzenia"],"_links":{"self":[{"href":"https:\/\/gazetaregionalna.com\/index.php?rest_route=\/wp\/v2\/posts\/8580","targetHints":{"allow":["GET"]}}],"collection":[{"href":"https:\/\/gazetaregionalna.com\/index.php?rest_route=\/wp\/v2\/posts"}],"about":[{"href":"https:\/\/gazetaregionalna.com\/index.php?rest_route=\/wp\/v2\/types\/post"}],"author":[{"embeddable":true,"href":"https:\/\/gazetaregionalna.com\/index.php?rest_route=\/wp\/v2\/users\/7"}],"replies":[{"embeddable":true,"href":"https:\/\/gazetaregionalna.com\/index.php?rest_route=%2Fwp%2Fv2%2Fcomments&post=8580"}],"version-history":[{"count":1,"href":"https:\/\/gazetaregionalna.com\/index.php?rest_route=\/wp\/v2\/posts\/8580\/revisions"}],"predecessor-version":[{"id":8582,"href":"https:\/\/gazetaregionalna.com\/index.php?rest_route=\/wp\/v2\/posts\/8580\/revisions\/8582"}],"wp:featuredmedia":[{"embeddable":true,"href":"https:\/\/gazetaregionalna.com\/index.php?rest_route=\/wp\/v2\/media\/8581"}],"wp:attachment":[{"href":"https:\/\/gazetaregionalna.com\/index.php?rest_route=%2Fwp%2Fv2%2Fmedia&parent=8580"}],"wp:term":[{"taxonomy":"category","embeddable":true,"href":"https:\/\/gazetaregionalna.com\/index.php?rest_route=%2Fwp%2Fv2%2Fcategories&post=8580"},{"taxonomy":"post_tag","embeddable":true,"href":"https:\/\/gazetaregionalna.com\/index.php?rest_route=%2Fwp%2Fv2%2Ftags&post=8580"}],"curies":[{"name":"wp","href":"https:\/\/api.w.org\/{rel}","templated":true}]}}