{"id":85638,"date":"2022-07-05T05:05:46","date_gmt":"2022-07-05T05:05:46","guid":{"rendered":"https:\/\/gazetaregionalna.com\/?p=85638"},"modified":"2022-07-05T05:07:25","modified_gmt":"2022-07-05T05:07:25","slug":"nowe-oplatomaty-w-urzedzie-miasta","status":"publish","type":"post","link":"https:\/\/gazetaregionalna.com\/?p=85638","title":{"rendered":"Nowe op\u0142atomaty w Urz\u0119dzie Miasta"},"content":{"rendered":"\n<h2 class=\"wp-block-heading\"><strong>Od kilku dni w cz\u0119stochowskim Urz\u0119dzie Miasta dzia\u0142aj\u0105 nowe op\u0142atomaty. Op\u0142at administracyjnych mo\u017cna dokona\u0107 przelewem lub kart\u0105 bez prowizji, ale nie mo\u017cna ju\u017c p\u0142aci\u0107 got\u00f3wk\u0105.<\/strong><\/h2>\n\n\n\n<p>Zmiany w sposobie p\u0142atno\u015bci spowodowane zosta\u0142y now\u0105 umow\u0105 pomi\u0119dzy Bankiem Handlowym w Warszawie a Urz\u0119dem Miasta Cz\u0119stochowy. Z urz\u0119du znikn\u0119\u0142y bankowe kasy, a pojawi\u0142y si\u0119 op\u0142atomaty. Odt\u0105d w Urz\u0119dzie Miasta zar\u00f3wno przy ulicy \u015al\u0105skiej jak i Waszyngtona, nie ma ju\u017c mo\u017cliwo\u015bci p\u0142atno\u015bci got\u00f3wk\u0105.<\/p>\n\n\n\n<p>Przez op\u0142atomat mo\u017cemy dokona\u0107 przelewu lub zap\u0142aci\u0107 kart\u0105. P\u0142atno\u015bci kart\u0105  przyjmowane s\u0105 r\u00f3wnie\u017c przy stanowiskach obs\u0142ugi interesant\u00f3w.<\/p>\n\n\n\n<p>Zwolennicy p\u0142atno\u015bci got\u00f3wkowych, mog\u0105 je zrobi\u0107 bez prowizji w plac\u00f3wce Poczty Polskiej. Lista dost\u0119pna jest na <a href=\"https:\/\/www.poczta-polska.pl\/\" target=\"_blank\" rel=\"noopener\">https:\/\/www.poczta-polska.pl\/<\/a><\/p>\n\n\n\n<p>Instrukcj\u0119 obs\u0142ugi op\u0142atomatu mo\u017cna pobra\u0107 ze strony internetowej Urz\u0119du Miasta <a href=\"https:\/\/www.czestochowa.pl\/nowe-oplatomaty\" target=\"_blank\" rel=\"noopener\">https:\/\/www.czestochowa.pl\/nowe-oplatomaty<\/a><\/p>\n\n\n\n<p>Panel op\u0142atomatu poprowadzi nas po kolei przez wszystkie kroki do dokonania w\u0142a\u015bciwej p\u0142atno\u015bci.<\/p>\n\n\n\n<p>Nowa umowa z Bankiem Handlowym zak\u0142ada dzia\u0142anie op\u0142atomat\u00f3w do ko\u0144ca 2023 roku.<\/p>\n\n\n\n<figure class=\"wp-block-gallery columns-2 is-cropped wp-block-gallery-1 is-layout-flex wp-block-gallery-is-layout-flex\"><ul class=\"blocks-gallery-grid\"><li class=\"blocks-gallery-item\"><figure><img decoding=\"async\" width=\"1024\" height=\"768\" data-src=\"https:\/\/gazetaregionalna.com\/wp-content\/uploads\/2022\/07\/oplatom-1024x768.jpg\" alt=\"\" data-id=\"85640\" data-link=\"https:\/\/gazetaregionalna.com\/?attachment_id=85640\" class=\"wp-image-85640 lazyload\" data-srcset=\"https:\/\/gazetaregionalna.com\/wp-content\/uploads\/2022\/07\/oplatom-1024x768.jpg 1024w, https:\/\/gazetaregionalna.com\/wp-content\/uploads\/2022\/07\/oplatom-300x225.jpg 300w, https:\/\/gazetaregionalna.com\/wp-content\/uploads\/2022\/07\/oplatom-768x576.jpg 768w, https:\/\/gazetaregionalna.com\/wp-content\/uploads\/2022\/07\/oplatom-1536x1152.jpg 1536w, https:\/\/gazetaregionalna.com\/wp-content\/uploads\/2022\/07\/oplatom-2048x1536.jpg 2048w, https:\/\/gazetaregionalna.com\/wp-content\/uploads\/2022\/07\/oplatom-696x522.jpg 696w, https:\/\/gazetaregionalna.com\/wp-content\/uploads\/2022\/07\/oplatom-1068x801.jpg 1068w, https:\/\/gazetaregionalna.com\/wp-content\/uploads\/2022\/07\/oplatom-1920x1440.jpg 1920w, https:\/\/gazetaregionalna.com\/wp-content\/uploads\/2022\/07\/oplatom-560x420.jpg 560w, https:\/\/gazetaregionalna.com\/wp-content\/uploads\/2022\/07\/oplatom-80x60.jpg 80w, https:\/\/gazetaregionalna.com\/wp-content\/uploads\/2022\/07\/oplatom-265x198.jpg 265w, https:\/\/gazetaregionalna.com\/wp-content\/uploads\/2022\/07\/oplatom-scaled.jpg 1600w\" data-sizes=\"(max-width: 1024px) 100vw, 1024px\" src=\"data:image\/svg+xml;base64,PHN2ZyB3aWR0aD0iMSIgaGVpZ2h0PSIxIiB4bWxucz0iaHR0cDovL3d3dy53My5vcmcvMjAwMC9zdmciPjwvc3ZnPg==\" style=\"--smush-placeholder-width: 1024px; --smush-placeholder-aspect-ratio: 1024\/768;\" \/><\/figure><\/li><li class=\"blocks-gallery-item\"><figure><img decoding=\"async\" width=\"1024\" height=\"768\" data-src=\"https:\/\/gazetaregionalna.com\/wp-content\/uploads\/2022\/07\/oplatom1-1024x768.jpg\" alt=\"\" data-id=\"85641\" data-full-url=\"https:\/\/gazetaregionalna.com\/wp-content\/uploads\/2022\/07\/oplatom1-scaled.jpg\" data-link=\"https:\/\/gazetaregionalna.com\/?attachment_id=85641\" class=\"wp-image-85641 lazyload\" data-srcset=\"https:\/\/gazetaregionalna.com\/wp-content\/uploads\/2022\/07\/oplatom1-1024x768.jpg 1024w, https:\/\/gazetaregionalna.com\/wp-content\/uploads\/2022\/07\/oplatom1-300x225.jpg 300w, https:\/\/gazetaregionalna.com\/wp-content\/uploads\/2022\/07\/oplatom1-768x576.jpg 768w, https:\/\/gazetaregionalna.com\/wp-content\/uploads\/2022\/07\/oplatom1-1536x1152.jpg 1536w, https:\/\/gazetaregionalna.com\/wp-content\/uploads\/2022\/07\/oplatom1-2048x1536.jpg 2048w, https:\/\/gazetaregionalna.com\/wp-content\/uploads\/2022\/07\/oplatom1-696x522.jpg 696w, https:\/\/gazetaregionalna.com\/wp-content\/uploads\/2022\/07\/oplatom1-1068x801.jpg 1068w, https:\/\/gazetaregionalna.com\/wp-content\/uploads\/2022\/07\/oplatom1-1920x1440.jpg 1920w, https:\/\/gazetaregionalna.com\/wp-content\/uploads\/2022\/07\/oplatom1-560x420.jpg 560w, https:\/\/gazetaregionalna.com\/wp-content\/uploads\/2022\/07\/oplatom1-80x60.jpg 80w, https:\/\/gazetaregionalna.com\/wp-content\/uploads\/2022\/07\/oplatom1-265x198.jpg 265w, https:\/\/gazetaregionalna.com\/wp-content\/uploads\/2022\/07\/oplatom1-scaled.jpg 1600w\" data-sizes=\"(max-width: 1024px) 100vw, 1024px\" src=\"data:image\/svg+xml;base64,PHN2ZyB3aWR0aD0iMSIgaGVpZ2h0PSIxIiB4bWxucz0iaHR0cDovL3d3dy53My5vcmcvMjAwMC9zdmciPjwvc3ZnPg==\" style=\"--smush-placeholder-width: 1024px; --smush-placeholder-aspect-ratio: 1024\/768;\" \/><\/figure><\/li><\/ul><figcaption class=\"blocks-gallery-caption\">fot.UM Cz\u0119stochowy<\/figcaption><\/figure>\n\n\n\n<p><\/p>\n","protected":false},"excerpt":{"rendered":"<p>Od kilku dni w cz\u0119stochowskim Urz\u0119dzie Miasta dzia\u0142aj\u0105 nowe op\u0142atomaty. Op\u0142at administracyjnych mo\u017cna dokona\u0107 przelewem lub kart\u0105 bez prowizji, ale nie mo\u017cna ju\u017c p\u0142aci\u0107<\/p>\n","protected":false},"author":24,"featured_media":85642,"comment_status":"closed","ping_status":"open","sticky":false,"template":"","format":"standard","meta":{"_monsterinsights_skip_tracking":false,"_monsterinsights_sitenote_active":false,"_monsterinsights_sitenote_note":"","_monsterinsights_sitenote_category":0,"_uf_show_specific_survey":0,"_uf_disable_surveys":false,"footnotes":""},"categories":[3,17,42],"tags":[825,5481,1301,5482,1640,5350],"class_list":["post-85638","post","type-post","status-publish","format-standard","has-post-thumbnail","hentry","category-czestochowa-informacje","category-dom","category-finanse","tag-karta-platnicza","tag-oplatomaty","tag-poczta-polska","tag-przelew-bankowy","tag-urzad-miasta-czestochowy","tag-wplaty-bezgotowkowe"],"_links":{"self":[{"href":"https:\/\/gazetaregionalna.com\/index.php?rest_route=\/wp\/v2\/posts\/85638","targetHints":{"allow":["GET"]}}],"collection":[{"href":"https:\/\/gazetaregionalna.com\/index.php?rest_route=\/wp\/v2\/posts"}],"about":[{"href":"https:\/\/gazetaregionalna.com\/index.php?rest_route=\/wp\/v2\/types\/post"}],"author":[{"embeddable":true,"href":"https:\/\/gazetaregionalna.com\/index.php?rest_route=\/wp\/v2\/users\/24"}],"replies":[{"embeddable":true,"href":"https:\/\/gazetaregionalna.com\/index.php?rest_route=%2Fwp%2Fv2%2Fcomments&post=85638"}],"version-history":[{"count":2,"href":"https:\/\/gazetaregionalna.com\/index.php?rest_route=\/wp\/v2\/posts\/85638\/revisions"}],"predecessor-version":[{"id":85643,"href":"https:\/\/gazetaregionalna.com\/index.php?rest_route=\/wp\/v2\/posts\/85638\/revisions\/85643"}],"wp:featuredmedia":[{"embeddable":true,"href":"https:\/\/gazetaregionalna.com\/index.php?rest_route=\/wp\/v2\/media\/85642"}],"wp:attachment":[{"href":"https:\/\/gazetaregionalna.com\/index.php?rest_route=%2Fwp%2Fv2%2Fmedia&parent=85638"}],"wp:term":[{"taxonomy":"category","embeddable":true,"href":"https:\/\/gazetaregionalna.com\/index.php?rest_route=%2Fwp%2Fv2%2Fcategories&post=85638"},{"taxonomy":"post_tag","embeddable":true,"href":"https:\/\/gazetaregionalna.com\/index.php?rest_route=%2Fwp%2Fv2%2Ftags&post=85638"}],"curies":[{"name":"wp","href":"https:\/\/api.w.org\/{rel}","templated":true}]}}