{"id":85500,"date":"2022-07-04T09:38:43","date_gmt":"2022-07-04T09:38:43","guid":{"rendered":"https:\/\/gazetaregionalna.com\/?p=85500"},"modified":"2022-07-04T09:38:44","modified_gmt":"2022-07-04T09:38:44","slug":"7-latek-uratowany-przed-utonieciem","status":"publish","type":"post","link":"https:\/\/gazetaregionalna.com\/?p=85500","title":{"rendered":"Koniecpol: 7-latek uratowany przed utoni\u0119ciem"},"content":{"rendered":"\n<p><strong>Szybka reakcja \u015bwiadka sprawi\u0142a, \u017ce ton\u0105cy 7-latek w por\u0119 zosta\u0142 wyci\u0105gni\u0119ty z wody. Matce, kt\u00f3ra opiekowa\u0142a si\u0119 dzieckiem w stanie nietrze\u017awo\u015bci, grozi do 5 lat pozbawienia wolno\u015bci.<\/strong><\/p>\n\n\n\n<p>Do zdarzenia dosz\u0142o w ubieg\u0142ym tygodniu nad jednym z niestrze\u017conych zbiornik\u00f3w wodnych w Koniecpolu. Jak ustalili policjanci, w wodzie przebywa\u0142o kilka os\u00f3b, w tym niepe\u0142noletnie dzieci. W pewnym momencie kobieta wypoczywaj\u0105ca nieopodal zbiornika wodnego zauwa\u017cy\u0142a, \u017ce jedno z dzieci &#8211; kilkuletni ch\u0142opczyk, zaczyna si\u0119 topi\u0107, a w pobli\u017cu nie widzia\u0142a jego opiekun\u00f3w.<\/p>\n\n\n\n<p>Bez wahania ruszy\u0142a do wody. Wyci\u0105gn\u0119\u0142a ze zbiornika 7-letniego ch\u0142opca i udzieli\u0142a mu pomocy. Po chwili do ch\u0142opca podbieg\u0142a jego matka \u2013 43-letnia obywatelka Ukrainy. W chwili zdarzenia kobieta siedzia\u0142a na pobliskiej pla\u017cy, lecz nie zauwa\u017cy\u0142a niebezpiecze\u0144stwa.<\/p>\n\n\n\n<p>Wst\u0119pne badanie wykaza\u0142o, \u017ce matka ch\u0142opca by\u0142a pijana. W organizmie mia\u0142a prawie promil alkoholu. Dziecko zosta\u0142o przewiezione do szpitala na badania. Dzi\u0119ki szybkiej i zdecydowanej reakcji \u015bwiadka dziecko nie odnios\u0142o \u017cadnych obra\u017ce\u0144 i nie dosz\u0142o do tragedii.<\/p>\n\n\n\n<p>Wypadki w wodzie mog\u0105 mie\u0107 rozmaity charakter. Mo\u017ce doj\u015b\u0107 do utoni\u0119cia, podtopienia oraz utoni\u0119cia wt\u00f3rnego czy suchego. Dwa ostatnie to zdarzenia o r\u00f3\u017cnym mechanizmie, r\u00f3\u017cni\u0105ce si\u0119 czasem wyst\u0105pienia objaw\u00f3w.<\/p>\n\n\n\n<p>W obu przypadkach pocz\u0105tkowo nic nie zwiastuje mo\u017cliwo\u015bci wyst\u0105pienia powik\u0142a\u0144, dlatego nale\u017cy bacznie obserwowa\u0107 osob\u0119, kt\u00f3ra do\u015bwiadczy\u0142a nieszcz\u0119\u015bliwego wypadku w wodzie. Najwa\u017cniejsze s\u0105 pierwsze 72 godziny. To w\u0142a\u015bnie w tym czasie mog\u0105 wyst\u0105pi\u0107 objawy wskazuj\u0105ce na to, \u017ce w organizmie dzieje si\u0119 co\u015b z\u0142ego.<\/p>\n\n\n\n<p>Utoni\u0119cie to trzecia pod wzgl\u0119dem policyjnych statystyk przyczyna \u015bmierci dzieci i m\u0142odzie\u017cy do 18 roku \u017cycia. Sp\u0119dzaj\u0105c czas wolny nad wod\u0105 i opiekuj\u0105c si\u0119 dzie\u0107mi nale\u017cy skupi\u0107 swoj\u0105 uwag\u0119 na niepe\u0142noletnich dzieciach, kt\u00f3re nie zdaj\u0105 sobie sprawy z potencjalnych zagro\u017ce\u0144. Nie wolno spo\u017cywa\u0107 alkoholu ani innych \u015brodk\u00f3w dzia\u0142aj\u0105cych podobnie, poniewa\u017c te powoduj\u0105 zmniejszenie uwagi po\u015bwi\u0119canej dzieciom, kt\u00f3re w tym czasie beztrosko bawi\u0105 si\u0119 w wodzie.<\/p>\n\n\n\n<p>W ramach kampanii &#8222;<a href=\"https:\/\/www.policja.pl\/pol\/aktualnosci\/219487,Kreci-mnie-bezpieczenstwo-nad-woda-spoty-informacyjne.html\" target=\"_blank\" rel=\"noopener\">Kr\u0119ci mnie bezpiecze\u0144stwo nad wod\u0105<\/a>&#8221; cz\u0119stochowska policja zorganizowa\u0142a akcj\u0119 &#8221;<a href=\"https:\/\/czestochowa.policja.gov.pl\/ka7\/informacje\/wiadomosci\/339896,Kreci-mnie-bezpieczenstwo-nad-woda-quotMisie-i-dzieci-tona-po-cichuquot.html\" target=\"_blank\" rel=\"noopener\">Misie i dzieci ton\u0105 po cichu<\/a>\u201d, by przestrzega\u0107 mieszka\u0144c\u00f3w miasta i powiatu przed brawur\u0105 i nieodpowiedzialnym zachowaniem w miejscach wodnych rekreacji.<\/p>\n\n\n\n<figure class=\"wp-block-image size-large\"><img decoding=\"async\" width=\"724\" height=\"1024\" data-src=\"https:\/\/gazetaregionalna.com\/wp-content\/uploads\/2020\/07\/plakat-NAD-WOD\u0104-724x1024.jpg\" alt=\"7-latek\" class=\"wp-image-15974 lazyload\" data-srcset=\"https:\/\/gazetaregionalna.com\/wp-content\/uploads\/2020\/07\/plakat-NAD-WOD\u0104-724x1024.jpg 724w, https:\/\/gazetaregionalna.com\/wp-content\/uploads\/2020\/07\/plakat-NAD-WOD\u0104-212x300.jpg 212w, https:\/\/gazetaregionalna.com\/wp-content\/uploads\/2020\/07\/plakat-NAD-WOD\u0104-768x1086.jpg 768w, https:\/\/gazetaregionalna.com\/wp-content\/uploads\/2020\/07\/plakat-NAD-WOD\u0104-696x984.jpg 696w, https:\/\/gazetaregionalna.com\/wp-content\/uploads\/2020\/07\/plakat-NAD-WOD\u0104-297x420.jpg 297w, https:\/\/gazetaregionalna.com\/wp-content\/uploads\/2020\/07\/plakat-NAD-WOD\u0104.jpg 1020w\" data-sizes=\"(max-width: 724px) 100vw, 724px\" src=\"data:image\/svg+xml;base64,PHN2ZyB3aWR0aD0iMSIgaGVpZ2h0PSIxIiB4bWxucz0iaHR0cDovL3d3dy53My5vcmcvMjAwMC9zdmciPjwvc3ZnPg==\" style=\"--smush-placeholder-width: 724px; --smush-placeholder-aspect-ratio: 724\/1024;\" \/><\/figure>\n\n\n\n<p>LN\/KMP Cz\u0119stochowa<\/p>\n","protected":false},"excerpt":{"rendered":"<p>Szybka reakcja \u015bwiadka sprawi\u0142a, \u017ce ton\u0105cy 7-latek w por\u0119 zosta\u0142 wyci\u0105gni\u0119ty z wody. Matce, kt\u00f3ra opiekowa\u0142a si\u0119 dzieckiem w stanie nietrze\u017awo\u015bci, grozi do 5<\/p>\n","protected":false},"author":26,"featured_media":9531,"comment_status":"closed","ping_status":"open","sticky":false,"template":"","format":"standard","meta":{"_monsterinsights_skip_tracking":false,"_monsterinsights_sitenote_active":false,"_monsterinsights_sitenote_note":"","_monsterinsights_sitenote_category":0,"_uf_show_specific_survey":0,"_uf_disable_surveys":false,"footnotes":""},"categories":[44,4,2],"tags":[1257,5471,5470,5468,5469,3555],"class_list":["post-85500","post","type-post","status-publish","format-standard","has-post-thumbnail","hentry","category-bezpieczenstwo","category-region","category-wiadomosci","tag-koniecpol","tag-kreci-mnie-bezpieczenstwo-nad-woda","tag-misie-i-dzieci-tona-po-cichu","tag-podtopienie","tag-reakcja-swiadka","tag-zbiornik-wodny"],"_links":{"self":[{"href":"https:\/\/gazetaregionalna.com\/index.php?rest_route=\/wp\/v2\/posts\/85500","targetHints":{"allow":["GET"]}}],"collection":[{"href":"https:\/\/gazetaregionalna.com\/index.php?rest_route=\/wp\/v2\/posts"}],"about":[{"href":"https:\/\/gazetaregionalna.com\/index.php?rest_route=\/wp\/v2\/types\/post"}],"author":[{"embeddable":true,"href":"https:\/\/gazetaregionalna.com\/index.php?rest_route=\/wp\/v2\/users\/26"}],"replies":[{"embeddable":true,"href":"https:\/\/gazetaregionalna.com\/index.php?rest_route=%2Fwp%2Fv2%2Fcomments&post=85500"}],"version-history":[{"count":1,"href":"https:\/\/gazetaregionalna.com\/index.php?rest_route=\/wp\/v2\/posts\/85500\/revisions"}],"predecessor-version":[{"id":85515,"href":"https:\/\/gazetaregionalna.com\/index.php?rest_route=\/wp\/v2\/posts\/85500\/revisions\/85515"}],"wp:featuredmedia":[{"embeddable":true,"href":"https:\/\/gazetaregionalna.com\/index.php?rest_route=\/wp\/v2\/media\/9531"}],"wp:attachment":[{"href":"https:\/\/gazetaregionalna.com\/index.php?rest_route=%2Fwp%2Fv2%2Fmedia&parent=85500"}],"wp:term":[{"taxonomy":"category","embeddable":true,"href":"https:\/\/gazetaregionalna.com\/index.php?rest_route=%2Fwp%2Fv2%2Fcategories&post=85500"},{"taxonomy":"post_tag","embeddable":true,"href":"https:\/\/gazetaregionalna.com\/index.php?rest_route=%2Fwp%2Fv2%2Ftags&post=85500"}],"curies":[{"name":"wp","href":"https:\/\/api.w.org\/{rel}","templated":true}]}}