{"id":85234,"date":"2022-07-01T10:57:11","date_gmt":"2022-07-01T10:57:11","guid":{"rendered":"https:\/\/gazetaregionalna.com\/?p=85234"},"modified":"2022-07-01T10:57:12","modified_gmt":"2022-07-01T10:57:12","slug":"na-jakich-warunkach-i-stanowiskach-nastolatek-moze-szukac-pracy","status":"publish","type":"post","link":"https:\/\/gazetaregionalna.com\/?p=85234","title":{"rendered":"Nastolatek i praca. Na jakich warunkach i stanowiskach nieletni mo\u017ce szuka\u0107 pracy?"},"content":{"rendered":"\n<p><strong>Wakacje ruszy\u0142y pe\u0142n\u0105 par\u0105, jednak wiele nastolatek i nastolatk\u00f3w niekoniecznie zamierza sp\u0119dzi\u0107 ten czas wy\u0142\u0105cznie rozrywkowo. Cz\u0119\u015b\u0107 chce w\u00f3wczas zarobi\u0107 na w\u0142asne potrzeby, imaj\u0105c si\u0119 r\u00f3\u017cnych zaj\u0119\u0107.<\/strong><\/p>\n\n\n\n<p>Wbrew pozorom na rynku pracy nieletni wcale nie musz\u0105 zbyt d\u0142ugo szuka\u0107, by znale\u017a\u0107 dla siebie odpowiedni\u0105 profesj\u0119, cho\u0107by na czas wakacji w\u0142a\u015bnie. Ma\u0142o tego, praca ta mo\u017ce by\u0107 ca\u0142kowicie legalna, bowiem podparta odpowiedni\u0105 umow\u0105.<\/p>\n\n\n\n<p><strong>Wiek a praca<\/strong><\/p>\n\n\n\n<p>Osoby nieletnie po przekroczeniu odpowiedniego wieku, mog\u0105 by\u0107 zatrudnione w oparciu o okre\u015blone warunki. Od 1 wrze\u015bnia 2018 roku pracowa\u0107 na podstawie umowy o prac\u0119 mog\u0105 legalnie osoby od 15 roku \u017cycia. Do 31 sierpnia 2018 roku Kodeks pracy dopuszcza\u0142 prac\u0119 m\u0142odocianych od 16 roku \u017cycia.<\/p>\n\n\n\n<p>M\u0142odocianym jest osoba, kt\u00f3ra uko\u0144czy\u0142a 15 lat, a nie przekroczy\u0142a 18 lat. Dodatkowo \u00a7 2 Kodeksu zaznacza, \u017ce zabronione jest zatrudnianie osoby, kt\u00f3ra nie uko\u0144czy\u0142a 15 lat, cho\u0107 istnieje kilka wyj\u0105tk\u00f3w od tej regu\u0142y.<\/p>\n\n\n\n<p>Zatem wed\u0142ug Kodeksu, mo\u017cna zatrudni\u0107 pracownika w wieku 15, 16, 17 lat, je\u015bli uko\u0144czy\u0142 szko\u0142\u0119 podstawow\u0105 oraz je\u015bli ten przedstawia \u015bwiadectwo lekarskie stwierdzaj\u0105ce, \u017ce praca danego rodzaju nie zagra\u017ca jego zdrowiu.<\/p>\n\n\n\n<p>Osoba, kt\u00f3ra uko\u0144czy\u0142a szko\u0142\u0105 podstawow\u0105, jednak niemaj\u0105ca 15 lat, mo\u017ce by\u0107 zatrudniona na zasadach okre\u015blonych dla m\u0142odocianych w roku kalendarzowym, w kt\u00f3rym ko\u0144czy 15 lat, w formie nauki zawodu, tj. tylko w celu przygotowania zawodowego w formie przyuczenia do wykonywania okre\u015blonej pracy.<\/p>\n\n\n\n<p><strong>Czas pracy m\u0142odocianego<\/strong><\/p>\n\n\n\n<p>\u015aci\u015ble ustalone regu\u0142y dotycz\u0105 r\u00f3wnie\u017c czasu pracy m\u0142odocianych. 8 godzin na dob\u0119 mo\u017ce pracowa\u0107 osoba powy\u017cej 16. roku \u017cycia, kt\u00f3ra zosta\u0142a zatrudniona w celu przygotowania zawodowego.<\/p>\n\n\n\n<p>M\u0142odocianego nie wolno zatrudnia\u0107 w godzinach nadliczbowych i w porze nocnej (mi\u0119dzy godz. 22 a 6). Przerwa w pracy, obejmuj\u0105ca por\u0119 nocn\u0105, powinna trwa\u0107 co najmniej 14 godzin. W tygodniu niepe\u0142noletni powinien mie\u0107 r\u00f3wnie\u017c zapewnion\u0105 48-godzinn\u0105 przerw\u0119 w pracy, obejmuj\u0105c\u0105 niedziel\u0119.<\/p>\n\n\n\n<p>Je\u015bli m\u0142odociany jest zatrudniony w innym celu ni\u017c przygotowanie zawodowe i jest w trakcie odbywania zaj\u0119\u0107 szkolnych, czas jego pracy nie mo\u017ce przekracza\u0107 12 godzin tygodniowo (w dniu lekcyjnym dozwolone s\u0105 maksymalnie 2 godziny pracy). W okresie ferii szkolnych czas pracy to maksymalnie 7 godzin na dob\u0119 i 35 godzin w tygodniu (a w przypadku os\u00f3b do 16. roku \u017cycia \u2014 maksymalnie 6 godzin na dob\u0119).<\/p>\n\n\n\n<p><strong>Jaka praca?<\/strong><\/p>\n\n\n\n<p>Najbardziej popularne zaj\u0119cia, kt\u00f3re mo\u017ce wykonywa\u0107 osoba nieletnia, to np. praca w restauracji jako kelner\/ka lub pomoc w kuchni, przy zbiorze owoc\u00f3w czy warzyw, w sklepie na kasie, jak i przy wyk\u0142adaniu towaru b\u0105d\u017a przy kolporta\u017cu ulotek albo gazet.<\/p>\n\n\n\n<p>Odrobin\u0119 mniej popularne jest zaj\u0119cie wyprowadzania ps\u00f3w lub opieka nad innymi zwierzakami, niekoniecznie czworonogami. Ponadto nieletni mo\u017ce te\u017c prowadzi\u0107 bloga czy kana\u0142 na You Tube, zatrudni\u0107 si\u0119 w sklepie internetowym, czy jako grafik\/czka komputerowy\/a. Wyb\u00f3r jest spory, bowiem pracodawcy coraz ch\u0119tniej zatrudniaj\u0105 osoby poni\u017cej 18 roku \u017cycia do pracy.<\/p>\n\n\n\n<p>Je\u015bli natomiast jeste\u015b ju\u017c pracownikiem i marzysz o zmianie profesji, warto zapozna\u0107 si\u0119 z artyku\u0142em, kt\u00f3ry m\u00f3wi o tym, jak znale\u017a\u0107 idealn\u0105 prac\u0119. Znajdziesz go pod tym <a href=\"https:\/\/gazetaregionalna.com\/o-tym-jak-znalezc-idealna-prace\/\">linkiem<\/a>.<\/p>\n\n\n\n<p>Linda Noco\u0144<\/p>\n","protected":false},"excerpt":{"rendered":"<p>Wakacje ruszy\u0142y pe\u0142n\u0105 par\u0105, jednak wiele nastolatek i nastolatk\u00f3w niekoniecznie zamierza sp\u0119dzi\u0107 ten czas wy\u0142\u0105cznie rozrywkowo. Cz\u0119\u015b\u0107 chce w\u00f3wczas zarobi\u0107 na w\u0142asne potrzeby, imaj\u0105c<\/p>\n","protected":false},"author":26,"featured_media":73113,"comment_status":"closed","ping_status":"open","sticky":false,"template":"","format":"standard","meta":{"_monsterinsights_skip_tracking":false,"_monsterinsights_sitenote_active":false,"_monsterinsights_sitenote_note":"","_monsterinsights_sitenote_category":0,"_uf_show_specific_survey":0,"_uf_disable_surveys":false,"footnotes":""},"categories":[1],"tags":[],"class_list":["post-85234","post","type-post","status-publish","format-standard","has-post-thumbnail","hentry","category-uncategorized"],"_links":{"self":[{"href":"https:\/\/gazetaregionalna.com\/index.php?rest_route=\/wp\/v2\/posts\/85234","targetHints":{"allow":["GET"]}}],"collection":[{"href":"https:\/\/gazetaregionalna.com\/index.php?rest_route=\/wp\/v2\/posts"}],"about":[{"href":"https:\/\/gazetaregionalna.com\/index.php?rest_route=\/wp\/v2\/types\/post"}],"author":[{"embeddable":true,"href":"https:\/\/gazetaregionalna.com\/index.php?rest_route=\/wp\/v2\/users\/26"}],"replies":[{"embeddable":true,"href":"https:\/\/gazetaregionalna.com\/index.php?rest_route=%2Fwp%2Fv2%2Fcomments&post=85234"}],"version-history":[{"count":1,"href":"https:\/\/gazetaregionalna.com\/index.php?rest_route=\/wp\/v2\/posts\/85234\/revisions"}],"predecessor-version":[{"id":85235,"href":"https:\/\/gazetaregionalna.com\/index.php?rest_route=\/wp\/v2\/posts\/85234\/revisions\/85235"}],"wp:featuredmedia":[{"embeddable":true,"href":"https:\/\/gazetaregionalna.com\/index.php?rest_route=\/wp\/v2\/media\/73113"}],"wp:attachment":[{"href":"https:\/\/gazetaregionalna.com\/index.php?rest_route=%2Fwp%2Fv2%2Fmedia&parent=85234"}],"wp:term":[{"taxonomy":"category","embeddable":true,"href":"https:\/\/gazetaregionalna.com\/index.php?rest_route=%2Fwp%2Fv2%2Fcategories&post=85234"},{"taxonomy":"post_tag","embeddable":true,"href":"https:\/\/gazetaregionalna.com\/index.php?rest_route=%2Fwp%2Fv2%2Ftags&post=85234"}],"curies":[{"name":"wp","href":"https:\/\/api.w.org\/{rel}","templated":true}]}}