{"id":85167,"date":"2022-07-01T08:54:25","date_gmt":"2022-07-01T08:54:25","guid":{"rendered":"https:\/\/gazetaregionalna.com\/?p=85167"},"modified":"2022-07-01T08:54:27","modified_gmt":"2022-07-01T08:54:27","slug":"zmiany-w-komunikacji-miejskiej-od-1-lipca","status":"publish","type":"post","link":"https:\/\/gazetaregionalna.com\/?p=85167","title":{"rendered":"MPK Cz\u0119stochowa: Zmiany w komunikacji miejskiej od 1 lipca"},"content":{"rendered":"\n<p><strong>Biuro In\u017cyniera Ruchu przypomina, \u017ce od 1 lipca zostan\u0105 wprowadzone zmiany w komunikacji miejskiej na kilku liniach.<\/strong><br><br>Linia nr 25 od Wyczerp do przystanku \u201eGronowa\u201d b\u0119dzie kursowa\u0107 bez zmian, nast\u0119pnie ulicami \u017byzn\u0105 i Malownicz\u0105 do p\u0119tli MALOWNICZA (w zamian za lini\u0119 69).<br><br>Linia nr 65 zostanie wyd\u0142u\u017cona od przystanku \u201eKorwin\u00f3w Pa\u0142ac\u201d przez Now\u0105 Wie\u015b, Poczesn\u0105 (w tym przez przystanek \u201ePoczesna Bociania G\u00f3rka) i Koloni\u0119 Borek do p\u0119tli w Zawodziu.<br><br>Linia nr 68 zostanie wyd\u0142u\u017cona od przystanku \u201ePoczesna Bociania G\u00f3rka\u201d przez ulic\u0119 Szkoln\u0105 w Poczesnej, przystanek \u201ePoczesna Borek\u201d, nast\u0119pnie miejscowo\u015bci Kolonia Poczesna, Barg\u0142y i Micha\u0142\u00f3w do p\u0119tli w Nieradzie.<br><br>Linia nr 69 od Dworca G\u0142\u00f3wnego PKP do przystanku \u201eGronowa\u201d b\u0119dzie kursowa\u0107 bez zmian, nast\u0119pnie ulic\u0105 \u017byzn\u0105 przez przystanek \u201eBrzeziny\u201d oraz przez miejscowo\u015b\u0107 Brzeziny Nowe do Sobuczyny i dalej bez zmian w kierunku M\u0142ynka, Mazur i Nierady. Pojedyncze kursy w Sobuczynie skr\u0119c\u0105 do p\u0119tli MALOWNICZA.<br><br>Na wszystkich wymienionych liniach w znaczny spos\u00f3b zmieni\u0105 si\u0119 rozk\u0142ady jazdy.<br>BIR przypominamy, \u017ce od 1 lipca zostanie uruchomiona dodatkowa linia autobusowa nr 131 na trasie Pi\u0142sudskiego \u2013 Cmentarz \u015bw. Rocha, u\u0142atwiaj\u0105ca dojazd do Parku Lisiniec.<\/p>\n\n\n\n<p>Od lipca wprowadzone zostan\u0105 tez zmiany na cz\u0119stochowskich p\u0142ywalniach. Wi\u0119cej na ten temat przeczytasz pod tym <a href=\"https:\/\/gazetaregionalna.com\/lipcowy-harmonogram-czestochowskich-plywalni\/\">linkiem<\/a>.<\/p>\n\n\n\n<p><strong>LN\/UM Cz\u0119stochowy<\/strong><\/p>\n","protected":false},"excerpt":{"rendered":"<p>Biuro In\u017cyniera Ruchu przypomina, \u017ce od 1 lipca zostan\u0105 wprowadzone zmiany w komunikacji miejskiej na kilku liniach. Linia nr 25 od Wyczerp do przystanku<\/p>\n","protected":false},"author":26,"featured_media":62399,"comment_status":"closed","ping_status":"open","sticky":false,"template":"","format":"standard","meta":{"_monsterinsights_skip_tracking":false,"_monsterinsights_sitenote_active":false,"_monsterinsights_sitenote_note":"","_monsterinsights_sitenote_category":0,"_uf_show_specific_survey":0,"_uf_disable_surveys":false,"footnotes":""},"categories":[2,3],"tags":[387,144,4175,189],"class_list":["post-85167","post","type-post","status-publish","format-standard","has-post-thumbnail","hentry","category-wiadomosci","category-czestochowa-informacje","tag-autobusy-mpk","tag-czestochowa","tag-komunikacja-miejska","tag-mpk-czestochowa"],"_links":{"self":[{"href":"https:\/\/gazetaregionalna.com\/index.php?rest_route=\/wp\/v2\/posts\/85167","targetHints":{"allow":["GET"]}}],"collection":[{"href":"https:\/\/gazetaregionalna.com\/index.php?rest_route=\/wp\/v2\/posts"}],"about":[{"href":"https:\/\/gazetaregionalna.com\/index.php?rest_route=\/wp\/v2\/types\/post"}],"author":[{"embeddable":true,"href":"https:\/\/gazetaregionalna.com\/index.php?rest_route=\/wp\/v2\/users\/26"}],"replies":[{"embeddable":true,"href":"https:\/\/gazetaregionalna.com\/index.php?rest_route=%2Fwp%2Fv2%2Fcomments&post=85167"}],"version-history":[{"count":1,"href":"https:\/\/gazetaregionalna.com\/index.php?rest_route=\/wp\/v2\/posts\/85167\/revisions"}],"predecessor-version":[{"id":85185,"href":"https:\/\/gazetaregionalna.com\/index.php?rest_route=\/wp\/v2\/posts\/85167\/revisions\/85185"}],"wp:featuredmedia":[{"embeddable":true,"href":"https:\/\/gazetaregionalna.com\/index.php?rest_route=\/wp\/v2\/media\/62399"}],"wp:attachment":[{"href":"https:\/\/gazetaregionalna.com\/index.php?rest_route=%2Fwp%2Fv2%2Fmedia&parent=85167"}],"wp:term":[{"taxonomy":"category","embeddable":true,"href":"https:\/\/gazetaregionalna.com\/index.php?rest_route=%2Fwp%2Fv2%2Fcategories&post=85167"},{"taxonomy":"post_tag","embeddable":true,"href":"https:\/\/gazetaregionalna.com\/index.php?rest_route=%2Fwp%2Fv2%2Ftags&post=85167"}],"curies":[{"name":"wp","href":"https:\/\/api.w.org\/{rel}","templated":true}]}}