{"id":85131,"date":"2022-06-30T13:36:39","date_gmt":"2022-06-30T13:36:39","guid":{"rendered":"https:\/\/gazetaregionalna.com\/?p=85131"},"modified":"2022-06-30T13:36:39","modified_gmt":"2022-06-30T13:36:39","slug":"do-wroclawia-po-bonus-czy-po-3-punkty","status":"publish","type":"post","link":"https:\/\/gazetaregionalna.com\/?p=85131","title":{"rendered":"Do Wroc\u0142awia po bonus czy po 3 punkty?"},"content":{"rendered":"\n<p>\u017bu\u017clowcy zielona-energia.com W\u0142\u00f3kniarz w pi\u0105tek walczy\u0107 b\u0119d\u0105 na torze we Wroc\u0142awiu z aktualnym mistrzem Polski Betard Spart\u0105, kt\u00f3ra po 10 kolejkach zajmuje&#8230; 6. miejsce w tabeli PGE Ekstraligi. Cz\u0119stochowianie jad\u0105 przynajmniej po bonus, ale my\u015bl\u0105 te\u017c o zwyci\u0119stwie.<\/p>\n\n\n\n<p>Zielona-energia.com W\u0142\u00f3kniarz poza wygran\u0105 w Ostrowie Wielkopolski, nie wygrali jeszcze ani jednego wyjazdowego pojedynku. Ze zwyci\u0119stwa w Ostrowie Wielkopolskim nie ma si\u0119 jednak za bardzo co cieszy\u0107, bo z Arged Malesa w tym sezonie wygrywaj\u0105 wszyscy, a beniaminek nie zdoby\u0142 jeszcze punkty i jest ju\u017c praktycznie jedn\u0105 nog\u0105 w 1 lidze.<\/p>\n\n\n\n<p>Mistrzowie Polski z Wroc\u0142awia po wykluczeniu ze start\u00f3w w polskich ligach Rosjan i Bia\u0142orusin\u00f3w maj\u0105 powa\u017cne k\u0142opoty. Bez Artioma \u0141aguty Sparta to ca\u0142kiem inny zesp\u00f3\u0142 ni\u017c rok temu. Wroc\u0142awianie przegrali w Cz\u0119stochowie 38:52. zielona-energia.com W\u0142\u00f3kniarz ma spor\u0105 zaliczk\u0119, aby wywalczy\u0107 punkt bonusowy. Ale bia\u0142o-zieloni cho\u0107 te\u017c maj\u0105 swoje problemy (do Wroc\u0142awia pojad\u0105 bez Fredrika Lindgrena) maj\u0105 ochot\u0119 na pierwsze wyjazdowe zwyci\u0119stwo, kt\u00f3re b\u0119dzie mia\u0142o sw\u00f3j smaczek&#8230; Tym bardziej, \u017ce ca\u0142y czas trwa zaci\u0119ta walka przed play-off.<\/p>\n\n\n\n<p>Zielona-energia.com W\u0142\u00f3kniarz po 10 kolejkach ma 12 punkt\u00f3w i zajmuje 5. miejsce. Prowadzi Motor Lublin (22 punkty) przed 2. Stal\u0105 Gorz\u00f3w (14 punkt\u00f3w), 3. Apatorem Toru\u0144 (12), 4. Fogo Uni\u0105 Leszno (12). Na 6. pozycji jest Betard Sparta Wroc\u0142aw (10 punkt\u00f3w), na 7. GKM Grudzi\u0105dz (9) i na 8. Arged Malesa Ostr\u00f3w Wielkopolski (0).<\/p>\n\n\n\n<p><strong>AK<\/strong>, foto: <strong>AK<\/strong><\/p>\n\n\n\n<p>Sk\u0142ady (w nawiasie miejsce w klasyfikacji PGE Ekstraligi)<\/p>\n\n\n\n<p><strong>zielona-energia.com W\u0142\u00f3kniarz<\/strong><\/p>\n\n\n\n<p>1.(5.) Leon Madsen 2,39<\/p>\n\n\n\n<p>2.(16.), Fredrik Lindgren 1,88<\/p>\n\n\n\n<p>3.(20.) Kacper Woryna 1,79<\/p>\n\n\n\n<p>4.(26.) Bartosz Smekta\u0142a 1,61<\/p>\n\n\n\n<p>5.(27.) Jakub Mi\u015bkowiak 1,61<\/p>\n\n\n\n<p>6.(31.) Mateusz \u015awidnicki 1,37<\/p>\n\n\n\n<p>7.(40.) Jonas Jeppesen 1,35<\/p>\n\n\n\n<p><strong>Betard Sparta Wroc\u0142aw<\/strong><\/p>\n\n\n\n<p>1.(6.) Maciej Janowski 2,30<\/p>\n\n\n\n<p>2.(19.) Tai Woffinden 1,79<\/p>\n\n\n\n<p>3.(21.) Daniel Bewley 1,74<\/p>\n\n\n\n<p>4.(34.) Gleb Chugunov 1,54<\/p>\n\n\n\n<p>5.(37.) Bart\u0142omiej Kowalski 1,48<\/p>\n\n\n\n<p>6.(59.) Micha\u0142 Curzytek 0,51<\/p>\n\n\n\n<p>7.(71.) Mateusz Panicz 0,00<\/p>\n\n\n\n<figure class=\"wp-block-image size-large\"><img decoding=\"async\" width=\"1024\" height=\"683\" data-src=\"https:\/\/gazetaregionalna.com\/wp-content\/uploads\/2022\/05\/CKM-Sparta-0-1024x683.jpg\" alt=\"\" class=\"wp-image-78177 lazyload\" data-srcset=\"https:\/\/gazetaregionalna.com\/wp-content\/uploads\/2022\/05\/CKM-Sparta-0-1024x683.jpg 1024w, https:\/\/gazetaregionalna.com\/wp-content\/uploads\/2022\/05\/CKM-Sparta-0-300x200.jpg 300w, https:\/\/gazetaregionalna.com\/wp-content\/uploads\/2022\/05\/CKM-Sparta-0-768x512.jpg 768w, https:\/\/gazetaregionalna.com\/wp-content\/uploads\/2022\/05\/CKM-Sparta-0-1536x1024.jpg 1536w, https:\/\/gazetaregionalna.com\/wp-content\/uploads\/2022\/05\/CKM-Sparta-0-2048x1365.jpg 2048w, https:\/\/gazetaregionalna.com\/wp-content\/uploads\/2022\/05\/CKM-Sparta-0-696x464.jpg 696w, https:\/\/gazetaregionalna.com\/wp-content\/uploads\/2022\/05\/CKM-Sparta-0-1068x712.jpg 1068w, https:\/\/gazetaregionalna.com\/wp-content\/uploads\/2022\/05\/CKM-Sparta-0-1920x1280.jpg 1920w, https:\/\/gazetaregionalna.com\/wp-content\/uploads\/2022\/05\/CKM-Sparta-0-630x420.jpg 630w, https:\/\/gazetaregionalna.com\/wp-content\/uploads\/2022\/05\/CKM-Sparta-0-scaled.jpg 1600w\" data-sizes=\"(max-width: 1024px) 100vw, 1024px\" src=\"data:image\/svg+xml;base64,PHN2ZyB3aWR0aD0iMSIgaGVpZ2h0PSIxIiB4bWxucz0iaHR0cDovL3d3dy53My5vcmcvMjAwMC9zdmciPjwvc3ZnPg==\" style=\"--smush-placeholder-width: 1024px; --smush-placeholder-aspect-ratio: 1024\/683;\" \/><\/figure>\n\n\n\n<figure class=\"wp-block-image size-large\"><img decoding=\"async\" width=\"1024\" height=\"683\" data-src=\"https:\/\/gazetaregionalna.com\/wp-content\/uploads\/2022\/05\/CKM-Sparta-34-1024x683.jpg\" alt=\"\" class=\"wp-image-78194 lazyload\" data-srcset=\"https:\/\/gazetaregionalna.com\/wp-content\/uploads\/2022\/05\/CKM-Sparta-34-1024x683.jpg 1024w, https:\/\/gazetaregionalna.com\/wp-content\/uploads\/2022\/05\/CKM-Sparta-34-300x200.jpg 300w, https:\/\/gazetaregionalna.com\/wp-content\/uploads\/2022\/05\/CKM-Sparta-34-768x512.jpg 768w, https:\/\/gazetaregionalna.com\/wp-content\/uploads\/2022\/05\/CKM-Sparta-34-1536x1024.jpg 1536w, https:\/\/gazetaregionalna.com\/wp-content\/uploads\/2022\/05\/CKM-Sparta-34-2048x1365.jpg 2048w, https:\/\/gazetaregionalna.com\/wp-content\/uploads\/2022\/05\/CKM-Sparta-34-696x464.jpg 696w, https:\/\/gazetaregionalna.com\/wp-content\/uploads\/2022\/05\/CKM-Sparta-34-1068x712.jpg 1068w, https:\/\/gazetaregionalna.com\/wp-content\/uploads\/2022\/05\/CKM-Sparta-34-1920x1280.jpg 1920w, https:\/\/gazetaregionalna.com\/wp-content\/uploads\/2022\/05\/CKM-Sparta-34-630x420.jpg 630w, https:\/\/gazetaregionalna.com\/wp-content\/uploads\/2022\/05\/CKM-Sparta-34-scaled.jpg 1600w\" data-sizes=\"(max-width: 1024px) 100vw, 1024px\" src=\"data:image\/svg+xml;base64,PHN2ZyB3aWR0aD0iMSIgaGVpZ2h0PSIxIiB4bWxucz0iaHR0cDovL3d3dy53My5vcmcvMjAwMC9zdmciPjwvc3ZnPg==\" style=\"--smush-placeholder-width: 1024px; --smush-placeholder-aspect-ratio: 1024\/683;\" \/><\/figure>\n\n\n\n<figure class=\"wp-block-image size-large\"><img decoding=\"async\" width=\"1024\" height=\"683\" data-src=\"https:\/\/gazetaregionalna.com\/wp-content\/uploads\/2022\/05\/CKM-Sparta-7-1024x683.jpg\" alt=\"\" class=\"wp-image-78184 lazyload\" data-srcset=\"https:\/\/gazetaregionalna.com\/wp-content\/uploads\/2022\/05\/CKM-Sparta-7-1024x683.jpg 1024w, https:\/\/gazetaregionalna.com\/wp-content\/uploads\/2022\/05\/CKM-Sparta-7-300x200.jpg 300w, https:\/\/gazetaregionalna.com\/wp-content\/uploads\/2022\/05\/CKM-Sparta-7-768x512.jpg 768w, https:\/\/gazetaregionalna.com\/wp-content\/uploads\/2022\/05\/CKM-Sparta-7-1536x1024.jpg 1536w, https:\/\/gazetaregionalna.com\/wp-content\/uploads\/2022\/05\/CKM-Sparta-7-2048x1366.jpg 2048w, https:\/\/gazetaregionalna.com\/wp-content\/uploads\/2022\/05\/CKM-Sparta-7-696x464.jpg 696w, https:\/\/gazetaregionalna.com\/wp-content\/uploads\/2022\/05\/CKM-Sparta-7-1068x712.jpg 1068w, https:\/\/gazetaregionalna.com\/wp-content\/uploads\/2022\/05\/CKM-Sparta-7-1920x1280.jpg 1920w, https:\/\/gazetaregionalna.com\/wp-content\/uploads\/2022\/05\/CKM-Sparta-7-630x420.jpg 630w, https:\/\/gazetaregionalna.com\/wp-content\/uploads\/2022\/05\/CKM-Sparta-7-scaled.jpg 1600w\" data-sizes=\"(max-width: 1024px) 100vw, 1024px\" src=\"data:image\/svg+xml;base64,PHN2ZyB3aWR0aD0iMSIgaGVpZ2h0PSIxIiB4bWxucz0iaHR0cDovL3d3dy53My5vcmcvMjAwMC9zdmciPjwvc3ZnPg==\" style=\"--smush-placeholder-width: 1024px; --smush-placeholder-aspect-ratio: 1024\/683;\" \/><\/figure>\n\n\n\n<figure class=\"wp-block-image size-large\"><img decoding=\"async\" width=\"300\" height=\"250\" data-src=\"https:\/\/gazetaregionalna.com\/wp-content\/uploads\/2022\/04\/DMK-5.jpg\" alt=\"\" class=\"wp-image-77213 lazyload\" src=\"data:image\/svg+xml;base64,PHN2ZyB3aWR0aD0iMSIgaGVpZ2h0PSIxIiB4bWxucz0iaHR0cDovL3d3dy53My5vcmcvMjAwMC9zdmciPjwvc3ZnPg==\" style=\"--smush-placeholder-width: 300px; --smush-placeholder-aspect-ratio: 300\/250;\"><\/figure>\n\n\n\n<figure class=\"wp-block-image size-large\"><img decoding=\"async\" width=\"1024\" height=\"683\" data-src=\"https:\/\/gazetaregionalna.com\/wp-content\/uploads\/2022\/05\/CKM-Sparta-31-1024x683.jpg\" alt=\"\" class=\"wp-image-78191 lazyload\" data-srcset=\"https:\/\/gazetaregionalna.com\/wp-content\/uploads\/2022\/05\/CKM-Sparta-31-1024x683.jpg 1024w, https:\/\/gazetaregionalna.com\/wp-content\/uploads\/2022\/05\/CKM-Sparta-31-300x200.jpg 300w, https:\/\/gazetaregionalna.com\/wp-content\/uploads\/2022\/05\/CKM-Sparta-31-768x512.jpg 768w, https:\/\/gazetaregionalna.com\/wp-content\/uploads\/2022\/05\/CKM-Sparta-31-1536x1024.jpg 1536w, https:\/\/gazetaregionalna.com\/wp-content\/uploads\/2022\/05\/CKM-Sparta-31-2048x1365.jpg 2048w, https:\/\/gazetaregionalna.com\/wp-content\/uploads\/2022\/05\/CKM-Sparta-31-696x464.jpg 696w, https:\/\/gazetaregionalna.com\/wp-content\/uploads\/2022\/05\/CKM-Sparta-31-1068x712.jpg 1068w, https:\/\/gazetaregionalna.com\/wp-content\/uploads\/2022\/05\/CKM-Sparta-31-1920x1280.jpg 1920w, https:\/\/gazetaregionalna.com\/wp-content\/uploads\/2022\/05\/CKM-Sparta-31-630x420.jpg 630w, https:\/\/gazetaregionalna.com\/wp-content\/uploads\/2022\/05\/CKM-Sparta-31-scaled.jpg 1600w\" data-sizes=\"(max-width: 1024px) 100vw, 1024px\" src=\"data:image\/svg+xml;base64,PHN2ZyB3aWR0aD0iMSIgaGVpZ2h0PSIxIiB4bWxucz0iaHR0cDovL3d3dy53My5vcmcvMjAwMC9zdmciPjwvc3ZnPg==\" style=\"--smush-placeholder-width: 1024px; --smush-placeholder-aspect-ratio: 1024\/683;\" \/><\/figure>\n\n\n\n<figure class=\"wp-block-image size-large\"><img decoding=\"async\" width=\"1024\" height=\"683\" data-src=\"https:\/\/gazetaregionalna.com\/wp-content\/uploads\/2022\/05\/CKM-Sparta-33-1024x683.jpg\" alt=\"\" class=\"wp-image-78193 lazyload\" data-srcset=\"https:\/\/gazetaregionalna.com\/wp-content\/uploads\/2022\/05\/CKM-Sparta-33-1024x683.jpg 1024w, https:\/\/gazetaregionalna.com\/wp-content\/uploads\/2022\/05\/CKM-Sparta-33-300x200.jpg 300w, https:\/\/gazetaregionalna.com\/wp-content\/uploads\/2022\/05\/CKM-Sparta-33-768x512.jpg 768w, https:\/\/gazetaregionalna.com\/wp-content\/uploads\/2022\/05\/CKM-Sparta-33-1536x1024.jpg 1536w, https:\/\/gazetaregionalna.com\/wp-content\/uploads\/2022\/05\/CKM-Sparta-33-2048x1365.jpg 2048w, https:\/\/gazetaregionalna.com\/wp-content\/uploads\/2022\/05\/CKM-Sparta-33-696x464.jpg 696w, https:\/\/gazetaregionalna.com\/wp-content\/uploads\/2022\/05\/CKM-Sparta-33-1068x712.jpg 1068w, https:\/\/gazetaregionalna.com\/wp-content\/uploads\/2022\/05\/CKM-Sparta-33-1920x1280.jpg 1920w, https:\/\/gazetaregionalna.com\/wp-content\/uploads\/2022\/05\/CKM-Sparta-33-630x420.jpg 630w, https:\/\/gazetaregionalna.com\/wp-content\/uploads\/2022\/05\/CKM-Sparta-33-scaled.jpg 1600w\" data-sizes=\"(max-width: 1024px) 100vw, 1024px\" src=\"data:image\/svg+xml;base64,PHN2ZyB3aWR0aD0iMSIgaGVpZ2h0PSIxIiB4bWxucz0iaHR0cDovL3d3dy53My5vcmcvMjAwMC9zdmciPjwvc3ZnPg==\" style=\"--smush-placeholder-width: 1024px; --smush-placeholder-aspect-ratio: 1024\/683;\" \/><\/figure>\n\n\n\n<figure class=\"wp-block-image size-large\"><img decoding=\"async\" width=\"300\" height=\"250\" data-src=\"https:\/\/gazetaregionalna.com\/wp-content\/uploads\/2022\/04\/DMK-4.jpg\" alt=\"\" class=\"wp-image-77212 lazyload\" src=\"data:image\/svg+xml;base64,PHN2ZyB3aWR0aD0iMSIgaGVpZ2h0PSIxIiB4bWxucz0iaHR0cDovL3d3dy53My5vcmcvMjAwMC9zdmciPjwvc3ZnPg==\" style=\"--smush-placeholder-width: 300px; --smush-placeholder-aspect-ratio: 300\/250;\"><\/figure>\n","protected":false},"excerpt":{"rendered":"<p>\u017bu\u017clowcy zielona-energia.com W\u0142\u00f3kniarz w pi\u0105tek walczy\u0107 b\u0119d\u0105 na torze we Wroc\u0142awiu z aktualnym mistrzem Polski Betard Spart\u0105, kt\u00f3ra po 10 kolejkach zajmuje&#8230; 6. miejsce<\/p>\n","protected":false},"author":15,"featured_media":78177,"comment_status":"closed","ping_status":"open","sticky":false,"template":"","format":"standard","meta":{"_monsterinsights_skip_tracking":false,"_monsterinsights_sitenote_active":false,"_monsterinsights_sitenote_note":"","_monsterinsights_sitenote_category":0,"_uf_show_specific_survey":0,"_uf_disable_surveys":false,"footnotes":""},"categories":[94,5,7],"tags":[],"class_list":["post-85131","post","type-post","status-publish","format-standard","has-post-thumbnail","hentry","category-polecane","category-sport","category-zuzel"],"_links":{"self":[{"href":"https:\/\/gazetaregionalna.com\/index.php?rest_route=\/wp\/v2\/posts\/85131","targetHints":{"allow":["GET"]}}],"collection":[{"href":"https:\/\/gazetaregionalna.com\/index.php?rest_route=\/wp\/v2\/posts"}],"about":[{"href":"https:\/\/gazetaregionalna.com\/index.php?rest_route=\/wp\/v2\/types\/post"}],"author":[{"embeddable":true,"href":"https:\/\/gazetaregionalna.com\/index.php?rest_route=\/wp\/v2\/users\/15"}],"replies":[{"embeddable":true,"href":"https:\/\/gazetaregionalna.com\/index.php?rest_route=%2Fwp%2Fv2%2Fcomments&post=85131"}],"version-history":[{"count":1,"href":"https:\/\/gazetaregionalna.com\/index.php?rest_route=\/wp\/v2\/posts\/85131\/revisions"}],"predecessor-version":[{"id":85132,"href":"https:\/\/gazetaregionalna.com\/index.php?rest_route=\/wp\/v2\/posts\/85131\/revisions\/85132"}],"wp:featuredmedia":[{"embeddable":true,"href":"https:\/\/gazetaregionalna.com\/index.php?rest_route=\/wp\/v2\/media\/78177"}],"wp:attachment":[{"href":"https:\/\/gazetaregionalna.com\/index.php?rest_route=%2Fwp%2Fv2%2Fmedia&parent=85131"}],"wp:term":[{"taxonomy":"category","embeddable":true,"href":"https:\/\/gazetaregionalna.com\/index.php?rest_route=%2Fwp%2Fv2%2Fcategories&post=85131"},{"taxonomy":"post_tag","embeddable":true,"href":"https:\/\/gazetaregionalna.com\/index.php?rest_route=%2Fwp%2Fv2%2Ftags&post=85131"}],"curies":[{"name":"wp","href":"https:\/\/api.w.org\/{rel}","templated":true}]}}