{"id":84782,"date":"2022-06-28T09:41:55","date_gmt":"2022-06-28T09:41:55","guid":{"rendered":"https:\/\/gazetaregionalna.com\/?p=84782"},"modified":"2022-06-28T09:41:56","modified_gmt":"2022-06-28T09:41:56","slug":"human-dziekuje-czestochowie","status":"publish","type":"post","link":"https:\/\/gazetaregionalna.com\/?p=84782","title":{"rendered":"Huma\u0144 dzi\u0119kuje Cz\u0119stochowie za dotychczasow\u0105 pomoc Ukrainie"},"content":{"rendered":"\n<p><strong><strong>Delegacja z ukrai\u0144skiego miasta Huma\u0144 &#8211; z mer Irin\u0105 Pletnev\u0105 na czele \u2013 dzi\u0119kowa\u0142a Cz\u0119stochowie za ca\u0142\u0105 dotychczasow\u0105 pomoc i zebrane dary m.in. przy ogromnym zaanga\u017cowaniu szk\u00f3\u0142.<\/strong><\/strong><\/p>\n\n\n\n<p>Delegacja ukrai\u0144ska przeby\u0142a ponad tysi\u0105c kilometr\u00f3w z miasta Huma\u0144 w obwodzie czerkaskim do Cz\u0119stochowy. Pokonali tak d\u0142ug\u0105 drog\u0119, cho\u0107 na pobyt u nas mieli zaledwie kilka godzin. Trudno chyba o lepszy dow\u00f3d na to, \u017ce na relacjach z cz\u0119stochowskim samorz\u0105dem, szko\u0142ami, a przez to i z ca\u0142\u0105 lokaln\u0105 wsp\u00f3lnot\u0105, naprawd\u0119 im zale\u017cy \u2013 z wzajemno\u015bci\u0105.<br><br>Wizyta zacz\u0119\u0142a si\u0119 od spotkania w Ratuszu. Nie zabrak\u0142o na nim cz\u0119stochowskich nauczycieli, dyrekcji szk\u00f3\u0142, dzieci i m\u0142odzie\u017cy. W sk\u0142adzie niedu\u017cej, czteroosobowej delegacji Humania, znale\u017ali si\u0119 mer Irina Pletneva, przewodnicz\u0105ca Towarzystwa Miast Bli\u017aniaczych oraz kieruj\u0105ca opiek\u0105 spo\u0142eczn\u0105 Galina Kuczer, naczelnik miejscowej Stra\u017cy Po\u017carnej Rus\u0142an Datsenko oraz przedsi\u0119biorca&nbsp; Sergiusz Charny.<br><br>Ze strony gospodarzy spotkanie rozpocz\u0105\u0142 zast\u0119pca prezydenta Cz\u0119stochowy Ryszard Stefaniak. Przywita\u0142 i przedstawi\u0142 delegacj\u0119 Humania, podkre\u015blaj\u0105c silne, emocjonalne wi\u0119zi \u0142\u0105cz\u0105ce oba miasta. M\u00f3wi\u0142 o zaanga\u017cowaniu ca\u0142ych spo\u0142eczno\u015bci szkolnych w pomoc dla wschodnich s\u0105siad\u00f3w.<\/p>\n\n\n\n<p>Podkre\u015bli\u0142 te\u017c, \u017ce \u2013 jego zdaniem \u2013 Polak\u00f3w i Ukrai\u0144c\u00f3w \u0142\u0105czy z pewno\u015bci\u0105 jedna postawa: ,,najpierw Ojczyzna\u201d, a Ukraina walczy z rosyjsk\u0105 napa\u015bci\u0105 w my\u015bl has\u0142a ,,Za Wolno\u015b\u0107 Nasz\u0105 i Wasz\u0105\u201d \u2013 po to, aby mog\u0142a rozwija\u0107 si\u0119 nadal nie tylko ona sama, ale i ca\u0142a cywilizacja europejska.<br><br>Mer Humania opowiada\u0142a, w jaki spos\u00f3b miasto zosta\u0142o dotkni\u0119te rosyjsk\u0105 agresj\u0105 ju\u017c w jej pierwszej dobie. Huk pocisk\u00f3w s\u0142ycha\u0107 by\u0142o od wczesnego rana, zaatakowano znajduj\u0105cy si\u0119 tam magazyn amunicji, zaraz by\u0142a te\u017c pierwsza ofiara cywilna.<\/p>\n\n\n\n<p>Mer poinformowa\u0142a, \u017ce w Humaniu znalaz\u0142o wzgl\u0119dnie spokojne schronienie ok. 10 tys. uchod\u017ac\u00f3w wewn\u0119trznych z innych rejon\u00f3w Ukrainy \u2013 i tak\u017ce w kontek\u015bcie tego stanu rzeczy serdecznie dzi\u0119kowa\u0142a spo\u0142eczno\u015bci Cz\u0119stochowy za zebran\u0105, a potem dostarczon\u0105 do jej miasta pomoc.<br><br>Przedstawiciele obu samorz\u0105d\u00f3w przekazali sobie wzajemnie upominki \u2013 wr\u0119czona Ryszardowi Stefaniakowi flaga Ukrainy by\u0142a asumptem do pami\u0105tkowego zdj\u0119cia z mer Irin\u0105 Pletnev\u0105. M\u0142ode solistki i soli\u015bci z cz\u0119stochowskich lice\u00f3w \u015bpiewali piosenki \u2013 pierwsz\u0105 z nich by\u0142a ,,Tyle jest miast\u201d, nostalgicznie i w stylu ,,retro\u201d przywo\u0142uj\u0105ca Lw\u00f3w\u2026<br><br>Po uroczysto\u015bci w Ratuszu w programie by\u0142y jeszcze odwiedziny w Szkole Podstawowej nr 49 im. Janusza Kusoci\u0144skiego. Go\u015bcie zajrzeli do trzech dzia\u0142aj\u0105cych tam oddzia\u0142\u00f3w przygotowawczych oraz K\u0105cika Mi\u0119dzynarodowej Wsp\u00f3\u0142pracy Szk\u00f3\u0142 Partnerskich. Delegacja wraz z cz\u0119stochowskimi gospodarzami z\u0142o\u017cy\u0142a te\u017c kwiaty przed Pomnikiem Nieznanego \u017bo\u0142nierza w al. Sienkiewicza.<br><br>Z w\u0142adzami lokalnymi Humania cz\u0119stochowscy samorz\u0105dowcy zd\u0105\u017cyli si\u0119 ju\u017c pozna\u0107 w ostatnich trzech latach. Wiosn\u0105 2019 roku podpisano tam umow\u0119 o wsp\u00f3\u0142pracy w sferach edukacji, kultury, przedsi\u0119biorczo\u015bci, turystyki, promocji, samorz\u0105dno\u015bci i spo\u0142ecze\u0144stwa obywatelskiego.<\/p>\n\n\n\n<p>Ze strony Cz\u0119stochowy zrobi\u0142 to zast\u0119pca prezydenta Jaros\u0142aw Marsza\u0142ek, a ze strony Humania \u2013 jego \u00f3wczesny w\u0142odarz O\u0142eksandr Cebrij. Cz\u0119stochowianie zostali zaproszeni do Humania tak\u017ce jesieni\u0105 2021 roku, w zwi\u0105zku z odbywaj\u0105cym si\u0119 wtedy \u015bwi\u0119tem tego miasta \u2013 wtedy na czele delegacji stan\u0105\u0142 Ryszard Stefaniak.<br><br>Zwi\u0105zane z cz\u0119stochowskim szkolnictwem \u015brodowisko przyjaci\u00f3\u0142 Kres\u00f3w, Ukrainy i tamtejszej spo\u0142eczno\u015bci polskiej dostarczy\u0142o ju\u017c do ogarni\u0119tego wojn\u0105 kraju ok. 12 ton pomocy humanitarnej w kilku konwojach. Pomoc ta trafi\u0142a nie tylko do Humania, ale i Berdyczowa, intensywnie atakowanego Charkowa, Iwano-Frankowska czy Chmielnickiego.<br><br>Cz\u0119stochowa jest trzecim o\u015brodkiem w wojew\u00f3dztwie pod wzgl\u0119dem liczby ukrai\u0144skich dzieci w szkolnych oddzia\u0142ach przygotowawczych \u2013 tych, kt\u00f3re daj\u0105 podstawy pomy\u015blnego kszta\u0142cenia na kolejnych etapach edukacji. Oddzia\u0142\u00f3w tych jest w mie\u015bcie 27. Samorz\u0105d nie zapomina o dzieciach z Ukrainy tak\u017ce w nadchodz\u0105ce wakacje. W sierpniu odb\u0119d\u0105 si\u0119 dla nich p\u00f3\u0142kolonie, a opiekunkami b\u0119d\u0105 zatrudnione w tutejszych szko\u0142ach ukrai\u0144skie nauczycielki.<\/p>\n\n\n\n<figure class=\"wp-block-image size-large\"><img decoding=\"async\" width=\"1024\" height=\"683\" data-src=\"https:\/\/gazetaregionalna.com\/wp-content\/uploads\/2022\/06\/59152-1024x683.jpg\" alt=\"Huma\u0144\" class=\"wp-image-84826 lazyload\" data-srcset=\"https:\/\/gazetaregionalna.com\/wp-content\/uploads\/2022\/06\/59152-1024x683.jpg 1024w, https:\/\/gazetaregionalna.com\/wp-content\/uploads\/2022\/06\/59152-300x200.jpg 300w, https:\/\/gazetaregionalna.com\/wp-content\/uploads\/2022\/06\/59152-768x512.jpg 768w, https:\/\/gazetaregionalna.com\/wp-content\/uploads\/2022\/06\/59152-1536x1024.jpg 1536w, https:\/\/gazetaregionalna.com\/wp-content\/uploads\/2022\/06\/59152-2048x1365.jpg 2048w, https:\/\/gazetaregionalna.com\/wp-content\/uploads\/2022\/06\/59152-696x464.jpg 696w, https:\/\/gazetaregionalna.com\/wp-content\/uploads\/2022\/06\/59152-1068x712.jpg 1068w, https:\/\/gazetaregionalna.com\/wp-content\/uploads\/2022\/06\/59152-1920x1280.jpg 1920w, https:\/\/gazetaregionalna.com\/wp-content\/uploads\/2022\/06\/59152-630x420.jpg 630w, https:\/\/gazetaregionalna.com\/wp-content\/uploads\/2022\/06\/59152-scaled.jpg 1600w\" data-sizes=\"(max-width: 1024px) 100vw, 1024px\" src=\"data:image\/svg+xml;base64,PHN2ZyB3aWR0aD0iMSIgaGVpZ2h0PSIxIiB4bWxucz0iaHR0cDovL3d3dy53My5vcmcvMjAwMC9zdmciPjwvc3ZnPg==\" style=\"--smush-placeholder-width: 1024px; --smush-placeholder-aspect-ratio: 1024\/683;\" \/><figcaption>\u017ar\u00f3d\u0142o: UM Cz\u0119stochowy<\/figcaption><\/figure>\n\n\n\n<p>UM Cz\u0119stochowy<\/p>\n","protected":false},"excerpt":{"rendered":"<p>Delegacja z ukrai\u0144skiego miasta Huma\u0144 &#8211; z mer Irin\u0105 Pletnev\u0105 na czele \u2013 dzi\u0119kowa\u0142a Cz\u0119stochowie za ca\u0142\u0105 dotychczasow\u0105 pomoc i zebrane dary m.in. przy<\/p>\n","protected":false},"author":26,"featured_media":84827,"comment_status":"closed","ping_status":"open","sticky":false,"template":"","format":"standard","meta":{"_monsterinsights_skip_tracking":false,"_monsterinsights_sitenote_active":false,"_monsterinsights_sitenote_note":"","_monsterinsights_sitenote_category":0,"_uf_show_specific_survey":0,"_uf_disable_surveys":false,"footnotes":""},"categories":[4027,3,2],"tags":[144,2698,5397,4192],"class_list":["post-84782","post","type-post","status-publish","format-standard","has-post-thumbnail","hentry","category-pomoc-dla-ukrainy","category-czestochowa-informacje","category-wiadomosci","tag-czestochowa","tag-delegacja","tag-human","tag-pomoc-ukrainie"],"_links":{"self":[{"href":"https:\/\/gazetaregionalna.com\/index.php?rest_route=\/wp\/v2\/posts\/84782","targetHints":{"allow":["GET"]}}],"collection":[{"href":"https:\/\/gazetaregionalna.com\/index.php?rest_route=\/wp\/v2\/posts"}],"about":[{"href":"https:\/\/gazetaregionalna.com\/index.php?rest_route=\/wp\/v2\/types\/post"}],"author":[{"embeddable":true,"href":"https:\/\/gazetaregionalna.com\/index.php?rest_route=\/wp\/v2\/users\/26"}],"replies":[{"embeddable":true,"href":"https:\/\/gazetaregionalna.com\/index.php?rest_route=%2Fwp%2Fv2%2Fcomments&post=84782"}],"version-history":[{"count":1,"href":"https:\/\/gazetaregionalna.com\/index.php?rest_route=\/wp\/v2\/posts\/84782\/revisions"}],"predecessor-version":[{"id":84829,"href":"https:\/\/gazetaregionalna.com\/index.php?rest_route=\/wp\/v2\/posts\/84782\/revisions\/84829"}],"wp:featuredmedia":[{"embeddable":true,"href":"https:\/\/gazetaregionalna.com\/index.php?rest_route=\/wp\/v2\/media\/84827"}],"wp:attachment":[{"href":"https:\/\/gazetaregionalna.com\/index.php?rest_route=%2Fwp%2Fv2%2Fmedia&parent=84782"}],"wp:term":[{"taxonomy":"category","embeddable":true,"href":"https:\/\/gazetaregionalna.com\/index.php?rest_route=%2Fwp%2Fv2%2Fcategories&post=84782"},{"taxonomy":"post_tag","embeddable":true,"href":"https:\/\/gazetaregionalna.com\/index.php?rest_route=%2Fwp%2Fv2%2Ftags&post=84782"}],"curies":[{"name":"wp","href":"https:\/\/api.w.org\/{rel}","templated":true}]}}