{"id":84778,"date":"2022-06-28T07:33:21","date_gmt":"2022-06-28T07:33:21","guid":{"rendered":"https:\/\/gazetaregionalna.com\/?p=84778"},"modified":"2022-06-28T07:33:22","modified_gmt":"2022-06-28T07:33:22","slug":"mapa-wypadkow-drogowych-ze-skutkiem-smiertelnym-wakacje-2022","status":"publish","type":"post","link":"https:\/\/gazetaregionalna.com\/?p=84778","title":{"rendered":"Mapa ,,Wypadk\u00f3w drogowych ze skutkiem \u015bmiertelnym \u2013 Wakacje 2022&#8243; po raz kolejny udost\u0119pniona przez Policj\u0119"},"content":{"rendered":"\n<p><strong>To ju\u017c 4. edycja projektu na rzecz bezpiecze\u0144stwa w ruchu drogowym, pt. ,,Wypadki drogowe ze skutkiem \u015bmiertelnym \u2013 Wakacje 2022\u201d, kt\u00f3ry w ubieg\u0142ych latach spotka\u0142 si\u0119 z pozytywnym odbiorem spo\u0142ecznym.<\/strong><\/p>\n\n\n\n<p>Podobnie jak w latach ubieg\u0142ych, ka\u017cdego dnia, przez okres wakacji, na tej <a href=\"http:\/\/policja.pl\" target=\"_blank\" rel=\"noopener\">stronie<\/a>, w mediach spo\u0142eczno\u015bciowych oraz na stronach administrowanych przez jednostki Policji, prezentowana jest mapa Polski z liczb\u0105 wypadk\u00f3w drogowych ze skutkiem \u015bmiertelnym wraz z informacj\u0105 o zdarzeniu (tj. lokalizacja zdarzenia, og\u00f3lna informacja dot. liczby ofiar, rodzaju uczestnika ruchu drogowego oraz rodzaju zdarzenia) z ostatniej doby oraz od pocz\u0105tku wakacji.<\/p>\n\n\n\n<p>Bie\u017c\u0105ca aktualizacja mapy, w tym wizualizacja, ma na celu zwr\u00f3cenie uwagi na skal\u0119 tragedii do jakich dochodzi na polskich drogach, sk\u0142oni\u0107 do refleksji u\u017cytkownik\u00f3w dr\u00f3g, jak r\u00f3wnie\u017c zach\u0119ci\u0107 media do dyskusji na temat bezpiecze\u0144stwa w ruchu drogowym.<\/p>\n\n\n\n<p>Nale\u017cy mie\u0107 na uwadze, \u017ce za ka\u017cdym punktem zaznaczonym na tej mapie, kryje si\u0119 ludzka tragedia. Ka\u017cde, nawet z pozoru b\u0142ahe zignorowanie przepis\u00f3w, brawura, zlekcewa\u017cenie senno\u015bci czy zm\u0119czenia mog\u0105 by\u0107 przyczyn\u0105 tragedii na drodze.<\/p>\n\n\n\n<p>Kolejny raz, w promowanie dzia\u0142a\u0144 na rzecz bezpiecze\u0144stwa ruchu drogowego, w\u0142\u0105czy\u0142a si\u0119 firma Screen Network S.A., kt\u00f3ra na ponad 20 tys. ekranach rozmieszczonych w 553 miastach, m.in.: przy g\u0142\u00f3wnych ci\u0105gach komunikacyjnych, dworcach, stacjach paliw i centrach handlowych, wy\u015bwietla\u0107 b\u0119dzie map\u0119 z aktualnymi danymi.<\/p>\n\n\n\n<p><strong>LN\/KMP Cz\u0119stochowa<\/strong><\/p>\n","protected":false},"excerpt":{"rendered":"<p>To ju\u017c 4. edycja projektu na rzecz bezpiecze\u0144stwa w ruchu drogowym, pt. ,,Wypadki drogowe ze skutkiem \u015bmiertelnym \u2013 Wakacje 2022\u201d, kt\u00f3ry w ubieg\u0142ych latach<\/p>\n","protected":false},"author":26,"featured_media":84779,"comment_status":"closed","ping_status":"open","sticky":false,"template":"","format":"standard","meta":{"_monsterinsights_skip_tracking":false,"_monsterinsights_sitenote_active":false,"_monsterinsights_sitenote_note":"","_monsterinsights_sitenote_category":0,"_uf_show_specific_survey":0,"_uf_disable_surveys":false,"footnotes":""},"categories":[44,3,2],"tags":[3911,1965,2673,5396],"class_list":["post-84778","post","type-post","status-publish","format-standard","has-post-thumbnail","hentry","category-bezpieczenstwo","category-czestochowa-informacje","category-wiadomosci","tag-mapa","tag-wakacje","tag-wypadki-drogowe","tag-wypadki-drogowe-ze-skutkiem-smiertelnym-wakacje-2022"],"_links":{"self":[{"href":"https:\/\/gazetaregionalna.com\/index.php?rest_route=\/wp\/v2\/posts\/84778","targetHints":{"allow":["GET"]}}],"collection":[{"href":"https:\/\/gazetaregionalna.com\/index.php?rest_route=\/wp\/v2\/posts"}],"about":[{"href":"https:\/\/gazetaregionalna.com\/index.php?rest_route=\/wp\/v2\/types\/post"}],"author":[{"embeddable":true,"href":"https:\/\/gazetaregionalna.com\/index.php?rest_route=\/wp\/v2\/users\/26"}],"replies":[{"embeddable":true,"href":"https:\/\/gazetaregionalna.com\/index.php?rest_route=%2Fwp%2Fv2%2Fcomments&post=84778"}],"version-history":[{"count":1,"href":"https:\/\/gazetaregionalna.com\/index.php?rest_route=\/wp\/v2\/posts\/84778\/revisions"}],"predecessor-version":[{"id":84780,"href":"https:\/\/gazetaregionalna.com\/index.php?rest_route=\/wp\/v2\/posts\/84778\/revisions\/84780"}],"wp:featuredmedia":[{"embeddable":true,"href":"https:\/\/gazetaregionalna.com\/index.php?rest_route=\/wp\/v2\/media\/84779"}],"wp:attachment":[{"href":"https:\/\/gazetaregionalna.com\/index.php?rest_route=%2Fwp%2Fv2%2Fmedia&parent=84778"}],"wp:term":[{"taxonomy":"category","embeddable":true,"href":"https:\/\/gazetaregionalna.com\/index.php?rest_route=%2Fwp%2Fv2%2Fcategories&post=84778"},{"taxonomy":"post_tag","embeddable":true,"href":"https:\/\/gazetaregionalna.com\/index.php?rest_route=%2Fwp%2Fv2%2Ftags&post=84778"}],"curies":[{"name":"wp","href":"https:\/\/api.w.org\/{rel}","templated":true}]}}