{"id":8469,"date":"2019-11-29T09:54:10","date_gmt":"2019-11-29T09:54:10","guid":{"rendered":"https:\/\/gazetaregionalna.com\/?p=8469"},"modified":"2019-11-29T09:54:15","modified_gmt":"2019-11-29T09:54:15","slug":"siatkarze-azs-u-2020-w-sobote-powalcza-o-kolejne-zwyciestwo","status":"publish","type":"post","link":"https:\/\/gazetaregionalna.com\/?p=8469","title":{"rendered":"Siatkarze AZS-u 2020 w sobot\u0119 powalcz\u0105 o kolejne zwyci\u0119stwo"},"content":{"rendered":"\n<h2 class=\"wp-block-heading\">W ostatni\u0105 sobot\u0119 listopada siatkarze Eco-Team AZS-u 2020 Stolzle Cz\u0119stochowa rozegraj\u0105 ostatni mecz w rozgrywkach II ligi w 2019 roku przed w\u0142asn\u0105 publiczno\u015bci\u0105. Podopieczni trenera Wojciecha Pudo w Hali Sportowej &#8222;Cz\u0119stochowa&#8221; b\u0119d\u0105 podejmowa\u0107 MMKS Lotnik \u0141\u0119czyca. <\/h2>\n\n\n\n<p><br> Dru\u017cyna z Cz\u0119stochowy w minion\u0105 sobot\u0119 odnios\u0142a premierowe w tym sezonie zwyci\u0119stwo przed w\u0142asn\u0105 publiczno\u015bci\u0105. W klubie licz\u0105, \u017ce zesp\u00f3\u0142 p\u00f3jdzie za ciosem i w nast\u0119pnym meczu we w\u0142asnej hali dopisze kolejne cenne punkty do ligowej tabeli. Obecnie cz\u0119stochowianie z dorobkiem o\u015bmiu &#8222;oczek&#8221; plasuj\u0105 si\u0119 na 6. lokacie, lecz maj\u0105 tyle samo punkt\u00f3w co czwarty Kasztelan Rozprza. Ewentualna wygrana siatkarzy z Cz\u0119stochowy nie tylko poprawi ich sytuacj\u0119 w ligowej klasyfikacji, ale tak\u017ce sprawi, \u017ce AZS 2020 w dobrych nastrojach zako\u0144czy  rok kalendarzowy w rozgrywkach II ligi we w\u0142asnej hali. <\/p>\n\n\n\n<ul class=\"wp-block-list\"><li>Mamy nadziej\u0119, \u017ce gra przed w\u0142asn\u0105 publiczno\u015bci\u0105 zn\u00f3w nam pomo\u017ce w walce o zwyci\u0119stwo. W ostatnim spotkaniu pokazali\u015bmy, \u017ce potrafimy gra\u0107 w siatk\u00f3wk\u0119 i przy wsparciu publiczno\u015bci w ten weekend liczymy na to samo &#8211; m\u00f3wi przed spotkaniem libero AZS-u 2020, Jan Pog\u0142odzi\u0144ski. <br>\nW sobot\u0119 po drugiej stronie siatki stan\u0105 siatkarze MMKS-u Lotnik \u0141\u0119czyca, kt\u00f3rzy pod Jasn\u0105 G\u00f3r\u0119 przyjad\u0105 poszuka\u0107 pierwszego ligowego zwyci\u0119stwa. Ekipa z \u0141\u0119czycy nie jest jednak ch\u0142opcem do bicia, a po\u0142ow\u0119 spotka\u0144 przegra\u0142a po pi\u0119ciosetowych bojach. W szeregach Lotnika wyst\u0119puj\u0105 tacy zawodnicy jak Damian Wdowiak czy Piotr Janiak, kt\u00f3ry jest pla\u017cowym partnerem kapitana AZS-u 2020, J\u0119drzeja Bro\u017cyniaka. Tym razem przyjaciele z boiska, kt\u00f3rzy dwa tygodnie temu si\u0119gn\u0119li po triumf w World Tourze w Doha stan\u0105 po dw\u00f3ch stronach siatki, a ich pojedynek z pewno\u015bci\u0105 dodaje dodatkowego smaczku sobotniej rywalizacji. <br>\nPocz\u0105tek meczu w Hali Sportowej &#8222;Cz\u0119stochowa&#8221; o godzinie 16.00. Wst\u0119p na mecze Eco-Team AZS-u 2020 Stolzle Cz\u0119stochowa jest bezp\u0142atny. <\/li><\/ul>\n","protected":false},"excerpt":{"rendered":"<p>W ostatni\u0105 sobot\u0119 listopada siatkarze Eco-Team AZS-u 2020 Stolzle Cz\u0119stochowa rozegraj\u0105 ostatni mecz w rozgrywkach II ligi w 2019 roku przed w\u0142asn\u0105 publiczno\u015bci\u0105. Podopieczni<\/p>\n","protected":false},"author":7,"featured_media":8470,"comment_status":"open","ping_status":"open","sticky":false,"template":"","format":"standard","meta":{"_monsterinsights_skip_tracking":false,"_monsterinsights_sitenote_active":false,"_monsterinsights_sitenote_note":"","_monsterinsights_sitenote_category":0,"_uf_show_specific_survey":0,"_uf_disable_surveys":false,"footnotes":""},"categories":[3,94,8,5,2],"tags":[],"class_list":["post-8469","post","type-post","status-publish","format-standard","has-post-thumbnail","hentry","category-czestochowa-informacje","category-polecane","category-siatkowka","category-sport","category-wiadomosci"],"_links":{"self":[{"href":"https:\/\/gazetaregionalna.com\/index.php?rest_route=\/wp\/v2\/posts\/8469","targetHints":{"allow":["GET"]}}],"collection":[{"href":"https:\/\/gazetaregionalna.com\/index.php?rest_route=\/wp\/v2\/posts"}],"about":[{"href":"https:\/\/gazetaregionalna.com\/index.php?rest_route=\/wp\/v2\/types\/post"}],"author":[{"embeddable":true,"href":"https:\/\/gazetaregionalna.com\/index.php?rest_route=\/wp\/v2\/users\/7"}],"replies":[{"embeddable":true,"href":"https:\/\/gazetaregionalna.com\/index.php?rest_route=%2Fwp%2Fv2%2Fcomments&post=8469"}],"version-history":[{"count":1,"href":"https:\/\/gazetaregionalna.com\/index.php?rest_route=\/wp\/v2\/posts\/8469\/revisions"}],"predecessor-version":[{"id":8471,"href":"https:\/\/gazetaregionalna.com\/index.php?rest_route=\/wp\/v2\/posts\/8469\/revisions\/8471"}],"wp:featuredmedia":[{"embeddable":true,"href":"https:\/\/gazetaregionalna.com\/index.php?rest_route=\/wp\/v2\/media\/8470"}],"wp:attachment":[{"href":"https:\/\/gazetaregionalna.com\/index.php?rest_route=%2Fwp%2Fv2%2Fmedia&parent=8469"}],"wp:term":[{"taxonomy":"category","embeddable":true,"href":"https:\/\/gazetaregionalna.com\/index.php?rest_route=%2Fwp%2Fv2%2Fcategories&post=8469"},{"taxonomy":"post_tag","embeddable":true,"href":"https:\/\/gazetaregionalna.com\/index.php?rest_route=%2Fwp%2Fv2%2Ftags&post=8469"}],"curies":[{"name":"wp","href":"https:\/\/api.w.org\/{rel}","templated":true}]}}