{"id":8465,"date":"2019-11-29T09:36:44","date_gmt":"2019-11-29T09:36:44","guid":{"rendered":"https:\/\/gazetaregionalna.com\/?p=8465"},"modified":"2019-11-29T09:36:49","modified_gmt":"2019-11-29T09:36:49","slug":"od-niedzieli-zmiany-w-kursach-mpk","status":"publish","type":"post","link":"https:\/\/gazetaregionalna.com\/?p=8465","title":{"rendered":"Od niedzieli zmiany w kursach MPK"},"content":{"rendered":"\n<h2 class=\"wp-block-heading\">Od dnia 1 grudnia MPK wprowadza kilka zmian w funkcjonowaniu komunikacji miejskiej. <\/h2>\n\n\n\n<p><br> Na liniach nr 11, 14, 19, 25, 35 i 36 nast\u0105pi niewielka korekta godzin kurs\u00f3w na wnioski pasa\u017cer\u00f3w, g\u0142\u00f3wnie w soboty i niedziele.<br> W celu poprawienia punktualno\u015bci i dojazd\u00f3w w godzinach szczytu, na linii nr 14 nast\u0105pi zmiana godzin kurs\u00f3w przed\u0142u\u017conych do p\u0119tli Rz\u0105sawa Dworzec PKP we wszystkie dni tygodnia. Jednocze\u015bnie zostanie ograniczona ilo\u015b\u0107 kurs\u00f3w wyd\u0142u\u017conych do p\u0119tli Rz\u0105sawa Dworzec PKP w niedziele.<br> Linia nr 17 b\u0119dzie wykonywa\u0142a wszystkie kursy na trasie Wyczerpy osiedle \u2013 Liszka Dolna. Zostan\u0105 zlikwidowane kursy przez ulic\u0119 Przestrzenn\u0105 i rejon cmentarza przy ul. Piastowskiej, jak r\u00f3wnie\u017c kursy skr\u00f3cone do Kawodrzy G\u00f3rnej. Autobusy tej linii pojad\u0105 w dni robocze co 20 minut w godzinach szczytu, a w pozosta\u0142ych porach \u2013 co 30 minut. W niedziele cz\u0119stotliwo\u015b\u0107 wyniesie od 40 do 60 minut.<br> Jednocze\u015bnie od 1 grudnia uruchomiona zostanie nowa linia autobusowa. Autobus linii 37 b\u0119dzie kursowa\u0142 na trasie: Kawodrza G\u00f3rna \u2013 Konwaliowa \u2013 Przestrzenna \u2013 Piastowska &#8211; Al. Bohater\u00f3w Monte Cassino \u2013 Korczaka \u2013 Sobieskiego \u2013 Al. Wolno\u015bci \u2013 Aleje Naj\u015bwi\u0119tszej Maryi Panny \u2013 Pi\u0142sudskiego \u2013 Katedralna \u2013 Krakowska \u2013 Mirowska \u2013 Nadrzeczna (powr\u00f3t: Warszawska \u2013 Garibaldiego \u2013 Wilsona) \u2013 Al. Jana Paw\u0142a II \u2013 Drogowc\u00f3w \u2013 TESCO. &#8222;37&#8221; kursowa\u0107 ma przez ca\u0142y dzie\u0144: w dni robocze i soboty co ok. 45 minut, a w niedziele i \u015bwi\u0119ta \u2013 co 90 min.<br> Szczeg\u00f3\u0142y dotycz\u0105ce kursowania miejskich autobus\u00f3w znajduj\u0105 si\u0119 na stronie: www.mpk.czest.pl.<\/p>\n","protected":false},"excerpt":{"rendered":"<p>Od dnia 1 grudnia MPK wprowadza kilka zmian w funkcjonowaniu komunikacji miejskiej. Na liniach nr 11, 14, 19, 25, 35 i 36 nast\u0105pi niewielka<\/p>\n","protected":false},"author":7,"featured_media":0,"comment_status":"open","ping_status":"open","sticky":false,"template":"","format":"standard","meta":{"_monsterinsights_skip_tracking":false,"_monsterinsights_sitenote_active":false,"_monsterinsights_sitenote_note":"","_monsterinsights_sitenote_category":0,"_uf_show_specific_survey":0,"_uf_disable_surveys":false,"footnotes":""},"categories":[3,94,2],"tags":[269],"class_list":["post-8465","post","type-post","status-publish","format-standard","hentry","category-czestochowa-informacje","category-polecane","category-wiadomosci","tag-mpk-czetochowa"],"_links":{"self":[{"href":"https:\/\/gazetaregionalna.com\/index.php?rest_route=\/wp\/v2\/posts\/8465","targetHints":{"allow":["GET"]}}],"collection":[{"href":"https:\/\/gazetaregionalna.com\/index.php?rest_route=\/wp\/v2\/posts"}],"about":[{"href":"https:\/\/gazetaregionalna.com\/index.php?rest_route=\/wp\/v2\/types\/post"}],"author":[{"embeddable":true,"href":"https:\/\/gazetaregionalna.com\/index.php?rest_route=\/wp\/v2\/users\/7"}],"replies":[{"embeddable":true,"href":"https:\/\/gazetaregionalna.com\/index.php?rest_route=%2Fwp%2Fv2%2Fcomments&post=8465"}],"version-history":[{"count":1,"href":"https:\/\/gazetaregionalna.com\/index.php?rest_route=\/wp\/v2\/posts\/8465\/revisions"}],"predecessor-version":[{"id":8467,"href":"https:\/\/gazetaregionalna.com\/index.php?rest_route=\/wp\/v2\/posts\/8465\/revisions\/8467"}],"wp:attachment":[{"href":"https:\/\/gazetaregionalna.com\/index.php?rest_route=%2Fwp%2Fv2%2Fmedia&parent=8465"}],"wp:term":[{"taxonomy":"category","embeddable":true,"href":"https:\/\/gazetaregionalna.com\/index.php?rest_route=%2Fwp%2Fv2%2Fcategories&post=8465"},{"taxonomy":"post_tag","embeddable":true,"href":"https:\/\/gazetaregionalna.com\/index.php?rest_route=%2Fwp%2Fv2%2Ftags&post=8465"}],"curies":[{"name":"wp","href":"https:\/\/api.w.org\/{rel}","templated":true}]}}