{"id":8462,"date":"2019-11-28T13:46:45","date_gmt":"2019-11-28T13:46:45","guid":{"rendered":"https:\/\/gazetaregionalna.com\/?p=8462"},"modified":"2019-11-28T13:46:48","modified_gmt":"2019-11-28T13:46:48","slug":"uwaga-moze-byc-slisko","status":"publish","type":"post","link":"https:\/\/gazetaregionalna.com\/?p=8462","title":{"rendered":"Uwaga, mo\u017ce by\u0107 \u015blisko"},"content":{"rendered":"\n<p>\nBiuro\nPrognoz Meteorologicznych IMiGW w Krakowie wystosowa\u0142o ostrze\u017cenie\ndla Cz\u0119stochowy i regionu. Meteorolodzy ostrzegaj\u0105\nprzed gwa\u0142townym spadkiem temperatury, kt\u00f3ry mo\u017ce nast\u0105pi\u0107\ndzisiaj i jutro noc\u0105.<\/p>\n\n\n\n<p>\nZ tego powodu na drogach mo\u017ce\nby\u0107 \u015blisko. Gro\u017ane oblodzenie prognozowane jest dla ca\u0142ego\nwojew\u00f3dztwa \u015bl\u0105skiego od godz. 7.30 w pi\u0105tek 29 listopada do\ngodz. 7.30 w sobot\u0119 30 listopada. \n<\/p>\n\n\n\n<p>Prognozuje\nsi\u0119 w drugiej cz\u0119\u015bci nocy spadek temperatury powietrza poni\u017cej\n0\u00b0C powoduj\u0105cy zamarzanie mokrych nawierzchni dr\u00f3g i chodnik\u00f3w.\nTemperatura minimalna od -1\u00b0C do 1\u00b0C, przy gruncie od -2\u00b0C do 0\u00b0C.<\/p>\n","protected":false},"excerpt":{"rendered":"<p>Biuro Prognoz Meteorologicznych IMiGW w Krakowie wystosowa\u0142o ostrze\u017cenie dla Cz\u0119stochowy i regionu. Meteorolodzy ostrzegaj\u0105 przed gwa\u0142townym spadkiem temperatury, kt\u00f3ry mo\u017ce nast\u0105pi\u0107 dzisiaj i jutro<\/p>\n","protected":false},"author":7,"featured_media":0,"comment_status":"open","ping_status":"open","sticky":false,"template":"","format":"standard","meta":{"_monsterinsights_skip_tracking":false,"_monsterinsights_sitenote_active":false,"_monsterinsights_sitenote_note":"","_monsterinsights_sitenote_category":0,"_uf_show_specific_survey":0,"_uf_disable_surveys":false,"footnotes":""},"categories":[3,94,2],"tags":[],"class_list":["post-8462","post","type-post","status-publish","format-standard","hentry","category-czestochowa-informacje","category-polecane","category-wiadomosci"],"_links":{"self":[{"href":"https:\/\/gazetaregionalna.com\/index.php?rest_route=\/wp\/v2\/posts\/8462","targetHints":{"allow":["GET"]}}],"collection":[{"href":"https:\/\/gazetaregionalna.com\/index.php?rest_route=\/wp\/v2\/posts"}],"about":[{"href":"https:\/\/gazetaregionalna.com\/index.php?rest_route=\/wp\/v2\/types\/post"}],"author":[{"embeddable":true,"href":"https:\/\/gazetaregionalna.com\/index.php?rest_route=\/wp\/v2\/users\/7"}],"replies":[{"embeddable":true,"href":"https:\/\/gazetaregionalna.com\/index.php?rest_route=%2Fwp%2Fv2%2Fcomments&post=8462"}],"version-history":[{"count":1,"href":"https:\/\/gazetaregionalna.com\/index.php?rest_route=\/wp\/v2\/posts\/8462\/revisions"}],"predecessor-version":[{"id":8464,"href":"https:\/\/gazetaregionalna.com\/index.php?rest_route=\/wp\/v2\/posts\/8462\/revisions\/8464"}],"wp:attachment":[{"href":"https:\/\/gazetaregionalna.com\/index.php?rest_route=%2Fwp%2Fv2%2Fmedia&parent=8462"}],"wp:term":[{"taxonomy":"category","embeddable":true,"href":"https:\/\/gazetaregionalna.com\/index.php?rest_route=%2Fwp%2Fv2%2Fcategories&post=8462"},{"taxonomy":"post_tag","embeddable":true,"href":"https:\/\/gazetaregionalna.com\/index.php?rest_route=%2Fwp%2Fv2%2Ftags&post=8462"}],"curies":[{"name":"wp","href":"https:\/\/api.w.org\/{rel}","templated":true}]}}