{"id":8457,"date":"2019-11-28T12:12:01","date_gmt":"2019-11-28T12:12:01","guid":{"rendered":"https:\/\/gazetaregionalna.com\/?p=8457"},"modified":"2019-11-28T12:12:04","modified_gmt":"2019-11-28T12:12:04","slug":"na-przystankach-powieszono-tablice-swietlne","status":"publish","type":"post","link":"https:\/\/gazetaregionalna.com\/?p=8457","title":{"rendered":"Na przystankach powieszono tablice \u015bwietlne"},"content":{"rendered":"\n<h2 class=\"wp-block-heading\">\nNa\nwi\u0119kszo\u015bci najwa\u017cniejszych przystank\u00f3w autobusowych i\ntramwajowych ko\u0144czy\nsi\u0119 w\u0142a\u015bnie monta\u017c  urz\u0105dze\u0144 potrzebnych do\nuruchomienia Systemu Dynamicznej Informacji Pasa\u017cerskiej. \n<\/h2>\n\n\n\n<figure class=\"wp-block-image\"><img decoding=\"async\" width=\"1024\" height=\"576\" data-src=\"https:\/\/gazetaregionalna.com\/wp-content\/uploads\/2019\/11\/tablice1-1024x576.jpg\" alt=\"\" class=\"wp-image-8458 lazyload\" data-srcset=\"https:\/\/gazetaregionalna.com\/wp-content\/uploads\/2019\/11\/tablice1-1024x576.jpg 1024w, https:\/\/gazetaregionalna.com\/wp-content\/uploads\/2019\/11\/tablice1-300x169.jpg 300w, https:\/\/gazetaregionalna.com\/wp-content\/uploads\/2019\/11\/tablice1-768x432.jpg 768w, https:\/\/gazetaregionalna.com\/wp-content\/uploads\/2019\/11\/tablice1-696x392.jpg 696w, https:\/\/gazetaregionalna.com\/wp-content\/uploads\/2019\/11\/tablice1-1068x601.jpg 1068w, https:\/\/gazetaregionalna.com\/wp-content\/uploads\/2019\/11\/tablice1-747x420.jpg 747w, https:\/\/gazetaregionalna.com\/wp-content\/uploads\/2019\/11\/tablice1.jpg 1200w\" data-sizes=\"(max-width: 1024px) 100vw, 1024px\" src=\"data:image\/svg+xml;base64,PHN2ZyB3aWR0aD0iMSIgaGVpZ2h0PSIxIiB4bWxucz0iaHR0cDovL3d3dy53My5vcmcvMjAwMC9zdmciPjwvc3ZnPg==\" style=\"--smush-placeholder-width: 1024px; --smush-placeholder-aspect-ratio: 1024\/576;\" \/><\/figure>\n\n\n\n<p>\nMiejski\nZarz\u0105d Dr\u00f3g i Transportu zapowiada, \u017ce do ko\u0144ca miesi\u0105ca maj\u0105\nby\u0107 zamontowane\nwszystkie\nmonitory, na kt\u00f3rych MPK b\u0119dzie wy\u015bwietla\u0107 informacje o\nrzeczywistym przyje\u017adzie i odje\u017adzie autobus\u00f3w, a tak\u017ce\ninformowa\u0107 o ewentualnych awariach i zagro\u017ceniach w mie\u015bcie.<\/p>\n\n\n\n<p>\nPrezentowane\nna\ntablicach komunikaty b\u0119d\u0105 si\u0119 opiera\u0142y\no informacje pozyskiwane z lokalizator\u00f3w GPS dzia\u0142aj\u0105cych w niemal\nwszystkich pojazdach MPK.<\/p>\n\n\n\n<p>\nZanim\nuruchomione\nzostan\u0105 tablice przy przystankach, pasa\u017cerowie\nju\u017c teraz w wi\u0119kszo\u015bci przypadk\u00f3w mog\u0105 sprawdzi\u0107 przez internet\nfaktyczny czas przyjazdu. Sprawdzi\u0107\nto mo\u017cna na stronie: <a href=\"https:\/\/live.mpk.czest.pl\/\" target=\"_blank\" rel=\"noopener\">live.mpk.czest.pl<\/a>.<br>\n\nZintegrowany system zacznie dzia\u0142a\u0107 z ko\u0144cem roku.<\/p>\n\n\n\n<p>\n\nStart\npoprzedz\u0105 testy sprz\u0119tu zaplanowane na\nprzysz\u0142y tydzie\u0144.  \n<\/p>\n\n\n\n<p> W sumie cyfrowych tablic b\u0119dzie pi\u0119\u0107dziesi\u0105t. Czterdzie\u015bci siedem stanie przy obok przystank\u00f3w autobusowych i tramwajowych. Pozosta\u0142e trzy b\u0119d\u0105 zamontowane przy budowanych w\u0142a\u015bnie centrach przesiadkowych przy dworcach PKP.<\/p>\n\n\n\n<p>\nTablica\ninformacyjne zamontowane zosta\u0142y na niemal wszystkich przystankach\nautobusowych lub\ntramwajowych znajduj\u0105cych si\u0119 przy: Al. Jana Paw\u0142a II, Al. Armii\nKrajowej, ul.\nDekabryst\u00f3w, ul. Popie\u0142uszki, ul. Szajnowicza, ul. Kili\u0144skiego,\nul. D\u0105browskiego, Al. Wojska Polskiego, Al. NMP, Al. Ko\u015bciuszki,\nAl. Wolno\u015bci, ul. Sobieskiego, ul. Korczaka, ul. \u015al\u0105skiej, Starym\nRynku, ul. Nowowiejskiego, ul. Mirowskiej, ul. Kiedrzy\u0144skiej oraz\nul. Warszawskiej.<\/p>\n\n\n\n<p>\nCa\u0142y\nsystem powstaje w ramach programu \u201eLepsza Komunikacja w\nCz\u0119stochowie\u201d. Warto\u015b\u0107 tej inwestycji wynosi ponad 3,6 mln z\u0142.\n\n<\/p>\n","protected":false},"excerpt":{"rendered":"<p>Na wi\u0119kszo\u015bci najwa\u017cniejszych przystank\u00f3w autobusowych i tramwajowych ko\u0144czy si\u0119 w\u0142a\u015bnie monta\u017c urz\u0105dze\u0144 potrzebnych do uruchomienia Systemu Dynamicznej Informacji Pasa\u017cerskiej. Miejski Zarz\u0105d Dr\u00f3g i Transportu<\/p>\n","protected":false},"author":7,"featured_media":0,"comment_status":"open","ping_status":"open","sticky":false,"template":"","format":"standard","meta":{"_monsterinsights_skip_tracking":false,"_monsterinsights_sitenote_active":false,"_monsterinsights_sitenote_note":"","_monsterinsights_sitenote_category":0,"_uf_show_specific_survey":0,"_uf_disable_surveys":false,"footnotes":""},"categories":[3,33,94,2],"tags":[],"class_list":["post-8457","post","type-post","status-publish","format-standard","hentry","category-czestochowa-informacje","category-inwestycje","category-polecane","category-wiadomosci"],"_links":{"self":[{"href":"https:\/\/gazetaregionalna.com\/index.php?rest_route=\/wp\/v2\/posts\/8457","targetHints":{"allow":["GET"]}}],"collection":[{"href":"https:\/\/gazetaregionalna.com\/index.php?rest_route=\/wp\/v2\/posts"}],"about":[{"href":"https:\/\/gazetaregionalna.com\/index.php?rest_route=\/wp\/v2\/types\/post"}],"author":[{"embeddable":true,"href":"https:\/\/gazetaregionalna.com\/index.php?rest_route=\/wp\/v2\/users\/7"}],"replies":[{"embeddable":true,"href":"https:\/\/gazetaregionalna.com\/index.php?rest_route=%2Fwp%2Fv2%2Fcomments&post=8457"}],"version-history":[{"count":1,"href":"https:\/\/gazetaregionalna.com\/index.php?rest_route=\/wp\/v2\/posts\/8457\/revisions"}],"predecessor-version":[{"id":8460,"href":"https:\/\/gazetaregionalna.com\/index.php?rest_route=\/wp\/v2\/posts\/8457\/revisions\/8460"}],"wp:attachment":[{"href":"https:\/\/gazetaregionalna.com\/index.php?rest_route=%2Fwp%2Fv2%2Fmedia&parent=8457"}],"wp:term":[{"taxonomy":"category","embeddable":true,"href":"https:\/\/gazetaregionalna.com\/index.php?rest_route=%2Fwp%2Fv2%2Fcategories&post=8457"},{"taxonomy":"post_tag","embeddable":true,"href":"https:\/\/gazetaregionalna.com\/index.php?rest_route=%2Fwp%2Fv2%2Ftags&post=8457"}],"curies":[{"name":"wp","href":"https:\/\/api.w.org\/{rel}","templated":true}]}}