{"id":8453,"date":"2019-11-28T12:07:45","date_gmt":"2019-11-28T12:07:45","guid":{"rendered":"https:\/\/gazetaregionalna.com\/?p=8453"},"modified":"2019-11-28T12:07:50","modified_gmt":"2019-11-28T12:07:50","slug":"plastyk-pokaze-co-ma-najlepszego-2","status":"publish","type":"post","link":"https:\/\/gazetaregionalna.com\/?p=8453","title":{"rendered":"&#8222;Plastyk&#8221; poka\u017ce, co ma najlepszego"},"content":{"rendered":"\n<p>\nTradycyjnie,\njak co roku na pocz\u0105tku grudnia Zesp\u00f3\u0142 Szk\u00f3\u0142 Plastycznych im.\nJacka Malczewskiego w Cz\u0119stochowie otwiera swoje podwoje, aby\ncz\u0119stochowianie mogli zapozna\u0107 si\u0119 z ofert\u0105 szko\u0142y, a tak\u017ce jej\ndorobkiem artystycznym. Takie spotkanie ze sztuk\u0105 odbywaj\u0105 si\u0119 w\n&#8222;Plastyku&#8221; od ponad dwudziestu lat.<\/p>\n\n\n\n<p>\nW\ntym roku szko\u0142a zaprasza w niedziel\u0119, 1 grudnia od godziny 10 do\n16. W tym czasie b\u0119dzie mo\u017cna obejrze\u0107, co powsta\u0142o w ci\u0105gu\nostatniego roku we wszystkich pracowniach szko\u0142y plastycznej w\nCz\u0119stochowie. Ogl\u0105danie prac po\u0142\u0105czone zostanie z kiermaszem.\nKupi\u0107 b\u0119dzie mo\u017cna wyroby ceramiczne, jubilerskie, a tak\u017ce\ngrafiki oraz obrazy.<\/p>\n\n\n\n<p>\nWarto\nprzyj\u015b\u0107, obejrze\u0107, a tak\u017ce kupi\u0107 co\u015b oryginalnego, na przyk\u0142ad\nna zbli\u017caj\u0105ce si\u0119 Miko\u0142ajki czy Bo\u017ce Narodzenie, a jednocze\u015bnie\npom\u00f3c szkole. Co roku bowiem fundusze uzyskane z kiermaszu\nprzekazywane s\u0105 na bezpo\u015bredni\u0105 pomoc uczniom i uzupe\u0142nienie\nmateria\u0142\u00f3w artystycznych w pracowniach.<\/p>\n\n\n\n<p>\nJak\nzapowiadaj\u0105 organizatorzy, cz\u0119\u015b\u0107 wyr\u00f3\u017cnionych prac jest\nprzeznaczona na specjaln\u0105 aukcj\u0119, kt\u00f3ra wystartuje o godz. 12.<\/p>\n\n\n\n<p>\nDzie\u0144\notwarty zako\u0144czy si\u0119 popo\u0142udniowym spotkaniem z Miko\u0142ajem dla\nnajm\u0142odszych (godz. 15.30), w tradycyjnej ju\u017c \u015bwi\u0105tecznej,\nba\u015bniowej scenerii.<\/p>\n","protected":false},"excerpt":{"rendered":"<p>Tradycyjnie, jak co roku na pocz\u0105tku grudnia Zesp\u00f3\u0142 Szk\u00f3\u0142 Plastycznych im. Jacka Malczewskiego w Cz\u0119stochowie otwiera swoje podwoje, aby cz\u0119stochowianie mogli zapozna\u0107 si\u0119 z<\/p>\n","protected":false},"author":7,"featured_media":0,"comment_status":"open","ping_status":"open","sticky":false,"template":"","format":"standard","meta":{"_monsterinsights_skip_tracking":false,"_monsterinsights_sitenote_active":false,"_monsterinsights_sitenote_note":"","_monsterinsights_sitenote_category":0,"_uf_show_specific_survey":0,"_uf_disable_surveys":false,"footnotes":""},"categories":[3,12,94,2,13],"tags":[],"class_list":["post-8453","post","type-post","status-publish","format-standard","hentry","category-czestochowa-informacje","category-kultura-i-rozrywka","category-polecane","category-wiadomosci","category-wydarzenia"],"_links":{"self":[{"href":"https:\/\/gazetaregionalna.com\/index.php?rest_route=\/wp\/v2\/posts\/8453","targetHints":{"allow":["GET"]}}],"collection":[{"href":"https:\/\/gazetaregionalna.com\/index.php?rest_route=\/wp\/v2\/posts"}],"about":[{"href":"https:\/\/gazetaregionalna.com\/index.php?rest_route=\/wp\/v2\/types\/post"}],"author":[{"embeddable":true,"href":"https:\/\/gazetaregionalna.com\/index.php?rest_route=\/wp\/v2\/users\/7"}],"replies":[{"embeddable":true,"href":"https:\/\/gazetaregionalna.com\/index.php?rest_route=%2Fwp%2Fv2%2Fcomments&post=8453"}],"version-history":[{"count":1,"href":"https:\/\/gazetaregionalna.com\/index.php?rest_route=\/wp\/v2\/posts\/8453\/revisions"}],"predecessor-version":[{"id":8455,"href":"https:\/\/gazetaregionalna.com\/index.php?rest_route=\/wp\/v2\/posts\/8453\/revisions\/8455"}],"wp:attachment":[{"href":"https:\/\/gazetaregionalna.com\/index.php?rest_route=%2Fwp%2Fv2%2Fmedia&parent=8453"}],"wp:term":[{"taxonomy":"category","embeddable":true,"href":"https:\/\/gazetaregionalna.com\/index.php?rest_route=%2Fwp%2Fv2%2Fcategories&post=8453"},{"taxonomy":"post_tag","embeddable":true,"href":"https:\/\/gazetaregionalna.com\/index.php?rest_route=%2Fwp%2Fv2%2Ftags&post=8453"}],"curies":[{"name":"wp","href":"https:\/\/api.w.org\/{rel}","templated":true}]}}