{"id":84216,"date":"2022-06-24T07:56:44","date_gmt":"2022-06-24T07:56:44","guid":{"rendered":"https:\/\/gazetaregionalna.com\/?p=84216"},"modified":"2022-06-25T09:14:17","modified_gmt":"2022-06-25T09:14:17","slug":"aktorzy-bez-maski-konkurs","status":"publish","type":"post","link":"https:\/\/gazetaregionalna.com\/?p=84216","title":{"rendered":"&#8222;Aktorzy bez maski: Teatralny koktajl&#8221; na zako\u0144czenie sezonu w Cz\u0119stochowie. Mamy podw\u00f3jne zaproszenie [KONKURS]"},"content":{"rendered":"\n<h2 class=\"wp-block-heading\">W niedziel\u0119, 26 czerwca Teatr im. Mickiewicza ko\u0144czy sezon 2021\/2022. O godz. 18 zaprezentuje muzyczne widowisko zatytu\u0142owane &#8222;Aktorzy bez maski: Teatralny koktajl&#8221;. Teatr im. Mickiewicza ufundowa\u0142 dla Czytelnik\u00f3w jedno podw\u00f3jne zaproszenie na to wydarzenie. Mo\u017cna je wybra\u0107 w konkursie.<\/h2>\n\n\n\n<p>Ten tytu\u0142 cz\u0119stochowska publiczno\u015b\u0107 mia\u0142a okazj\u0119 ju\u017c pozna\u0107. Po raz pierwszy zaprezentowano go 22 maja 2021 r., gdy Teatr im. A. Mickiewicza wr\u00f3ci\u0142 do grania po pandemicznej przerwie. Za\u0142o\u017cenie by\u0142o nast\u0119puj\u0105ce \u2013 ka\u017cdy z artyst\u00f3w mia\u0142 odda\u0107 to, co gra mu dzi\u015b w duszy. Jedni woleli opowiada\u0107, inni \u015bpiewa\u0107. Na smutno, z refleksj\u0105, z \u017cartem, romantycznie i ironicznie. Do \u0142zy szczerej, \u015bcisku w gardle, ale i gromkiego \u015bmiechu.<\/p>\n\n\n\n<p>Kto\u015b wykorzysta\u0142 piosenki wykonywane wcze\u015bniej podczas koncert\u00f3w i spektakli muzycznych, kto\u015b zmierzy\u0142 si\u0119 z zupe\u0142nie now\u0105 materi\u0105. Ca\u0142o\u015b\u0107 pokaza\u0142a tylko jak bogate i r\u00f3\u017cnorodne jest wn\u0119trze tych, kt\u00f3rzy na co dzie\u0144 tworz\u0105 Teatr im. Mickiewicza.<\/p>\n\n\n\n<p>Scenariusz pisa\u0142o \u017cycie, ka\u017cdy dok\u0142ada\u0142 sw\u00f3j element, a nad ca\u0142o\u015bci\u0105 czuwa\u0142a Teresa Dzielska, bez kt\u00f3rej wydarzenie nie dosz\u0142oby do skutku. \u2013 Zadzia\u0142a\u0142am, pad\u0142o na dobry grunt\u2026 jak ogrodnik zasia\u0142am, a kwiaty wyros\u0142y dorodne \u2013 m\u00f3wi tajemniczo aktorka. \u2013 Jestem dumna, \u017ce pracuj\u0119 w takim teatrze, z takimi lud\u017ami. Zar\u00f3wno aktorami jak i wszystkimi pracownikami. To bardzo warto\u015bciowe osobowo\u015bci &#8211; zaznacza\u0142a po wydarzeniu (a o ubieg\u0142orocznym wyst\u0119pie pisali\u015bmy <a href=\"https:\/\/gazetaregionalna.com\/aktorzy-bez-maski\/\">TUTAJ<\/a>).<\/p>\n\n\n\n<figure class=\"wp-block-image size-large\"><img decoding=\"async\" width=\"1024\" height=\"768\" data-src=\"https:\/\/gazetaregionalna.com\/wp-content\/uploads\/2021\/06\/Aktorzy9-1024x768.jpg\" alt=\"\" class=\"wp-image-43812 lazyload\" data-srcset=\"https:\/\/gazetaregionalna.com\/wp-content\/uploads\/2021\/06\/Aktorzy9-1024x768.jpg 1024w, https:\/\/gazetaregionalna.com\/wp-content\/uploads\/2021\/06\/Aktorzy9-300x225.jpg 300w, https:\/\/gazetaregionalna.com\/wp-content\/uploads\/2021\/06\/Aktorzy9-768x576.jpg 768w, https:\/\/gazetaregionalna.com\/wp-content\/uploads\/2021\/06\/Aktorzy9-1536x1152.jpg 1536w, https:\/\/gazetaregionalna.com\/wp-content\/uploads\/2021\/06\/Aktorzy9-696x522.jpg 696w, https:\/\/gazetaregionalna.com\/wp-content\/uploads\/2021\/06\/Aktorzy9-1068x801.jpg 1068w, https:\/\/gazetaregionalna.com\/wp-content\/uploads\/2021\/06\/Aktorzy9-1920x1440.jpg 1920w, https:\/\/gazetaregionalna.com\/wp-content\/uploads\/2021\/06\/Aktorzy9-560x420.jpg 560w, https:\/\/gazetaregionalna.com\/wp-content\/uploads\/2021\/06\/Aktorzy9-80x60.jpg 80w, https:\/\/gazetaregionalna.com\/wp-content\/uploads\/2021\/06\/Aktorzy9-265x198.jpg 265w, https:\/\/gazetaregionalna.com\/wp-content\/uploads\/2021\/06\/Aktorzy9.jpg 1200w\" data-sizes=\"(max-width: 1024px) 100vw, 1024px\" src=\"data:image\/svg+xml;base64,PHN2ZyB3aWR0aD0iMSIgaGVpZ2h0PSIxIiB4bWxucz0iaHR0cDovL3d3dy53My5vcmcvMjAwMC9zdmciPjwvc3ZnPg==\" style=\"--smush-placeholder-width: 1024px; --smush-placeholder-aspect-ratio: 1024\/768;\" \/><figcaption>&#8222;Aktorzy bez maski&#8221; (fot. Teatr im. Mickiewicza)<\/figcaption><\/figure>\n\n\n\n<p>Koniec bie\u017c\u0105cego sezonu teatralnego stanowi doskona\u0142\u0105 okazj\u0119 do tego, by przypomnie\u0107 to przedsi\u0119wzi\u0119cie.<\/p>\n\n\n\n<p>&#8211; Serwujemy Pa\u0144stwu orze\u017awiaj\u0105cy koktajl z\u0142o\u017cony z artystycznych rozmaito\u015bci. Tu proza miesza si\u0119 poezj\u0105, piosenka z etiud\u0105, \u017cart z melancholi\u0105. Ponad&nbsp;dwadzie\u015bcia utwor\u00f3w, kilkunastu autor\u00f3w z r\u00f3\u017cnych epok. Mickiewicz, Wyspia\u0144ski, M\u0142ynarski, Osiecka, Kayah, Staszewski i wielu wielu innych. Na scenie ca\u0142y zesp\u00f3\u0142 aktorski naszego Teatru! Kumulacja emocji i wra\u017ce\u0144. Dowiecie si\u0119 co komu w duszy gra, kto kogo inspiruje, bo wiadomo, \u017ce to wszystko dla Was &#8211; naszych Widz\u00f3w &#8211; zaprasza instytucja.<\/p>\n\n\n\n<p>Widowisko &#8222;Aktorzy bez maski: Teatralny koktajl\u201d b\u0119dzie prezentowane w niedziel\u0119, 26 czerwca o godz. 18. Po spektaklu zaplanowano pocz\u0119stunek. Bilety kosztuj\u0105 od 30 do 40 z\u0142 i mo\u017cna o nie pyta\u0107 w kasie przy ul. Kili\u0144skiego 15. Sprzeda\u017c prowadzona jest te\u017c za po\u015brednictwem strony&nbsp;<a href=\"https:\/\/www.teatr-mickiewicza.pl\/\" target=\"_blank\" rel=\"noreferrer noopener\">www.teatr-mickiewicza.pl<\/a>.<\/p>\n\n\n\n<figure class=\"wp-block-image size-large\"><img decoding=\"async\" width=\"1024\" height=\"683\" data-src=\"https:\/\/gazetaregionalna.com\/wp-content\/uploads\/2021\/06\/Aktorzy6-1024x683.jpg\" alt=\"\" class=\"wp-image-43815 lazyload\" data-srcset=\"https:\/\/gazetaregionalna.com\/wp-content\/uploads\/2021\/06\/Aktorzy6-1024x683.jpg 1024w, https:\/\/gazetaregionalna.com\/wp-content\/uploads\/2021\/06\/Aktorzy6-300x200.jpg 300w, https:\/\/gazetaregionalna.com\/wp-content\/uploads\/2021\/06\/Aktorzy6-768x512.jpg 768w, https:\/\/gazetaregionalna.com\/wp-content\/uploads\/2021\/06\/Aktorzy6-1536x1024.jpg 1536w, https:\/\/gazetaregionalna.com\/wp-content\/uploads\/2021\/06\/Aktorzy6-2048x1365.jpg 2048w, https:\/\/gazetaregionalna.com\/wp-content\/uploads\/2021\/06\/Aktorzy6-696x464.jpg 696w, https:\/\/gazetaregionalna.com\/wp-content\/uploads\/2021\/06\/Aktorzy6-1068x712.jpg 1068w, https:\/\/gazetaregionalna.com\/wp-content\/uploads\/2021\/06\/Aktorzy6-1920x1280.jpg 1920w, https:\/\/gazetaregionalna.com\/wp-content\/uploads\/2021\/06\/Aktorzy6-630x420.jpg 630w, https:\/\/gazetaregionalna.com\/wp-content\/uploads\/2021\/06\/Aktorzy6-scaled.jpg 1200w\" data-sizes=\"(max-width: 1024px) 100vw, 1024px\" src=\"data:image\/svg+xml;base64,PHN2ZyB3aWR0aD0iMSIgaGVpZ2h0PSIxIiB4bWxucz0iaHR0cDovL3d3dy53My5vcmcvMjAwMC9zdmciPjwvc3ZnPg==\" style=\"--smush-placeholder-width: 1024px; --smush-placeholder-aspect-ratio: 1024\/683;\" \/><figcaption>Agnieszka \u0141opacka podczas pokazu specjalnego &#8222;Aktorzy bez maski&#8221; (fot. Teatr im. Mickiewicza)<\/figcaption><\/figure>\n\n\n\n<h4 class=\"wp-block-heading\">Wygraj zaproszenie na ten spektakl!<\/h4>\n\n\n\n<p>Teatr im. A. Mickiewicza ufundowa\u0142 dla Czytelnik\u00f3w jedno podw\u00f3jne zaproszenie na spektakl grany 26 czerwca o godz. 18. By o nie zagra\u0107, doko\u0144cz zdanie:<\/p>\n\n\n\n<p><strong>Chcia\u0142abym\/chcia\u0142bym<\/strong>&nbsp;<strong>wybra\u0107 si\u0119 na spektakl \u201cAktorzy bez maski. Teatralny koktajl\u201d, poniewa\u017c\u2026<\/strong><\/p>\n\n\n\n<p>Odpowied\u017a nale\u017cy wys\u0142a\u0107 mailowo na adres\u00a0<strong>konkursy@gazetaregionalna.com<\/strong>, w tytule podaj\u0105c \u201cAktorzy bez maski\u201d , a w tre\u015bci tak\u017ce swoje imi\u0119 i nazwisko.\u00a0<strong>Zadanie nale\u017cy wykona\u0107 w terminie od 24 czerwca od godz. 11 do 25 czerwca do godz. 10.<\/strong><\/p>\n\n\n\n<p>Zwyci\u0119zcy Konkursu zostan\u0105 powiadomieni o wygranej i o formie jej odbioru w wiadomo\u015bci mailowej wys\u0142anej najp\u00f3\u017aniej do 25 czerwca do godz. 20.<\/p>\n\n\n\n<h4 class=\"wp-block-heading\">Regulamin konkursu \u201cAktorzy bez maski\u201d<\/h4>\n\n\n\n<p><strong>\u00a7 1. POSTANOWIENIA OG\u00d3LNE<\/strong><\/p>\n\n\n\n<p>1. Organizatorem konkurs\u00f3w jest GazetaRegionalna.com, al. Ko\u015bciuszki 13, lok. 6, 42-202 Cz\u0119stochowa, (zwana dalej \u201eOrganizatorem\u201d).<br>2. Fundatorem nagrody jest Teatr im. Mickiewicza.<br>3. Niniejszy regulamin (dalej \u201eRegulamin\u201d) stanowi podstaw\u0119 organizacji oraz okre\u015bla warunki Konkursu.<br>4. Konkurs nie jest stworzony, administrowany, wspierany ani sponsorowany przez Facebook.<\/p>\n\n\n\n<p>5. Konkurs jest prowadzony na stronie&nbsp;<a href=\"https:\/\/www.gazetaregionalna.com\/\">www.gazetaregionalna.com<\/a>.<\/p>\n\n\n\n<p>6.Administratorem danych osobowych udost\u0119pnianych przez Uczestnik\u00f3w Konkursu jest Organizator. Podanie danych osobowych ma charakter dowolny, lecz niezb\u0119dny do przyst\u0105pienia przez Uczestnika do Konkursu. Osobom udost\u0119pniaj\u0105cym dane przys\u0142uguje prawo dost\u0119pu do tych danych, ich zmian b\u0105d\u017a usuni\u0119cia.<\/p>\n\n\n\n<p><strong>\u00a7 2. MIEJSCE, CZAS I ZASADY KONKURSU<\/strong><\/p>\n\n\n\n<p>1. Konkurs jest dost\u0119pny w formie tekstu konkursowego na portalu organizatora gazetaregionalna.com<br><strong>2. Konkurs trwa od dnia 24 czerwca 2022 r. od godz. 11.00. do dnia 25 czerwca 2022 r. do godz. 10.00.<\/strong><\/p>\n\n\n\n<p>W wyj\u0105tkowych sytuacjach Organizator konkursu mo\u017ce przed\u0142u\u017cy\u0107 lub przerwa\u0107 trwanie konkursu, w&nbsp;okre\u015blonym przez siebie zakresie, o czym poinformuje uczestnik\u00f3w konkursu na profilu wskazanym w \u00a71 pkt.6 Regulaminu.<\/p>\n\n\n\n<p><strong>\u00a7 3. UCZESTNICY KONKURSU<\/strong><\/p>\n\n\n\n<p>1. Uczestnikami Konkursu mog\u0105 by\u0107 wy\u0142\u0105cznie osoby fizyczne, konsumenci w rozumieniu art. 221 kodeksu cywilnego, posiadaj\u0105ce pe\u0142n\u0105 zdolno\u015bci do czynno\u015bci prawnych, kt\u00f3re zaakceptowa\u0142y niniejszy Regulamin (dalej: \u201eUczestnik\u201d).<br>2. Uczestnik o\u015bwiadcza, \u017ce:<br>a. jest osob\u0105 fizyczn\u0105, posiadaj\u0105c\u0105 pe\u0142n\u0105 zdolno\u015b\u0107 do czynno\u015bci prawnych;<\/p>\n\n\n\n<p>b. jest osob\u0105 pe\u0142noletni\u0105;<br>c. zapozna\u0142 si\u0119 z tre\u015bci\u0105 niniejszego Regulaminu i w spos\u00f3b dobrowolny przyst\u0119puje do Konkursu;<br>d. wyra\u017ca zgod\u0119 i akceptuje warunki Regulaminu, w tym zapozna\u0142 si\u0119 z tre\u015bci\u0105 dotycz\u0105c\u0105 procedury odbioru nagrody i j\u0105 w pe\u0142ni akceptuje;<br>e. zobowi\u0105zuje si\u0119 do przestrzegania postanowie\u0144 Regulaminu;<br>f. wyrazi\u0142 zgod\u0119 na przetwarzanie danych osobowych dla cel\u00f3w zwi\u0105zanych z uczestnictwem w Konkursie;<br>3. Uczestnik zobowi\u0105zuje si\u0119 do przestrzegania okre\u015blonych w Regulaminie zasad, jak r\u00f3wnie\u017c potwierdza, i\u017c spe\u0142nia wszystkie warunki, kt\u00f3re uprawniaj\u0105 go do udzia\u0142u w Konkursie.<\/p>\n\n\n\n<p>4. W Konkursie nie mog\u0105 uczestniczy\u0107 pracownicy i wsp\u00f3\u0142pracownicy Organizatora.<\/p>\n\n\n\n<p><strong>\u00a7 4. NAGRODA<\/strong><\/p>\n\n\n\n<p><strong>1. Nagrod\u0105 w Konkursie jest jedno podw\u00f3jne zaproszenia na spektakl \u201cAktorzy bez maski. Teatralny koktajl<\/strong>\u201c,<strong>&nbsp;kt\u00f3ry odb\u0119dzie si\u0119 26 czerwca o godz. 18.<br><\/strong>2. Informacja o Nagrodzie b\u0119dzie zawarta w tre\u015bci og\u0142oszenia o Konkursie opublikowanego na stronie gazetaregionalna.com.&nbsp;&nbsp;&nbsp;&nbsp;<br>3. Laureatowi nie przys\u0142uguje prawo wymiany Nagrody na got\u00f3wk\u0119 ani nagrod\u0119 innego rodzaju.<br>4. Zwyci\u0119zca mo\u017ce zrzec si\u0119 Nagrody, ale w zamian nie przys\u0142uguje mu ekwiwalent pieni\u0119\u017cny ani jakakolwiek inna nagroda.<\/p>\n\n\n\n<p><strong>\u00a7 5. ZASADY UCZESTNICTWA W KONKURSIE<\/strong><\/p>\n\n\n\n<p><strong>1. Zadaniem Uczestnika Konkursu jest:<\/strong><br>odpowied\u017a na zadanie\/pytanie konkursowe przedstawione na stronie gazetaregionalna.com. Jest ono nast\u0119puj\u0105ce:&nbsp;<strong>Doko\u0144cz zdanie: Chcia\u0142abym\/chcia\u0142bym wybra\u0107 si\u0119 na spektakl \u201cAktorzy bez maski. Teatralny koktajl\u201d, poniewa\u017c\u2026<\/strong><\/p>\n\n\n\n<p>Odpowied\u017a nale\u017cy wys\u0142a\u0107 mailowo na adres\u00a0<a href=\"mailto:konkursy@gazetaregionalna.com\">konkursy@gazetaregionalna.com<\/a>, w tytule podaj\u0105c \u201eAktorzy bez maski\u201d, a w tre\u015bci swoje imi\u0119 i nazwisko. Zadanie nale\u017cy wykona\u0107 w terminie od 24 czerwca od godz. 11 do 25 czerwca do godz. 10.<\/p>\n\n\n\n<p>1. Warunkiem uczestnictwa w Konkursie jest poprawne wykonanie wszystkich zada\u0144 opisanych w \u00a7 5. ust. 1 Regulaminu.<br>2. O przyznaniu nagrody decyduje Organizator w drodze analizy poprawno\u015bci wykonania zada\u0144 opisanych w \u00a7 5. ust. 1 Regulaminu przez Uczestnik\u00f3w Konkursu<br><strong>3. Spo\u015br\u00f3d nades\u0142anych odpowiedzi Organizator wy\u0142oni jednego zwyci\u0119zc\u0119..<br>4. Zwyci\u0119zca Konkursu zostanie powiadomiony o wygranej i o formie jej odbioru w wiadomo\u015bci mailowej wys\u0142anej z adresu&nbsp;<a href=\"mailto:konkursy@gazetaregionalna.com\">konkursy@gazetaregionalna.com<\/a>&nbsp;najp\u00f3\u017aniej do 25 czerwca od godz. 20.<\/strong><\/p>\n\n\n\n<p><strong>\u00a7 7. ZAKRES ODPOWIEDZIALNO\u015aCI ORGANIZATORA<\/strong><\/p>\n\n\n\n<p>1. Organizator nie ponosi odpowiedzialno\u015bci za rzetelno\u015b\u0107 i prawdziwo\u015b\u0107 danych Uczestnik\u00f3w Konkursu, w tym za brak mo\u017cliwo\u015bci przekazania nagr\u00f3d, z przyczyny le\u017c\u0105cych po stronie Uczestnika, w szczeg\u00f3lno\u015bci, je\u015bli ten nie poda\u0142 prawdziwego adresu do korespondencji lub podane dane s\u0105 niepe\u0142ne lub nieaktualne.<br>2. Organizator o\u015bwiadcza, \u017ce nie prowadzi kontroli, ani monitoringu tre\u015bci umieszczanych przez Uczestnik\u00f3w w&nbsp;zakresie rzetelno\u015bci i prawdziwo\u015bci, z zastrze\u017ceniem dzia\u0142a\u0144 zwi\u0105zanych z usuni\u0119ciem narusze\u0144 Regulaminu lub przepis\u00f3w powszechnie obowi\u0105zuj\u0105cych.<br>3. Organizator zastrzega sobie prawo do wykluczenia z udzia\u0142u w Konkursie Uczestnik\u00f3w, kt\u00f3rych dzia\u0142ania s\u0105 sprzeczne z prawem lub Regulaminem.<br>4. Organizator nie ponosi odpowiedzialno\u015bci za jakiekolwiek zak\u0142\u00f3cenia w dzia\u0142aniu \u0142\u0105cz teleinformatycznych, serwer\u00f3w, interfejs\u00f3w oraz przegl\u0105darek.<\/p>\n\n\n\n<p><strong>\u00a7 8. PRZETWARZANIE DANYCH OSOBOWYCH<\/strong><\/p>\n\n\n\n<p>1. Dane osobowe Uczestnik\u00f3w Konkursu b\u0119d\u0105 przetwarzane przez Organizatora wy\u0142\u0105cznie w celu dokonania czynno\u015bci niezb\u0119dnych do prawid\u0142owego przeprowadzenia Konkursu.<br>2. Dane osobowe Uczestnik\u00f3w Konkursu b\u0119d\u0105 przechowywane przez Organizatora tylko przez okres niezb\u0119dny do przeprowadzenia Konkursu i wydania nagr\u00f3d wyr\u00f3\u017cnionym Uczestnikom.<br>3. Uczestnicy maj\u0105 prawo wgl\u0105du do przetwarzanych danych i ich poprawiania oraz usuwania. Dane s\u0105 podawane na zasadach dobrowolno\u015bci.<\/p>\n\n\n\n<p>4. W momencie usuni\u0119cia danych U\u017cytkownik traci mo\u017cliwo\u015b\u0107 Uczestnictwa w Konkursie.<\/p>\n\n\n\n<p><strong>\u00a7 9. PRAWA AUTORSKIE<\/strong><\/p>\n\n\n\n<p>1. Wszelkie prawa w\u0142asno\u015bci intelektualnej do Konkursu przys\u0142uguj\u0105 Organizatorowi. Uczestnictwo w&nbsp;Konkursie nie skutkuje w \u017cadnym zakresie nabyciem przez Uczestnik\u00f3w jakichkolwiek praw w\u0142asno\u015bci intelektualnej. Zabronione jest naruszanie w jakikolwiek spos\u00f3b praw w\u0142asno\u015bci intelektualnej w Konkursie, w&nbsp;szczeg\u00f3lno\u015bci:<br>a) kopiowanie, modyfikowanie oraz transmitowanie elektronicznie lub rozpowszechnianie w inny spos\u00f3b mechanizmu Konkursu lub jego cz\u0119\u015bci, a tak\u017ce poszczeg\u00f3lnych utwor\u00f3w<br>i baz danych, bez wyra\u017anej pisemnej zgody Administratora;<br>b) korzystanie z Konkursu w spos\u00f3b niezgodny z Regulaminem lub powszechnie obowi\u0105zuj\u0105cymi przepisami.<\/p>\n\n\n\n<p><strong>\u00a7 10. REKLAMACJE I ZG\u0141OSZENIA NARUSZE\u0143<\/strong><\/p>\n\n\n\n<p>1. Wszelkie reklamacje dotycz\u0105ce sposobu przeprowadzania Konkursu, Uczestnicy winni zg\u0142asza\u0107 na pi\u015bmie w&nbsp;czasie trwania Konkursu, jednak nie p\u00f3\u017aniej ni\u017c w terminie 7 (siedmiu) dni od dnia wydania Nagr\u00f3d.<br>2. Reklamacja zg\u0142oszona po wyznaczonym terminie nie wywo\u0142uje skutk\u00f3w prawnych.<br>3. Pisemna reklamacja powinna zawiera\u0107 imi\u0119, nazwisko, dok\u0142adny adres Uczestnika oraz dok\u0142adny opis i&nbsp;uzasadnienie reklamacji.<br><strong>4. Reklamacja powinna by\u0107 przes\u0142ana listem poleconym na adres Organizatora z dopiskiem \u201eKonkurs z dnia 24 czerwca 2022 r.\u201d.<br><\/strong>5. Reklamacje rozpatrywane b\u0119d\u0105 pisemnie w terminie 30 dni.<\/p>\n\n\n\n<p><strong>\u00a7 11. POSTANOWIENIA KO\u0143COWE<\/strong><\/p>\n\n\n\n<p><strong>1. Regulamin wchodzi w \u017cycie z dniem 24 czerwca 2022 r. i obowi\u0105zuje do 25 czerwca 2022 r.<br><\/strong>2. W kwestiach nieuregulowanych niniejszym Regulaminem stosuje si\u0119 przepisy Kodeksu cywilnego i inne przepisy prawa.<br>3. Spory odnosz\u0105ce si\u0119 i wynikaj\u0105ce z Konkursu b\u0119d\u0105 rozwi\u0105zywane przez s\u0105d powszechny w\u0142a\u015bciwy miejscowo dla siedziby Organizatora.<br>4. Organizator zastrzega sobie prawo do zmiany zasad Konkursu w trakcie jego trwania. Informacja o zmianach b\u0119dzie zamieszczona na stronie gazeta regionalna.com<\/p>\n","protected":false},"excerpt":{"rendered":"<p>W niedziel\u0119, 26 czerwca Teatr im. Mickiewicza ko\u0144czy sezon 2021\/2022. O godz. 18 zaprezentuje muzyczne widowisko zatytu\u0142owane &#8222;Aktorzy bez maski: Teatralny koktajl&#8221;. Teatr im.<\/p>\n","protected":false},"author":18,"featured_media":84219,"comment_status":"closed","ping_status":"open","sticky":false,"template":"","format":"standard","meta":{"_monsterinsights_skip_tracking":false,"_monsterinsights_sitenote_active":false,"_monsterinsights_sitenote_note":"","_monsterinsights_sitenote_category":0,"_uf_show_specific_survey":0,"_uf_disable_surveys":false,"footnotes":""},"categories":[12,3,2],"tags":[89,255],"class_list":["post-84216","post","type-post","status-publish","format-standard","has-post-thumbnail","hentry","category-kultura-i-rozrywka","category-czestochowa-informacje","category-wiadomosci","tag-konkurs","tag-teatr-im-adama-mickiewicza-w-czestochowie"],"_links":{"self":[{"href":"https:\/\/gazetaregionalna.com\/index.php?rest_route=\/wp\/v2\/posts\/84216","targetHints":{"allow":["GET"]}}],"collection":[{"href":"https:\/\/gazetaregionalna.com\/index.php?rest_route=\/wp\/v2\/posts"}],"about":[{"href":"https:\/\/gazetaregionalna.com\/index.php?rest_route=\/wp\/v2\/types\/post"}],"author":[{"embeddable":true,"href":"https:\/\/gazetaregionalna.com\/index.php?rest_route=\/wp\/v2\/users\/18"}],"replies":[{"embeddable":true,"href":"https:\/\/gazetaregionalna.com\/index.php?rest_route=%2Fwp%2Fv2%2Fcomments&post=84216"}],"version-history":[{"count":11,"href":"https:\/\/gazetaregionalna.com\/index.php?rest_route=\/wp\/v2\/posts\/84216\/revisions"}],"predecessor-version":[{"id":84424,"href":"https:\/\/gazetaregionalna.com\/index.php?rest_route=\/wp\/v2\/posts\/84216\/revisions\/84424"}],"wp:featuredmedia":[{"embeddable":true,"href":"https:\/\/gazetaregionalna.com\/index.php?rest_route=\/wp\/v2\/media\/84219"}],"wp:attachment":[{"href":"https:\/\/gazetaregionalna.com\/index.php?rest_route=%2Fwp%2Fv2%2Fmedia&parent=84216"}],"wp:term":[{"taxonomy":"category","embeddable":true,"href":"https:\/\/gazetaregionalna.com\/index.php?rest_route=%2Fwp%2Fv2%2Fcategories&post=84216"},{"taxonomy":"post_tag","embeddable":true,"href":"https:\/\/gazetaregionalna.com\/index.php?rest_route=%2Fwp%2Fv2%2Ftags&post=84216"}],"curies":[{"name":"wp","href":"https:\/\/api.w.org\/{rel}","templated":true}]}}