{"id":83903,"date":"2022-06-22T07:12:41","date_gmt":"2022-06-22T07:12:41","guid":{"rendered":"https:\/\/gazetaregionalna.com\/?p=83903"},"modified":"2022-06-22T07:12:43","modified_gmt":"2022-06-22T07:12:43","slug":"rozowy-piknik-na-parkitce","status":"publish","type":"post","link":"https:\/\/gazetaregionalna.com\/?p=83903","title":{"rendered":"\u201eR\u00f3\u017cowy piknik\u201d w szpitalu na Parkitce"},"content":{"rendered":"\n<p><strong>24 czerwca w godzinach 10.00\u201314.00 na parkingu przed Wojew\u00f3dzkim Szpitalem Specjalistycznym odb\u0119dzie si\u0119 \u201eR\u00f3\u017cowy piknik\u201d. W trakcie wydarzenia b\u0119dzie mo\u017cna m.in. wykona\u0107 badanie USG piersi oraz poszerzy\u0107 swoj\u0105 wiedz\u0119 z zakresu kobiecych chor\u00f3b onkologicznych i ich profilaktyki.<\/strong><\/p>\n\n\n\n<p>Organizatorem pikniku jest O\u015brodek Leczenia Raka Piersi. Wydarzenie ma bardzo rozbudowany program. Dla go\u015bci zaplanowano m.in. rozmowy z ekspertami na temat profilaktyki raka, zdrowego od\u017cywiania i jego znaczenia w zapobieganiu schorzeniu.<\/p>\n\n\n\n<p>Dodatkowo, specjali\u015bci zaprezentuj\u0105 przy u\u017cyciu fantomu jak skutecznie dokona\u0107 samobadania piersi. Uczestnicy spotkaj\u0105 si\u0119 tak\u017ce z cz\u0142onkiniami Stowarzyszenia Cz\u0119stochowskie Amazonki oraz pacjentkami O\u015brodka Leczenia Raka Piersi.<\/p>\n\n\n\n<p>Dzi\u0119ki organizatorom oraz partnerom wydarzenia, kt\u00f3rzy tak\u017ce zaanga\u017cowali si\u0119 w przygotowania, kobiety b\u0119d\u0105 mog\u0142y skorzysta\u0107 z bezp\u0142atnego USG piersi, mo\u017cliwo\u015bci wykonania makija\u017cu pod okiem profesjonalnej wiza\u017cystki i konsultacji z brafitterk\u0105, kt\u00f3ra pomo\u017ce dobra\u0107 przyjazny zdrowiu i figurze biustonosz. Na przyby\u0142ych czeka\u0107 b\u0119dzie r\u00f3wnie\u017c pocz\u0119stunek w postaci kawy, owoc\u00f3w i zdrowych przek\u0105sek.<\/p>\n\n\n\n<p>\u2013 Rola profilaktyki raka od lat stanowi w Polsce wa\u017cny temat spo\u0142eczny. Skuteczno\u015b\u0107 terapii onkologicznej jest tym wi\u0119ksza, im wcze\u015bniej choroba zostanie zdiagnozowana. Dlatego tak wa\u017cne jest wykonywanie regularnych bada\u0144 \u2013 podkre\u015bla Zbigniew Bajkowski, Dyrektor Wojew\u00f3dzkiego Szpitala Specjalistycznego im. NMP w Cz\u0119stochowie. \u2013 Nie mniej wa\u017cna jest tzw. czujno\u015b\u0107 onkologiczna oraz podejmowanie prozdrowotnych aktywno\u015bci, w tym r\u00f3wnie\u017c wdro\u017cenie odpowiedniej diety. Czynnik\u00f3w zwi\u0119kszaj\u0105cych ryzyko zachorowania na nowotw\u00f3r jest wiele, dlatego chroni\u0107 r\u00f3wnie\u017c nale\u017cy si\u0119 kompleksowo \u2013 dodaje.<\/p>\n\n\n\n<p>W\u015br\u00f3d zaproszonych na wydarzenie go\u015bci znale\u017ali si\u0119 Fundacja <a href=\"http:\/\/okowokozrakiem.pl\/\" target=\"_blank\" rel=\"noopener\">Oko w Oko z Rakiem<\/a>. Go\u015bciem specjalnym imprezy b\u0119dzie Moniatoska, piosenkarka i tancerka, kt\u00f3ra wyst\u0105pi przed zgromadzon\u0105 publiczno\u015bci\u0105.<\/p>\n\n\n\n<p><strong>red.<\/strong><\/p>\n","protected":false},"excerpt":{"rendered":"<p>24 czerwca w godzinach 10.00\u201314.00 na parkingu przed Wojew\u00f3dzkim Szpitalem Specjalistycznym odb\u0119dzie si\u0119 \u201eR\u00f3\u017cowy piknik\u201d. W trakcie wydarzenia b\u0119dzie mo\u017cna m.in. wykona\u0107 badanie USG<\/p>\n","protected":false},"author":26,"featured_media":83904,"comment_status":"closed","ping_status":"open","sticky":false,"template":"","format":"standard","meta":{"_monsterinsights_skip_tracking":false,"_monsterinsights_sitenote_active":false,"_monsterinsights_sitenote_note":"","_monsterinsights_sitenote_category":0,"_uf_show_specific_survey":0,"_uf_disable_surveys":false,"footnotes":""},"categories":[19,3,94,2],"tags":[118,5324,1933,4984,5325,2634,342,1159],"class_list":["post-83903","post","type-post","status-publish","format-standard","has-post-thumbnail","hentry","category-zdrowie-i-uroda","category-czestochowa-informacje","category-polecane","category-wiadomosci","tag-edukacja","tag-oko-w-oko-z-rakiem","tag-profilaktyka","tag-rak-piersi","tag-rozowy-piknik","tag-szpital-na-parkitce","tag-wojewodzki-szpital-specjalistyczny-im-nmp-w-czestochowie","tag-zdrowie"],"_links":{"self":[{"href":"https:\/\/gazetaregionalna.com\/index.php?rest_route=\/wp\/v2\/posts\/83903","targetHints":{"allow":["GET"]}}],"collection":[{"href":"https:\/\/gazetaregionalna.com\/index.php?rest_route=\/wp\/v2\/posts"}],"about":[{"href":"https:\/\/gazetaregionalna.com\/index.php?rest_route=\/wp\/v2\/types\/post"}],"author":[{"embeddable":true,"href":"https:\/\/gazetaregionalna.com\/index.php?rest_route=\/wp\/v2\/users\/26"}],"replies":[{"embeddable":true,"href":"https:\/\/gazetaregionalna.com\/index.php?rest_route=%2Fwp%2Fv2%2Fcomments&post=83903"}],"version-history":[{"count":1,"href":"https:\/\/gazetaregionalna.com\/index.php?rest_route=\/wp\/v2\/posts\/83903\/revisions"}],"predecessor-version":[{"id":83905,"href":"https:\/\/gazetaregionalna.com\/index.php?rest_route=\/wp\/v2\/posts\/83903\/revisions\/83905"}],"wp:featuredmedia":[{"embeddable":true,"href":"https:\/\/gazetaregionalna.com\/index.php?rest_route=\/wp\/v2\/media\/83904"}],"wp:attachment":[{"href":"https:\/\/gazetaregionalna.com\/index.php?rest_route=%2Fwp%2Fv2%2Fmedia&parent=83903"}],"wp:term":[{"taxonomy":"category","embeddable":true,"href":"https:\/\/gazetaregionalna.com\/index.php?rest_route=%2Fwp%2Fv2%2Fcategories&post=83903"},{"taxonomy":"post_tag","embeddable":true,"href":"https:\/\/gazetaregionalna.com\/index.php?rest_route=%2Fwp%2Fv2%2Ftags&post=83903"}],"curies":[{"name":"wp","href":"https:\/\/api.w.org\/{rel}","templated":true}]}}