{"id":83893,"date":"2022-06-22T04:39:15","date_gmt":"2022-06-22T04:39:15","guid":{"rendered":"https:\/\/gazetaregionalna.com\/?p=83893"},"modified":"2022-06-22T04:39:16","modified_gmt":"2022-06-22T04:39:16","slug":"juz-niebawem-rusza-akcja-lato-w-miescie","status":"publish","type":"post","link":"https:\/\/gazetaregionalna.com\/?p=83893","title":{"rendered":"Ju\u017c niebawem rusza akcja \u201eLato w mie\u015bcie\u201d"},"content":{"rendered":"\n<h2 class=\"wp-block-heading\"><strong>Wycieczki, zaj\u0119cia sportowe, obozy, odwiedziny w zoo. Dziesi\u0105tki propozycji sp\u0119dzania wolnego czasu czekaj\u0105 na dzieci w ramach cz\u0119stochowskiej akcji \u201eLato w mie\u015bcie\u201d.<\/strong><\/h2>\n\n\n\n<p>W tegoroczn\u0105 edycj\u0119 \u201eLata w mie\u015bcie\u201d w\u0142\u0105czonych jest 10 instytucji, fundacji, klub\u00f3w sportowych i stowarzysze\u0144. Dzi\u0119ki dotacjom b\u0119d\u0105  mog\u0142y dofinansowa\u0107 zorganizowanie dla dzieciak\u00f3w zaj\u0119\u0107 sportowych, \u017ceglarskich, zaprosi\u0107 na ciekawe wycieczki i obozy.<\/p>\n\n\n\n<p>Organizatorami wakacyjnych atrakcji s\u0105: Klub Rekreacyjno-Sportowy TKKF Sportowiec, Stowarzyszenie Pomocy Osobom z Autyzmem, Regionalny Oddzia\u0142 Polskiego Towarzystwa Turystycznego Krajoznawczego, Cz\u0119stochowski Okr\u0119gowy Zwi\u0105zek \u017beglarski, Klub Og\u00f3lnosportowy Viktoria 2022, Uczniowski Klub Sportowy GEM, Parafia \u015bw. Floriana M\u0119czennika, Cz\u0119stochowski Klub Sportowy Orient, Fundacja Ma\u0142ego i Du\u017cego Cz\u0142owieka ,,Kolorowa\u201d oraz Zwi\u0105zek Harcerstwa Polskiego Chor\u0105giew \u015al\u0105ska.<\/p>\n\n\n\n<p>Wydarzenia w ramach akcji \u201eLato w mie\u015bcie\u201d, dofinansowane s\u0105 przez Gmin\u0119 Miasto Cz\u0119stochow\u0119 kwot\u0105 niemal 50 tys. z\u0142.<br>Wszystkie dok\u0142adne informacje dotycz\u0105ce zasad uczestnictwa w poszczeg\u00f3lnych wydarzeniach(liczba uczestnik\u00f3w, terminy, miejsca zbi\u00f3rek, koszt), b\u0119dzie mo\u017cna znale\u017a\u0107 na stronie Miasta Cz\u0119stochowy (<a href=\"https:\/\/www.czestochowa.pl\/\" target=\"_blank\" rel=\"noopener\">https:\/\/www.czestochowa.pl\/<\/a>), pod has\u0142em \u201eLato w mie\u015bcie\u201d.<\/p>\n\n\n\n<p>Poniewa\u017c godziny czy terminy wydarze\u0144 mog\u0105 ulega\u0107 zmianom, nale\u017cy kontaktowa\u0107 si\u0119 bezpo\u015brednio z organizatorem.<br><br>Ale to nie jedyne atrakcje jakie czekaj\u0105 na m\u0142ode cz\u0119stochowianki i cz\u0119stochowian w czasie wakacji. 18 lokalnych szk\u00f3\u0142 podj\u0119\u0142o si\u0119 organizacji p\u00f3\u0142kolonii, jednodniowych wycieczek czy dni otwartych. W akcj\u0119 w\u0142\u0105czy\u0142y si\u0119 szko\u0142y podstawowe nr: 1,2,4, 6, 9, 12, 16, 21, 24, 41, 49, 37 z Oddzia\u0142ami Integracyjnymi oraz Zesp\u00f3\u0142 Szk\u00f3\u0142 Samochodowych, ZS ,,\u017beromskiego\u201d, Zesp\u00f3\u0142 Szk\u00f3\u0142 Technicznych, Zesp\u00f3\u0142 Szk\u00f3\u0142 Specjalnych nr 45, Specjalne O\u015brodki Szkolno-Wychowawcze nr 1 i nr 5.<\/p>\n\n\n\n<p>Na pomoc w organizacji wydarze\u0144 przez te plac\u00f3wki, miasto przeznaczy\u0142o z bud\u017cetu ponad 27 tys. z\u0142otych.<\/p>\n\n\n\n<p>Dodatkowe 64 tys. zostan\u0105 przekazane na p\u00f3\u0142kolonie organizowane przez Wydzia\u0142 Polityki Spo\u0142ecznej w ramach programu \u201eRadosna profilatyka\u201d. P\u00f3\u0142kolonie odb\u0119d\u0105 si\u0119 w szko\u0142ach podstawowych nr: 8, 31, 32, 35, 38, 39, 41, 48, 49, Zespo\u0142y Szkolno Przedszkolne nr 1 i nr 5.<\/p>\n\n\n\n<p>Warto \u015bledzi\u0107 wydarzenia w ramach akcji \u201eLato w mie\u015bcie\u201d i zapozna\u0107 si\u0119 ze szczeg\u00f3\u0142owym programem u organizator\u00f3w. By\u0107 mo\u017ce dzi\u0119ki wakacyjnym zaj\u0119ciom zakie\u0142kuj\u0105 w dzieciakach nowe zainteresowania i pasje.<\/p>\n","protected":false},"excerpt":{"rendered":"<p>Wycieczki, zaj\u0119cia sportowe, obozy, odwiedziny w zoo. Dziesi\u0105tki propozycji sp\u0119dzania wolnego czasu czekaj\u0105 na dzieci w ramach cz\u0119stochowskiej akcji \u201eLato w mie\u015bcie\u201d. W tegoroczn\u0105<\/p>\n","protected":false},"author":24,"featured_media":83895,"comment_status":"closed","ping_status":"open","sticky":false,"template":"","format":"standard","meta":{"_monsterinsights_skip_tracking":false,"_monsterinsights_sitenote_active":false,"_monsterinsights_sitenote_note":"","_monsterinsights_sitenote_category":0,"_uf_show_specific_survey":0,"_uf_disable_surveys":false,"footnotes":""},"categories":[17,3,15,41,5,30],"tags":[5319,1497,5318,5314,1966,2109,5320,396,5317,5316],"class_list":["post-83893","post","type-post","status-publish","format-standard","has-post-thumbnail","hentry","category-dom","category-czestochowa-informacje","category-dla-dzieci","category-edukacja","category-sport","category-wypoczynek","tag-fundacje","tag-harcerstwo","tag-kluby-sportowe","tag-lato-w-miescie","tag-obozy","tag-polkolonie","tag-stowarzyszenia","tag-szkoly-podstawowe","tag-wakacje-w-miescie","tag-wycieczki"],"_links":{"self":[{"href":"https:\/\/gazetaregionalna.com\/index.php?rest_route=\/wp\/v2\/posts\/83893","targetHints":{"allow":["GET"]}}],"collection":[{"href":"https:\/\/gazetaregionalna.com\/index.php?rest_route=\/wp\/v2\/posts"}],"about":[{"href":"https:\/\/gazetaregionalna.com\/index.php?rest_route=\/wp\/v2\/types\/post"}],"author":[{"embeddable":true,"href":"https:\/\/gazetaregionalna.com\/index.php?rest_route=\/wp\/v2\/users\/24"}],"replies":[{"embeddable":true,"href":"https:\/\/gazetaregionalna.com\/index.php?rest_route=%2Fwp%2Fv2%2Fcomments&post=83893"}],"version-history":[{"count":1,"href":"https:\/\/gazetaregionalna.com\/index.php?rest_route=\/wp\/v2\/posts\/83893\/revisions"}],"predecessor-version":[{"id":83894,"href":"https:\/\/gazetaregionalna.com\/index.php?rest_route=\/wp\/v2\/posts\/83893\/revisions\/83894"}],"wp:featuredmedia":[{"embeddable":true,"href":"https:\/\/gazetaregionalna.com\/index.php?rest_route=\/wp\/v2\/media\/83895"}],"wp:attachment":[{"href":"https:\/\/gazetaregionalna.com\/index.php?rest_route=%2Fwp%2Fv2%2Fmedia&parent=83893"}],"wp:term":[{"taxonomy":"category","embeddable":true,"href":"https:\/\/gazetaregionalna.com\/index.php?rest_route=%2Fwp%2Fv2%2Fcategories&post=83893"},{"taxonomy":"post_tag","embeddable":true,"href":"https:\/\/gazetaregionalna.com\/index.php?rest_route=%2Fwp%2Fv2%2Ftags&post=83893"}],"curies":[{"name":"wp","href":"https:\/\/api.w.org\/{rel}","templated":true}]}}