{"id":8355,"date":"2019-11-26T08:07:16","date_gmt":"2019-11-26T08:07:16","guid":{"rendered":"https:\/\/gazetaregionalna.com\/?p=8355"},"modified":"2019-11-26T08:07:22","modified_gmt":"2019-11-26T08:07:22","slug":"kazdy-moze-zostac-swietym-mikolajem","status":"publish","type":"post","link":"https:\/\/gazetaregionalna.com\/?p=8355","title":{"rendered":"Ka\u017cdy mo\u017ce zosta\u0107 \u015awi\u0119tym Miko\u0142ajem"},"content":{"rendered":"\n<p>Klub Honorowych Dawc\u00f3w Krwi Commando z Lubli\u0144ca prowadzi zbi\u00f3rk\u0119 na rzecz dzieci z oddzia\u0142\u00f3w pediatrycznych.<br>\nPotrzebne s\u0105 r\u00f3\u017cne artyku\u0142y, od \u015brodk\u00f3w czysto\u015bci, po zabawki. Organizatorzy akcji apeluj\u0105 o przynoszenie pampers\u00f3w, chusteczek nawil\u017caj\u0105cych, krem\u00f3w i oliwek dla niemowlak\u00f3w, tak\u017ce grzechotek i gryzak\u00f3w. To dla najm\u0142odszych pacjent\u00f3w. Tych nieco starszych uciesz\u0105 z pewno\u015bci\u0105 zabawki interaktywne, puzzle, przytulanki, a tak\u017ce s\u0142odycze. Mile widziana inwencja pomagaj\u0105cych.<br>\nDary mo\u017cna przesy\u0142a\u0107 lub dostarcza\u0107 osobi\u015bcie do czwartku, 28 listopada na adres: Danuta Kuciejczyk, ul. Soko\u0142a10, 42-700 Lubliniec.<\/p>\n","protected":false},"excerpt":{"rendered":"<p>Klub Honorowych Dawc\u00f3w Krwi Commando z Lubli\u0144ca prowadzi zbi\u00f3rk\u0119 na rzecz dzieci z oddzia\u0142\u00f3w pediatrycznych. Potrzebne s\u0105 r\u00f3\u017cne artyku\u0142y, od \u015brodk\u00f3w czysto\u015bci, po zabawki.<\/p>\n","protected":false},"author":7,"featured_media":0,"comment_status":"open","ping_status":"open","sticky":false,"template":"","format":"standard","meta":{"_monsterinsights_skip_tracking":false,"_monsterinsights_sitenote_active":false,"_monsterinsights_sitenote_note":"","_monsterinsights_sitenote_category":0,"_uf_show_specific_survey":0,"_uf_disable_surveys":false,"footnotes":""},"categories":[25,94,2],"tags":[],"class_list":["post-8355","post","type-post","status-publish","format-standard","hentry","category-lubliniec","category-polecane","category-wiadomosci"],"_links":{"self":[{"href":"https:\/\/gazetaregionalna.com\/index.php?rest_route=\/wp\/v2\/posts\/8355","targetHints":{"allow":["GET"]}}],"collection":[{"href":"https:\/\/gazetaregionalna.com\/index.php?rest_route=\/wp\/v2\/posts"}],"about":[{"href":"https:\/\/gazetaregionalna.com\/index.php?rest_route=\/wp\/v2\/types\/post"}],"author":[{"embeddable":true,"href":"https:\/\/gazetaregionalna.com\/index.php?rest_route=\/wp\/v2\/users\/7"}],"replies":[{"embeddable":true,"href":"https:\/\/gazetaregionalna.com\/index.php?rest_route=%2Fwp%2Fv2%2Fcomments&post=8355"}],"version-history":[{"count":1,"href":"https:\/\/gazetaregionalna.com\/index.php?rest_route=\/wp\/v2\/posts\/8355\/revisions"}],"predecessor-version":[{"id":8357,"href":"https:\/\/gazetaregionalna.com\/index.php?rest_route=\/wp\/v2\/posts\/8355\/revisions\/8357"}],"wp:attachment":[{"href":"https:\/\/gazetaregionalna.com\/index.php?rest_route=%2Fwp%2Fv2%2Fmedia&parent=8355"}],"wp:term":[{"taxonomy":"category","embeddable":true,"href":"https:\/\/gazetaregionalna.com\/index.php?rest_route=%2Fwp%2Fv2%2Fcategories&post=8355"},{"taxonomy":"post_tag","embeddable":true,"href":"https:\/\/gazetaregionalna.com\/index.php?rest_route=%2Fwp%2Fv2%2Ftags&post=8355"}],"curies":[{"name":"wp","href":"https:\/\/api.w.org\/{rel}","templated":true}]}}