{"id":83545,"date":"2022-06-17T07:42:44","date_gmt":"2022-06-17T07:42:44","guid":{"rendered":"https:\/\/gazetaregionalna.com\/?p=83545"},"modified":"2022-06-17T07:42:45","modified_gmt":"2022-06-17T07:42:45","slug":"49-gmin-otrzymalo-wsparcie-z-wojewodztwa-slaskiego","status":"publish","type":"post","link":"https:\/\/gazetaregionalna.com\/?p=83545","title":{"rendered":"49 gmin otrzyma\u0142o wsparcie z Wojew\u00f3dztwa \u015al\u0105skiego na budow\u0119 lokalnych dr\u00f3g dojazdowych"},"content":{"rendered":"\n<p><strong>Kwota przeznaczona na realizacj\u0119 w sumie 59 zada\u0144 to 11 498 410 z\u0142. Owo wsparcie ma ogromne znaczenie dla lokalnych spo\u0142eczno\u015bci. Nale\u017cy nadmieni\u0107, i\u017c 23% ludno\u015bci wojew\u00f3dztwa zamieszkuje na terenach wiejskich.<\/strong><\/p>\n\n\n\n<p>W uroczystym przekazaniu um\u00f3w na realizacj\u0119 zada w Sali Sejmu \u015al\u0105skiego uczestniczyli: wicemarsza\u0142ek Dariusz Starzycki, Beata Bia\u0142ow\u0105s i Izabela Domoga\u0142a &#8211; cz\u0142onkinie zarz\u0105du wojew\u00f3dztwa oraz Bart\u0142omiej Kowalski, radny Komisji Rolnictwa i Teren\u00f3w Wiejskich Sejmiku Wojew\u00f3dztwa \u015al\u0105skiego.<\/p>\n\n\n\n<p>&#8211; W imieniu marsza\u0142ka Jakuba Che\u0142stowskiego pragn\u0119 z\u0142o\u017cy\u0107 wszystkim Pa\u0144stwu serdeczne gratulacje \u2013 powiedzia\u0142a Beata Bia\u0142ow\u0105s. \u2013 Kolejne \u015brodki z bud\u017cetu wojew\u00f3dztwa trafiaj\u0105 do samorz\u0105d\u00f3w. To du\u017ce \u015brodki, prawie 11, 5 miliona z\u0142otych. Co roku na ten cel Wojew\u00f3dztwo \u015al\u0105skie przeznacza kilkana\u015bcie milion\u00f3w. Chcia\u0142abym, \u017ceby dzi\u015b wybrzmia\u0142o, \u017ce te inwestycje s\u0142u\u017c\u0105 tak\u017ce celom rekreacyjnym, podnosz\u0105 walory turystyczne teren\u00f3w wiejskich i usprawniaj\u0105 lokaln\u0105 komunikacj\u0119 mieszka\u0144c\u00f3w. Dlatego jestem przekonana, \u017ce nie spotykamy si\u0119 dzi\u015b po raz ostatni, \u017ceby takie umowy wr\u0119czy\u0107.<\/p>\n\n\n\n<p>Na podstawie regulaminu post\u0119powania w sprawach zwi\u0105zanych z wydatkowaniem dochod\u00f3w bud\u017cetu Wojew\u00f3dztwa \u015al\u0105skiego uzyskiwanych na podstawie ustawy o ochronie grunt\u00f3w rolnych i le\u015bnych co roku sk\u0142adane s\u0105 wnioski, dotycz\u0105ce realizacji zada\u0144, m.in. dr\u00f3g dojazdowych do grunt\u00f3w rolnych.<\/p>\n\n\n\n<p>Ka\u017cdy wniosek podlega kwalifikacji terenowej z udzia\u0142em przedstawiciela wnioskodawcy. Sporz\u0105dzany jest protok\u00f3\u0142 kwalifikacyjny, kt\u00f3ry okre\u015bla czy wnioskowane zadanie b\u0119dzie podlega\u0142o dofinansowaniu (w ca\u0142o\u015bci lub w cz\u0119\u015bci). Nast\u0119pnie na podstawie zebranej dokumentacji dokonuje si\u0119 oceny wniosk\u00f3w.<\/p>\n\n\n\n<p>Ka\u017cdy wniosek uzyskuje odpowiedni\u0105 liczb\u0119 punkt\u00f3w, ilo\u015b\u0107 zdobytych punkt\u00f3w decyduje o miejscu na li\u015bcie rankingowej wniosk\u00f3w przyj\u0119tych do realizacji, zatwierdzanej uchwa\u0142\u0105 Zarz\u0105du Wojew\u00f3dztwa \u015al\u0105skiego.<\/p>\n\n\n\n<p>Ponadto, do 30 czerwca (czwartek) istnieje mo\u017cliwo\u015b\u0107 zg\u0142oszenia realizacji do konkursu Najlepsza Przestrze\u0144 Publiczna Wojew\u00f3dztwa \u015al\u0105skiego 2022. \u0141\u0105czna pula nagr\u00f3d w tym roku wynosi 60 tys. z\u0142otych. Wi\u0119cej na ten temat przeczytasz <a href=\"https:\/\/gazetaregionalna.com\/najlepsza-przestrzen-publiczna-wojewodztwa-slaskiego-2022\/\">tutaj<\/a>.<\/p>\n\n\n\n<p><strong>LN\/UMWS<\/strong><\/p>\n","protected":false},"excerpt":{"rendered":"<p>Kwota przeznaczona na realizacj\u0119 w sumie 59 zada\u0144 to 11 498 410 z\u0142. Owo wsparcie ma ogromne znaczenie dla lokalnych spo\u0142eczno\u015bci. Nale\u017cy nadmieni\u0107, i\u017c<\/p>\n","protected":false},"author":26,"featured_media":83547,"comment_status":"closed","ping_status":"open","sticky":false,"template":"","format":"standard","meta":{"_monsterinsights_skip_tracking":false,"_monsterinsights_sitenote_active":false,"_monsterinsights_sitenote_note":"","_monsterinsights_sitenote_category":0,"_uf_show_specific_survey":0,"_uf_disable_surveys":false,"footnotes":""},"categories":[2,43,4],"tags":[505,4123,1946,2938],"class_list":["post-83545","post","type-post","status-publish","format-standard","has-post-thumbnail","hentry","category-wiadomosci","category-biznes","category-region","tag-dofinansowanie","tag-urzad-marszalkowski-wojewodztwa-slaskiego","tag-wojewodztwo-slaskie","tag-wsparcie"],"_links":{"self":[{"href":"https:\/\/gazetaregionalna.com\/index.php?rest_route=\/wp\/v2\/posts\/83545","targetHints":{"allow":["GET"]}}],"collection":[{"href":"https:\/\/gazetaregionalna.com\/index.php?rest_route=\/wp\/v2\/posts"}],"about":[{"href":"https:\/\/gazetaregionalna.com\/index.php?rest_route=\/wp\/v2\/types\/post"}],"author":[{"embeddable":true,"href":"https:\/\/gazetaregionalna.com\/index.php?rest_route=\/wp\/v2\/users\/26"}],"replies":[{"embeddable":true,"href":"https:\/\/gazetaregionalna.com\/index.php?rest_route=%2Fwp%2Fv2%2Fcomments&post=83545"}],"version-history":[{"count":1,"href":"https:\/\/gazetaregionalna.com\/index.php?rest_route=\/wp\/v2\/posts\/83545\/revisions"}],"predecessor-version":[{"id":83548,"href":"https:\/\/gazetaregionalna.com\/index.php?rest_route=\/wp\/v2\/posts\/83545\/revisions\/83548"}],"wp:featuredmedia":[{"embeddable":true,"href":"https:\/\/gazetaregionalna.com\/index.php?rest_route=\/wp\/v2\/media\/83547"}],"wp:attachment":[{"href":"https:\/\/gazetaregionalna.com\/index.php?rest_route=%2Fwp%2Fv2%2Fmedia&parent=83545"}],"wp:term":[{"taxonomy":"category","embeddable":true,"href":"https:\/\/gazetaregionalna.com\/index.php?rest_route=%2Fwp%2Fv2%2Fcategories&post=83545"},{"taxonomy":"post_tag","embeddable":true,"href":"https:\/\/gazetaregionalna.com\/index.php?rest_route=%2Fwp%2Fv2%2Ftags&post=83545"}],"curies":[{"name":"wp","href":"https:\/\/api.w.org\/{rel}","templated":true}]}}