{"id":83076,"date":"2022-06-14T05:31:16","date_gmt":"2022-06-14T05:31:16","guid":{"rendered":"https:\/\/gazetaregionalna.com\/?p=83076"},"modified":"2022-06-14T15:57:43","modified_gmt":"2022-06-14T15:57:43","slug":"koniec-stanicy-wodnej-w-blachowni","status":"publish","type":"post","link":"https:\/\/gazetaregionalna.com\/?p=83076","title":{"rendered":"Koniec stanicy wodnej w Blachowni."},"content":{"rendered":"\n<h2 class=\"wp-block-heading\">Po niemal 50 latach dzia\u0142alno\u015bci, zamkni\u0119to stanic\u0119 wodn\u0105 39. Harcerskiej Dru\u017cyny \u017beglarskiej w Blachowni.<\/h2>\n\n\n\n<p>Niestety, sta\u0142o si\u0119. Stanica wodna w Blachowni zosta\u0142a zamkni\u0119ta. Kawa\u0142 lokalnej historii,  50 lat szkole\u0144 i dzia\u0142alno\u015bci harcerskiej, po\u0142\u0105czonej z krzewieniem pasji \u017ceglarstwa w\u015br\u00f3d dzieci i m\u0142odzie\u017cy.<\/p>\n\n\n\n<p>To bardzo trudny czas dla wszystkich zaanga\u017cowanych w powstanie i funkcjonowanie stanicy, dla wszystkich wychowank\u00f3w, harcerzy, kt\u00f3rzy od pokole\u0144 korzystali z tego miejsca.<\/p>\n\n\n\n<p>W oficjalnym li\u015bcie, w imieniu os\u00f3b zwi\u0105zanych ze stanic\u0105, Marian P\u0119dra\u015b informuje, \u017ce za kilka dni Komenda Hufca ZHP z Cz\u0119stochowy przeniesie sw\u00f3j sprz\u0119t wodny(dawny sprz\u0119t harcerzy z Blachowni), na p\u00f3\u0142nocn\u0105 stron\u0119 zbiornika. Zostanie on umieszczony w hangarze dawnego OSiR-u, otrzymanym od Burmistrz Blachowni. Hangar obecnej stanicy zostanie rozebrany&#8230;<\/p>\n\n\n\n<p>Trudno  pogodzi\u0107 si\u0119 z t\u0105 decyzj\u0105, lecz mimo poczucia ogromnej straty i pi\u0119trz\u0105cych si\u0119 problem\u00f3w,  Klub zapewnia, \u017ce si\u0119 nie podda. Jak pisze Komandor Klubu-Marian P\u0119dra\u015b : <em>Do ko\u0144ca bie\u017c\u0105cego sezonu \u017ceglarskiego b\u0119dziemy jako Klub prowadzi\u0107 zaj\u0119cia z dzie\u0107mi, woduj\u0105c optymisty nawet prosto z trawnika, a nie jest powiedziane \u017ce nie skorzystamy z go\u015bciny innych miejsc.<\/em> <\/p>\n\n\n\n<p>Zgromadzone przez lata rzeczy znajduj\u0105ce si\u0119 w depozycie klubu, mo\u017cna odebra\u0107 od poniedzia\u0142ku do pi\u0105tku, od godz. 16:30.<\/p>\n\n\n\n<p>Symboliczne po\u017cegnanie ze stanic\u0105 odby\u0142o si\u0119 12 czerwca. Tego dnia, w samo po\u0142udnie,  uroczy\u015bcie opuszczono bandery na maszcie.<\/p>\n\n\n\n<figure class=\"wp-block-gallery columns-3 is-cropped wp-block-gallery-1 is-layout-flex wp-block-gallery-is-layout-flex\"><ul class=\"blocks-gallery-grid\"><li class=\"blocks-gallery-item\"><figure><img decoding=\"async\" width=\"1024\" height=\"683\" data-src=\"https:\/\/gazetaregionalna.com\/wp-content\/uploads\/2022\/06\/stan-1024x683.jpg\" alt=\"\" data-id=\"83081\" data-link=\"https:\/\/gazetaregionalna.com\/?attachment_id=83081\" class=\"wp-image-83081 lazyload\" data-srcset=\"https:\/\/gazetaregionalna.com\/wp-content\/uploads\/2022\/06\/stan-1024x683.jpg 1024w, https:\/\/gazetaregionalna.com\/wp-content\/uploads\/2022\/06\/stan-300x200.jpg 300w, https:\/\/gazetaregionalna.com\/wp-content\/uploads\/2022\/06\/stan-768x512.jpg 768w, https:\/\/gazetaregionalna.com\/wp-content\/uploads\/2022\/06\/stan-1536x1024.jpg 1536w, https:\/\/gazetaregionalna.com\/wp-content\/uploads\/2022\/06\/stan-696x464.jpg 696w, https:\/\/gazetaregionalna.com\/wp-content\/uploads\/2022\/06\/stan-1068x712.jpg 1068w, https:\/\/gazetaregionalna.com\/wp-content\/uploads\/2022\/06\/stan-1920x1280.jpg 1920w, https:\/\/gazetaregionalna.com\/wp-content\/uploads\/2022\/06\/stan-630x420.jpg 630w, https:\/\/gazetaregionalna.com\/wp-content\/uploads\/2022\/06\/stan-scaled.jpg 1600w\" data-sizes=\"(max-width: 1024px) 100vw, 1024px\" src=\"data:image\/svg+xml;base64,PHN2ZyB3aWR0aD0iMSIgaGVpZ2h0PSIxIiB4bWxucz0iaHR0cDovL3d3dy53My5vcmcvMjAwMC9zdmciPjwvc3ZnPg==\" style=\"--smush-placeholder-width: 1024px; --smush-placeholder-aspect-ratio: 1024\/683;\" \/><\/figure><\/li><li class=\"blocks-gallery-item\"><figure><img decoding=\"async\" width=\"1024\" height=\"683\" data-src=\"https:\/\/gazetaregionalna.com\/wp-content\/uploads\/2022\/06\/stan1-1024x683.jpg\" alt=\"\" data-id=\"83082\" data-link=\"https:\/\/gazetaregionalna.com\/?attachment_id=83082\" class=\"wp-image-83082 lazyload\" data-srcset=\"https:\/\/gazetaregionalna.com\/wp-content\/uploads\/2022\/06\/stan1-1024x683.jpg 1024w, https:\/\/gazetaregionalna.com\/wp-content\/uploads\/2022\/06\/stan1-300x200.jpg 300w, https:\/\/gazetaregionalna.com\/wp-content\/uploads\/2022\/06\/stan1-768x512.jpg 768w, https:\/\/gazetaregionalna.com\/wp-content\/uploads\/2022\/06\/stan1-1536x1024.jpg 1536w, https:\/\/gazetaregionalna.com\/wp-content\/uploads\/2022\/06\/stan1-696x464.jpg 696w, https:\/\/gazetaregionalna.com\/wp-content\/uploads\/2022\/06\/stan1-1068x712.jpg 1068w, https:\/\/gazetaregionalna.com\/wp-content\/uploads\/2022\/06\/stan1-1920x1280.jpg 1920w, https:\/\/gazetaregionalna.com\/wp-content\/uploads\/2022\/06\/stan1-630x420.jpg 630w, https:\/\/gazetaregionalna.com\/wp-content\/uploads\/2022\/06\/stan1-scaled.jpg 1600w\" data-sizes=\"(max-width: 1024px) 100vw, 1024px\" src=\"data:image\/svg+xml;base64,PHN2ZyB3aWR0aD0iMSIgaGVpZ2h0PSIxIiB4bWxucz0iaHR0cDovL3d3dy53My5vcmcvMjAwMC9zdmciPjwvc3ZnPg==\" style=\"--smush-placeholder-width: 1024px; --smush-placeholder-aspect-ratio: 1024\/683;\" \/><\/figure><\/li><li class=\"blocks-gallery-item\"><figure><img decoding=\"async\" width=\"1024\" height=\"683\" data-src=\"https:\/\/gazetaregionalna.com\/wp-content\/uploads\/2022\/06\/stan4-1024x683.jpg\" alt=\"\" data-id=\"83084\" data-link=\"https:\/\/gazetaregionalna.com\/?attachment_id=83084\" class=\"wp-image-83084 lazyload\" data-srcset=\"https:\/\/gazetaregionalna.com\/wp-content\/uploads\/2022\/06\/stan4-1024x683.jpg 1024w, https:\/\/gazetaregionalna.com\/wp-content\/uploads\/2022\/06\/stan4-300x200.jpg 300w, https:\/\/gazetaregionalna.com\/wp-content\/uploads\/2022\/06\/stan4-768x512.jpg 768w, https:\/\/gazetaregionalna.com\/wp-content\/uploads\/2022\/06\/stan4-1536x1024.jpg 1536w, https:\/\/gazetaregionalna.com\/wp-content\/uploads\/2022\/06\/stan4-696x464.jpg 696w, https:\/\/gazetaregionalna.com\/wp-content\/uploads\/2022\/06\/stan4-1068x712.jpg 1068w, https:\/\/gazetaregionalna.com\/wp-content\/uploads\/2022\/06\/stan4-1920x1280.jpg 1920w, https:\/\/gazetaregionalna.com\/wp-content\/uploads\/2022\/06\/stan4-630x420.jpg 630w, https:\/\/gazetaregionalna.com\/wp-content\/uploads\/2022\/06\/stan4-scaled.jpg 1600w\" data-sizes=\"(max-width: 1024px) 100vw, 1024px\" src=\"data:image\/svg+xml;base64,PHN2ZyB3aWR0aD0iMSIgaGVpZ2h0PSIxIiB4bWxucz0iaHR0cDovL3d3dy53My5vcmcvMjAwMC9zdmciPjwvc3ZnPg==\" style=\"--smush-placeholder-width: 1024px; --smush-placeholder-aspect-ratio: 1024\/683;\" \/><\/figure><\/li><li class=\"blocks-gallery-item\"><figure><img decoding=\"async\" width=\"683\" height=\"1024\" data-src=\"https:\/\/gazetaregionalna.com\/wp-content\/uploads\/2022\/06\/stan5-683x1024.jpg\" alt=\"\" data-id=\"83085\" data-link=\"https:\/\/gazetaregionalna.com\/?attachment_id=83085\" class=\"wp-image-83085 lazyload\" data-srcset=\"https:\/\/gazetaregionalna.com\/wp-content\/uploads\/2022\/06\/stan5-683x1024.jpg 683w, https:\/\/gazetaregionalna.com\/wp-content\/uploads\/2022\/06\/stan5-200x300.jpg 200w, https:\/\/gazetaregionalna.com\/wp-content\/uploads\/2022\/06\/stan5-768x1152.jpg 768w, https:\/\/gazetaregionalna.com\/wp-content\/uploads\/2022\/06\/stan5-1024x1536.jpg 1024w, https:\/\/gazetaregionalna.com\/wp-content\/uploads\/2022\/06\/stan5-696x1044.jpg 696w, https:\/\/gazetaregionalna.com\/wp-content\/uploads\/2022\/06\/stan5-1068x1602.jpg 1068w, https:\/\/gazetaregionalna.com\/wp-content\/uploads\/2022\/06\/stan5-280x420.jpg 280w, https:\/\/gazetaregionalna.com\/wp-content\/uploads\/2022\/06\/stan5-scaled.jpg 1066w\" data-sizes=\"(max-width: 683px) 100vw, 683px\" src=\"data:image\/svg+xml;base64,PHN2ZyB3aWR0aD0iMSIgaGVpZ2h0PSIxIiB4bWxucz0iaHR0cDovL3d3dy53My5vcmcvMjAwMC9zdmciPjwvc3ZnPg==\" style=\"--smush-placeholder-width: 683px; --smush-placeholder-aspect-ratio: 683\/1024;\" \/><\/figure><\/li><li class=\"blocks-gallery-item\"><figure><img decoding=\"async\" width=\"683\" height=\"1024\" data-src=\"https:\/\/gazetaregionalna.com\/wp-content\/uploads\/2022\/06\/stan6-683x1024.jpg\" alt=\"\" data-id=\"83086\" data-link=\"https:\/\/gazetaregionalna.com\/?attachment_id=83086\" class=\"wp-image-83086 lazyload\" data-srcset=\"https:\/\/gazetaregionalna.com\/wp-content\/uploads\/2022\/06\/stan6-683x1024.jpg 683w, https:\/\/gazetaregionalna.com\/wp-content\/uploads\/2022\/06\/stan6-200x300.jpg 200w, https:\/\/gazetaregionalna.com\/wp-content\/uploads\/2022\/06\/stan6-768x1152.jpg 768w, https:\/\/gazetaregionalna.com\/wp-content\/uploads\/2022\/06\/stan6-1024x1536.jpg 1024w, https:\/\/gazetaregionalna.com\/wp-content\/uploads\/2022\/06\/stan6-696x1044.jpg 696w, https:\/\/gazetaregionalna.com\/wp-content\/uploads\/2022\/06\/stan6-1068x1602.jpg 1068w, https:\/\/gazetaregionalna.com\/wp-content\/uploads\/2022\/06\/stan6-280x420.jpg 280w, https:\/\/gazetaregionalna.com\/wp-content\/uploads\/2022\/06\/stan6-scaled.jpg 1066w\" data-sizes=\"(max-width: 683px) 100vw, 683px\" src=\"data:image\/svg+xml;base64,PHN2ZyB3aWR0aD0iMSIgaGVpZ2h0PSIxIiB4bWxucz0iaHR0cDovL3d3dy53My5vcmcvMjAwMC9zdmciPjwvc3ZnPg==\" style=\"--smush-placeholder-width: 683px; --smush-placeholder-aspect-ratio: 683\/1024;\" \/><\/figure><\/li><li class=\"blocks-gallery-item\"><figure><img decoding=\"async\" width=\"683\" height=\"1024\" data-src=\"https:\/\/gazetaregionalna.com\/wp-content\/uploads\/2022\/06\/stan7-683x1024.jpg\" alt=\"\" data-id=\"83087\" data-full-url=\"https:\/\/gazetaregionalna.com\/wp-content\/uploads\/2022\/06\/stan7-scaled.jpg\" data-link=\"https:\/\/gazetaregionalna.com\/?attachment_id=83087\" class=\"wp-image-83087 lazyload\" data-srcset=\"https:\/\/gazetaregionalna.com\/wp-content\/uploads\/2022\/06\/stan7-683x1024.jpg 683w, https:\/\/gazetaregionalna.com\/wp-content\/uploads\/2022\/06\/stan7-200x300.jpg 200w, https:\/\/gazetaregionalna.com\/wp-content\/uploads\/2022\/06\/stan7-768x1152.jpg 768w, https:\/\/gazetaregionalna.com\/wp-content\/uploads\/2022\/06\/stan7-1024x1536.jpg 1024w, https:\/\/gazetaregionalna.com\/wp-content\/uploads\/2022\/06\/stan7-696x1044.jpg 696w, https:\/\/gazetaregionalna.com\/wp-content\/uploads\/2022\/06\/stan7-1068x1602.jpg 1068w, https:\/\/gazetaregionalna.com\/wp-content\/uploads\/2022\/06\/stan7-280x420.jpg 280w, https:\/\/gazetaregionalna.com\/wp-content\/uploads\/2022\/06\/stan7-scaled.jpg 1066w\" data-sizes=\"(max-width: 683px) 100vw, 683px\" src=\"data:image\/svg+xml;base64,PHN2ZyB3aWR0aD0iMSIgaGVpZ2h0PSIxIiB4bWxucz0iaHR0cDovL3d3dy53My5vcmcvMjAwMC9zdmciPjwvc3ZnPg==\" style=\"--smush-placeholder-width: 683px; --smush-placeholder-aspect-ratio: 683\/1024;\" \/><\/figure><\/li><\/ul><figcaption class=\"blocks-gallery-caption\">fot. archiwum prywatne Agaty P\u0119dra\u015b<\/figcaption><\/figure>\n\n\n\n<p><\/p>\n","protected":false},"excerpt":{"rendered":"<p>Po niemal 50 latach dzia\u0142alno\u015bci, zamkni\u0119to stanic\u0119 wodn\u0105 39. Harcerskiej Dru\u017cyny \u017beglarskiej w Blachowni. Niestety, sta\u0142o si\u0119. Stanica wodna w Blachowni zosta\u0142a zamkni\u0119ta. Kawa\u0142<\/p>\n","protected":false},"author":24,"featured_media":83088,"comment_status":"closed","ping_status":"open","sticky":false,"template":"","format":"standard","meta":{"_monsterinsights_skip_tracking":false,"_monsterinsights_sitenote_active":false,"_monsterinsights_sitenote_note":"","_monsterinsights_sitenote_category":0,"_uf_show_specific_survey":0,"_uf_disable_surveys":false,"footnotes":""},"categories":[4,321,30],"tags":[1497,5231,5230,481],"class_list":["post-83076","post","type-post","status-publish","format-standard","has-post-thumbnail","hentry","category-region","category-historia","category-wypoczynek","tag-harcerstwo","tag-stanica-w-blachowni","tag-stanica-wodna","tag-zeglarstwo"],"_links":{"self":[{"href":"https:\/\/gazetaregionalna.com\/index.php?rest_route=\/wp\/v2\/posts\/83076","targetHints":{"allow":["GET"]}}],"collection":[{"href":"https:\/\/gazetaregionalna.com\/index.php?rest_route=\/wp\/v2\/posts"}],"about":[{"href":"https:\/\/gazetaregionalna.com\/index.php?rest_route=\/wp\/v2\/types\/post"}],"author":[{"embeddable":true,"href":"https:\/\/gazetaregionalna.com\/index.php?rest_route=\/wp\/v2\/users\/24"}],"replies":[{"embeddable":true,"href":"https:\/\/gazetaregionalna.com\/index.php?rest_route=%2Fwp%2Fv2%2Fcomments&post=83076"}],"version-history":[{"count":5,"href":"https:\/\/gazetaregionalna.com\/index.php?rest_route=\/wp\/v2\/posts\/83076\/revisions"}],"predecessor-version":[{"id":83196,"href":"https:\/\/gazetaregionalna.com\/index.php?rest_route=\/wp\/v2\/posts\/83076\/revisions\/83196"}],"wp:featuredmedia":[{"embeddable":true,"href":"https:\/\/gazetaregionalna.com\/index.php?rest_route=\/wp\/v2\/media\/83088"}],"wp:attachment":[{"href":"https:\/\/gazetaregionalna.com\/index.php?rest_route=%2Fwp%2Fv2%2Fmedia&parent=83076"}],"wp:term":[{"taxonomy":"category","embeddable":true,"href":"https:\/\/gazetaregionalna.com\/index.php?rest_route=%2Fwp%2Fv2%2Fcategories&post=83076"},{"taxonomy":"post_tag","embeddable":true,"href":"https:\/\/gazetaregionalna.com\/index.php?rest_route=%2Fwp%2Fv2%2Ftags&post=83076"}],"curies":[{"name":"wp","href":"https:\/\/api.w.org\/{rel}","templated":true}]}}