{"id":82888,"date":"2022-06-13T08:44:07","date_gmt":"2022-06-13T08:44:07","guid":{"rendered":"https:\/\/gazetaregionalna.com\/?p=82888"},"modified":"2022-06-13T08:44:08","modified_gmt":"2022-06-13T08:44:08","slug":"zbiorka-odpadow-wielkogabarytowych-w-gminie-przystajn","status":"publish","type":"post","link":"https:\/\/gazetaregionalna.com\/?p=82888","title":{"rendered":"Zbi\u00f3rka odpad\u00f3w wielkogabarytowych w Gminie Przystaj\u0144"},"content":{"rendered":"\n<h2 class=\"wp-block-heading\">Urz\u0105d Gminy Przystaj\u0144 informuje, \u017ce w dniach 27 \u2013 29 czerwca 2022 r. na terenie Gminy Przystaj\u0144 przeprowadzona zostanie zbi\u00f3rka mebli i innych odpad\u00f3w wielkogabarytowych.<\/h2>\n\n\n\n<p><strong>Do tych odpad\u00f3w wielkogabarytowych zalicza si\u0119 mi\u0119dzy innymi<\/strong>: meble domowe i ogrodowe (bez szyb), materace, dywany \/ wyk\u0142adziny, panele pod\u0142ogowe, panele sufitowe, w\u00f3zki dzieci\u0119ce, suszarki na pranie, deski do prasowania, rowery, du\u017ce zabawki, sztuczne choinki, drzwi i stolarka okienna (bez szyb).<\/p>\n\n\n\n<p><strong>Mieszka\u0144cy<\/strong>, kt\u00f3rzy posiadaj\u0105 wymienione odpady proszeni s\u0105 o <strong>ich wystawienie przed posesj\u0119 do godziny 7:00 <\/strong>wed\u0142ug nast\u0119puj\u0105cego harmonogramu:<\/p>\n\n\n\n<p>&#8211; <strong>27.06.2022 r<\/strong>. \u2013 \u0141ugi-Rad\u0142y, B\u00f3r Zajaci\u0144ski, Siekierowizna, Brzeziny, Wrzosy, Wilcza G\u00f3ra, D\u0105browa, Kami\u0144sko, Przystaj\u0144 (ul. B\u00f3r, Kwiatowa),<\/p>\n\n\n\n<p>&#8211; <strong>28.06.2022 r.<\/strong> \u2013 Anton\u00f3w, Ku\u017anica Nowa, G\u00f3rki, Stany, Michalin\u00f3w Mr\u00f3wczak, Ku\u017anica Stara, Kostrzyna, Przystaj\u0144 (ul. Szkolna, Ogrodowa, Kolejowa, Krasuskiego).<\/p>\n\n\n\n<p>&#8211; <strong>29.06.2022 r.<\/strong> \u2013 Bagna, Pod\u0142\u0119\u017ce Szlacheckie, Przystaj\u0144 (ul. Cz\u0119stochowska, Sojczy\u0144skiego, Widawa, Rynek, S\u0142oneczna, Targowa, Pami\u0119ci Katynia, Le\u015bna, Nowa, Boczna, Kr\u00f3tka, Polna, Powsta\u0144c\u00f3w \u015al\u0105skich).<\/p>\n\n\n\n<p>W ramach zbi\u00f3rki odpad\u00f3w wielkogabarytowych <strong>nie b\u0119d\u0105 odbierane mi\u0119dzy innymi<\/strong>: materia\u0142y i odpady budowlane, grzejniki, umywalki, muszle toaletowe, opony, zu\u017cyty sprz\u0119t elektryczny i elektroniczny, cz\u0119\u015bci samochodowe.<\/p>\n\n\n\n<p>Z odbioru odpad\u00f3w mog\u0105 skorzysta\u0107 wy\u0142\u0105cznie nieruchomo\u015bci zamieszka\u0142e oraz rekreacyjno-wypoczynkowe, kt\u00f3re zg\u0142oszone zosta\u0142y do Gminnego Systemu Gospodarowania Odpadami &#8211; maj\u0105 naliczan\u0105 op\u0142at\u0119 za gospodarowanie odpadami komunalnymi.<\/p>\n\n\n\n<p><strong>K KIK <\/strong><\/p>\n","protected":false},"excerpt":{"rendered":"<p>Urz\u0105d Gminy Przystaj\u0144 informuje, \u017ce w dniach 27 \u2013 29 czerwca 2022 r. na terenie Gminy Przystaj\u0144 przeprowadzona zostanie zbi\u00f3rka mebli i innych odpad\u00f3w<\/p>\n","protected":false},"author":21,"featured_media":82889,"comment_status":"closed","ping_status":"open","sticky":false,"template":"","format":"standard","meta":{"_monsterinsights_skip_tracking":false,"_monsterinsights_sitenote_active":false,"_monsterinsights_sitenote_note":"","_monsterinsights_sitenote_category":0,"_uf_show_specific_survey":0,"_uf_disable_surveys":false,"footnotes":""},"categories":[2,27,4],"tags":[280,5221,2838,5222,1135],"class_list":["post-82888","post","type-post","status-publish","format-standard","has-post-thumbnail","hentry","category-wiadomosci","category-klobuck-informacje","category-region","tag-klobuck","tag-odpady","tag-przystajn","tag-wielkogabarytowe","tag-zbiorka"],"_links":{"self":[{"href":"https:\/\/gazetaregionalna.com\/index.php?rest_route=\/wp\/v2\/posts\/82888","targetHints":{"allow":["GET"]}}],"collection":[{"href":"https:\/\/gazetaregionalna.com\/index.php?rest_route=\/wp\/v2\/posts"}],"about":[{"href":"https:\/\/gazetaregionalna.com\/index.php?rest_route=\/wp\/v2\/types\/post"}],"author":[{"embeddable":true,"href":"https:\/\/gazetaregionalna.com\/index.php?rest_route=\/wp\/v2\/users\/21"}],"replies":[{"embeddable":true,"href":"https:\/\/gazetaregionalna.com\/index.php?rest_route=%2Fwp%2Fv2%2Fcomments&post=82888"}],"version-history":[{"count":1,"href":"https:\/\/gazetaregionalna.com\/index.php?rest_route=\/wp\/v2\/posts\/82888\/revisions"}],"predecessor-version":[{"id":82890,"href":"https:\/\/gazetaregionalna.com\/index.php?rest_route=\/wp\/v2\/posts\/82888\/revisions\/82890"}],"wp:featuredmedia":[{"embeddable":true,"href":"https:\/\/gazetaregionalna.com\/index.php?rest_route=\/wp\/v2\/media\/82889"}],"wp:attachment":[{"href":"https:\/\/gazetaregionalna.com\/index.php?rest_route=%2Fwp%2Fv2%2Fmedia&parent=82888"}],"wp:term":[{"taxonomy":"category","embeddable":true,"href":"https:\/\/gazetaregionalna.com\/index.php?rest_route=%2Fwp%2Fv2%2Fcategories&post=82888"},{"taxonomy":"post_tag","embeddable":true,"href":"https:\/\/gazetaregionalna.com\/index.php?rest_route=%2Fwp%2Fv2%2Ftags&post=82888"}],"curies":[{"name":"wp","href":"https:\/\/api.w.org\/{rel}","templated":true}]}}