{"id":82810,"date":"2022-06-13T07:54:57","date_gmt":"2022-06-13T07:54:57","guid":{"rendered":"https:\/\/gazetaregionalna.com\/?p=82810"},"modified":"2022-06-13T08:02:56","modified_gmt":"2022-06-13T08:02:56","slug":"dni-lublinca-2022","status":"publish","type":"post","link":"https:\/\/gazetaregionalna.com\/?p=82810","title":{"rendered":"Dni Lubli\u0144ca 2022 &#8211; \u015bwietne koncerty i rewelacyjna atmosfera"},"content":{"rendered":"\n<p><strong>Ten tydzie\u0144 w Lubli\u0144cu min\u0105\u0142, podobnie jak poprzedni, bardzo rozrywkowo. Od czwartku do niedzieli trwa\u0142y Dni Lubli\u0144ca 2022, podczas kt\u00f3rych odbywa\u0142y si\u0119 m.in. koncerty, wernisa\u017ce, czy pokazy \u0142ucznictwa.<\/strong><\/p>\n\n\n\n<p>Dni Lubli\u0144ca 2022 rozpocz\u0119\u0142y si\u0119 w czwartek, 9 czerwca uroczyst\u0105 inauguracj\u0105 g\u0142\u00f3wnych obchod\u00f3w z okazji jubileuszu 750-lecia miasta. Wydarzenie odby\u0142o si\u0119 w Miejskim Domu Kultury.<\/p>\n\n\n\n<p>Tego dnia na bulwarze im. Franciszka Grotowskiego odby\u0142 si\u0119 koncert plenerowy Zespo\u0142u Pie\u015bni i Ta\u0144ca \u015al\u0105sk im. Stanis\u0142awa Hadyny \u201eA to Polska w\u0142a\u015bnie\u201d, a tak\u017ce koncert zespo\u0142u \u201eZa m\u0142odzi na sen\u201d oraz recital \u201eWcale nie, ale\u017c tak\u201d w wykonaniu Teatru po Pracy.<\/p>\n\n\n\n<p>Pozosta\u0142e trzy dni koncert\u00f3w odby\u0142y si\u0119 w Amfiteatrze w Parku Miejskim. 10 czerwca gwiazd\u0105 wieczoru by\u0142 Dawid Kwiatkowski, kt\u00f3ry porwa\u0142 t\u0142umy. Przed nim wyst\u0105pili lokalni arty\u015bci ze \u015al\u0105ska, m.in. Julia Tkacz z zespo\u0142em oraz \u201eBigbitowe dzieci\u201d w wykonaniu sekcji wokalno-tanecznych MDK.<\/p>\n\n\n\n<p>W sobot\u0119 o godz. 10 ulicami Lubli\u0144ca przesz\u0142a jubileuszowa parada z udzia\u0142em je\u017ad\u017ac\u00f3w konnych, rycerzy, u\u0142an\u00f3w, orkiestry, sekcji rowerzyst\u00f3w oraz mieszka\u0144c\u00f3w miasta po\u0142\u0105czona z pokazem zabytkowych samochod\u00f3w.<\/p>\n\n\n\n<p>Nast\u0119pnie przy boisku Unii odby\u0142 si\u0119 piknik \u015bredniowieczny, na kt\u00f3rym zaprezentowano \u015bredniowiecznych woj\u00f3w, turniej walk pieszych, pierwszy pokaz musztry u\u0142a\u0144skiej, pokaz \u0142ucznictwa konnego, jazd\u0119 damsk\u0105 na siodle czy pokazy w\u0142adania bia\u0142\u0105 broni\u0105.<\/p>\n\n\n\n<p>Na tarasie Lubliteki natomiast go\u015bcie mogli przenie\u015b\u0107 si\u0119 w czasy dwudziestolecia mi\u0119dzywojennego, bior\u0105c udzia\u0142 w konkursie na najlepsz\u0105 stylizacj\u0119 lat 20. i 30. XX wieku, czy uda\u0107 si\u0119 w muzyczn\u0105 podr\u00f3\u017c, s\u0142uchaj\u0105c koncertu muzyki r\u00f3wnie\u017c pochodz\u0105cej z tamtego okresu.<\/p>\n\n\n\n<p>W amfiteatrze tego dnia r\u00f3wnie\u017c nie by\u0142o nudno \u2013 ju\u017c od 18 trwa\u0142 program artystyczny MDK, podczas kt\u00f3rego us\u0142ysze\u0107 mo\u017cna by\u0142o uzdolnionych lubliczan i lubliczanki, nast\u0119pnie odby\u0142 si\u0119 koncert zespo\u0142u AllD\u0119te, a po nim wyst\u0105pili Micha\u0142 Gasz i Kwartet Bojowy. Tego dnia gwiazd\u0105 wieczoru by\u0142 Mrozu. Po jego wyst\u0119pie na niebie go\u015bcie mogli podziwia\u0107 lasery.<\/p>\n\n\n\n<p>Ostatni dzie\u0144 Dni Lubli\u0144ca 2022 rozpocz\u0105\u0142 si\u0119 o godz. 12 uroczyst\u0105 Msz\u0105 \u015awi\u0119t\u0105 w intencji miasta. Od 15 natomiast w Amfiteatrze ulokowano stref\u0119 dobrej zabawy oraz jarmark r\u0119kodzie\u0142a. Dwie godziny p\u00f3\u017aniej odby\u0142 si\u0119 koncert zespo\u0142u Gang Marcela, a nast\u0119pnie rozpocz\u0105\u0142 si\u0119 Wielki Jubileuszowy Koncert Lubli\u0144czan: Miejska Orkiestra D\u0119ta Lubliniec.<\/p>\n\n\n\n<p>Zwie\u0144czeniem tegorocznych Dni Lubli\u0144ca by\u0142 koncert Roberta Janowskiego z zespo\u0142em, kt\u00f3ry rozpocz\u0105\u0142 si\u0119 od godz. 20. W programie nie pomini\u0119to tak\u017ce propozycji dla najm\u0142odszych. W parku czeka\u0142 zabawy i warsztaty, dmucha\u0144ce oraz wata cukrowa.<\/p>\n\n\n\n<p>Organizatorem Dni Lubli\u0144ca na Bulwarze Franciszka Grotowskiego oraz w Amfiteatrze w Parku Miejskim s\u0105 <a href=\"https:\/\/lubliniec.eu\/\" target=\"_blank\" rel=\"noopener\">Urz\u0105d Miejski<\/a> oraz <a href=\"https:\/\/mdk.lubliniec.pl\/\" target=\"_blank\" rel=\"noopener\">Miejski Dom Kultury w Lubli\u0144cu<\/a>.<\/p>\n\n\n\n<figure class=\"wp-block-gallery columns-3 is-cropped wp-block-gallery-1 is-layout-flex wp-block-gallery-is-layout-flex\"><ul class=\"blocks-gallery-grid\"><li class=\"blocks-gallery-item\"><figure><img decoding=\"async\" width=\"1024\" height=\"683\" data-src=\"https:\/\/gazetaregionalna.com\/wp-content\/uploads\/2022\/06\/DSC_0520-1-1024x683.jpg\" alt=\"Dni Lubli\u0144ca\" data-id=\"82869\" data-full-url=\"https:\/\/gazetaregionalna.com\/wp-content\/uploads\/2022\/06\/DSC_0520-1-scaled.jpg\" data-link=\"https:\/\/gazetaregionalna.com\/?attachment_id=82869\" class=\"wp-image-82869 lazyload\" data-srcset=\"https:\/\/gazetaregionalna.com\/wp-content\/uploads\/2022\/06\/DSC_0520-1-1024x683.jpg 1024w, https:\/\/gazetaregionalna.com\/wp-content\/uploads\/2022\/06\/DSC_0520-1-300x200.jpg 300w, https:\/\/gazetaregionalna.com\/wp-content\/uploads\/2022\/06\/DSC_0520-1-768x512.jpg 768w, https:\/\/gazetaregionalna.com\/wp-content\/uploads\/2022\/06\/DSC_0520-1-1536x1024.jpg 1536w, https:\/\/gazetaregionalna.com\/wp-content\/uploads\/2022\/06\/DSC_0520-1-2048x1365.jpg 2048w, https:\/\/gazetaregionalna.com\/wp-content\/uploads\/2022\/06\/DSC_0520-1-696x464.jpg 696w, https:\/\/gazetaregionalna.com\/wp-content\/uploads\/2022\/06\/DSC_0520-1-1068x712.jpg 1068w, https:\/\/gazetaregionalna.com\/wp-content\/uploads\/2022\/06\/DSC_0520-1-1920x1280.jpg 1920w, https:\/\/gazetaregionalna.com\/wp-content\/uploads\/2022\/06\/DSC_0520-1-630x420.jpg 630w, https:\/\/gazetaregionalna.com\/wp-content\/uploads\/2022\/06\/DSC_0520-1-scaled.jpg 1600w\" data-sizes=\"(max-width: 1024px) 100vw, 1024px\" src=\"data:image\/svg+xml;base64,PHN2ZyB3aWR0aD0iMSIgaGVpZ2h0PSIxIiB4bWxucz0iaHR0cDovL3d3dy53My5vcmcvMjAwMC9zdmciPjwvc3ZnPg==\" style=\"--smush-placeholder-width: 1024px; --smush-placeholder-aspect-ratio: 1024\/683;\" \/><figcaption class=\"blocks-gallery-item__caption\">fot.: Linda Noco\u0144<\/figcaption><\/figure><\/li><li class=\"blocks-gallery-item\"><figure><img decoding=\"async\" width=\"1024\" height=\"683\" data-src=\"https:\/\/gazetaregionalna.com\/wp-content\/uploads\/2022\/06\/DSC_0508-1-1024x683.jpg\" alt=\"Dni Lubli\u0144ca\" data-id=\"82868\" data-full-url=\"https:\/\/gazetaregionalna.com\/wp-content\/uploads\/2022\/06\/DSC_0508-1-scaled.jpg\" data-link=\"https:\/\/gazetaregionalna.com\/?attachment_id=82868\" class=\"wp-image-82868 lazyload\" data-srcset=\"https:\/\/gazetaregionalna.com\/wp-content\/uploads\/2022\/06\/DSC_0508-1-1024x683.jpg 1024w, https:\/\/gazetaregionalna.com\/wp-content\/uploads\/2022\/06\/DSC_0508-1-300x200.jpg 300w, https:\/\/gazetaregionalna.com\/wp-content\/uploads\/2022\/06\/DSC_0508-1-768x512.jpg 768w, https:\/\/gazetaregionalna.com\/wp-content\/uploads\/2022\/06\/DSC_0508-1-1536x1024.jpg 1536w, https:\/\/gazetaregionalna.com\/wp-content\/uploads\/2022\/06\/DSC_0508-1-2048x1365.jpg 2048w, https:\/\/gazetaregionalna.com\/wp-content\/uploads\/2022\/06\/DSC_0508-1-696x464.jpg 696w, https:\/\/gazetaregionalna.com\/wp-content\/uploads\/2022\/06\/DSC_0508-1-1068x712.jpg 1068w, https:\/\/gazetaregionalna.com\/wp-content\/uploads\/2022\/06\/DSC_0508-1-1920x1280.jpg 1920w, https:\/\/gazetaregionalna.com\/wp-content\/uploads\/2022\/06\/DSC_0508-1-630x420.jpg 630w, https:\/\/gazetaregionalna.com\/wp-content\/uploads\/2022\/06\/DSC_0508-1-scaled.jpg 1600w\" data-sizes=\"(max-width: 1024px) 100vw, 1024px\" src=\"data:image\/svg+xml;base64,PHN2ZyB3aWR0aD0iMSIgaGVpZ2h0PSIxIiB4bWxucz0iaHR0cDovL3d3dy53My5vcmcvMjAwMC9zdmciPjwvc3ZnPg==\" style=\"--smush-placeholder-width: 1024px; --smush-placeholder-aspect-ratio: 1024\/683;\" \/><figcaption class=\"blocks-gallery-item__caption\">fot.: Linda Noco\u0144<\/figcaption><\/figure><\/li><li class=\"blocks-gallery-item\"><figure><img decoding=\"async\" width=\"1024\" height=\"683\" data-src=\"https:\/\/gazetaregionalna.com\/wp-content\/uploads\/2022\/06\/DSC_0499-1-1024x683.jpg\" alt=\"Dni Lubli\u0144ca\" data-id=\"82871\" data-full-url=\"https:\/\/gazetaregionalna.com\/wp-content\/uploads\/2022\/06\/DSC_0499-1-scaled.jpg\" data-link=\"https:\/\/gazetaregionalna.com\/?attachment_id=82871\" class=\"wp-image-82871 lazyload\" data-srcset=\"https:\/\/gazetaregionalna.com\/wp-content\/uploads\/2022\/06\/DSC_0499-1-1024x683.jpg 1024w, https:\/\/gazetaregionalna.com\/wp-content\/uploads\/2022\/06\/DSC_0499-1-300x200.jpg 300w, https:\/\/gazetaregionalna.com\/wp-content\/uploads\/2022\/06\/DSC_0499-1-768x512.jpg 768w, https:\/\/gazetaregionalna.com\/wp-content\/uploads\/2022\/06\/DSC_0499-1-1536x1024.jpg 1536w, https:\/\/gazetaregionalna.com\/wp-content\/uploads\/2022\/06\/DSC_0499-1-2048x1365.jpg 2048w, https:\/\/gazetaregionalna.com\/wp-content\/uploads\/2022\/06\/DSC_0499-1-696x464.jpg 696w, https:\/\/gazetaregionalna.com\/wp-content\/uploads\/2022\/06\/DSC_0499-1-1068x712.jpg 1068w, https:\/\/gazetaregionalna.com\/wp-content\/uploads\/2022\/06\/DSC_0499-1-1920x1280.jpg 1920w, https:\/\/gazetaregionalna.com\/wp-content\/uploads\/2022\/06\/DSC_0499-1-630x420.jpg 630w, https:\/\/gazetaregionalna.com\/wp-content\/uploads\/2022\/06\/DSC_0499-1-scaled.jpg 1600w\" data-sizes=\"(max-width: 1024px) 100vw, 1024px\" src=\"data:image\/svg+xml;base64,PHN2ZyB3aWR0aD0iMSIgaGVpZ2h0PSIxIiB4bWxucz0iaHR0cDovL3d3dy53My5vcmcvMjAwMC9zdmciPjwvc3ZnPg==\" style=\"--smush-placeholder-width: 1024px; --smush-placeholder-aspect-ratio: 1024\/683;\" \/><figcaption class=\"blocks-gallery-item__caption\">fot.: Linda Noco\u0144<\/figcaption><\/figure><\/li><li class=\"blocks-gallery-item\"><figure><img decoding=\"async\" width=\"1024\" height=\"683\" data-src=\"https:\/\/gazetaregionalna.com\/wp-content\/uploads\/2022\/06\/DSC_0503-1-1024x683.jpg\" alt=\"Dni Lubli\u0144ca\" data-id=\"82872\" data-full-url=\"https:\/\/gazetaregionalna.com\/wp-content\/uploads\/2022\/06\/DSC_0503-1-scaled.jpg\" data-link=\"https:\/\/gazetaregionalna.com\/?attachment_id=82872\" class=\"wp-image-82872 lazyload\" data-srcset=\"https:\/\/gazetaregionalna.com\/wp-content\/uploads\/2022\/06\/DSC_0503-1-1024x683.jpg 1024w, https:\/\/gazetaregionalna.com\/wp-content\/uploads\/2022\/06\/DSC_0503-1-300x200.jpg 300w, https:\/\/gazetaregionalna.com\/wp-content\/uploads\/2022\/06\/DSC_0503-1-768x512.jpg 768w, https:\/\/gazetaregionalna.com\/wp-content\/uploads\/2022\/06\/DSC_0503-1-1536x1024.jpg 1536w, https:\/\/gazetaregionalna.com\/wp-content\/uploads\/2022\/06\/DSC_0503-1-2048x1365.jpg 2048w, https:\/\/gazetaregionalna.com\/wp-content\/uploads\/2022\/06\/DSC_0503-1-696x464.jpg 696w, https:\/\/gazetaregionalna.com\/wp-content\/uploads\/2022\/06\/DSC_0503-1-1068x712.jpg 1068w, https:\/\/gazetaregionalna.com\/wp-content\/uploads\/2022\/06\/DSC_0503-1-1920x1280.jpg 1920w, https:\/\/gazetaregionalna.com\/wp-content\/uploads\/2022\/06\/DSC_0503-1-630x420.jpg 630w, https:\/\/gazetaregionalna.com\/wp-content\/uploads\/2022\/06\/DSC_0503-1-scaled.jpg 1600w\" data-sizes=\"(max-width: 1024px) 100vw, 1024px\" src=\"data:image\/svg+xml;base64,PHN2ZyB3aWR0aD0iMSIgaGVpZ2h0PSIxIiB4bWxucz0iaHR0cDovL3d3dy53My5vcmcvMjAwMC9zdmciPjwvc3ZnPg==\" style=\"--smush-placeholder-width: 1024px; --smush-placeholder-aspect-ratio: 1024\/683;\" \/><figcaption class=\"blocks-gallery-item__caption\">fot.: Linda Noco\u0144<\/figcaption><\/figure><\/li><li class=\"blocks-gallery-item\"><figure><img decoding=\"async\" width=\"1024\" height=\"683\" data-src=\"https:\/\/gazetaregionalna.com\/wp-content\/uploads\/2022\/06\/DSC_0506-1-1024x683.jpg\" alt=\"Dni Lubli\u0144ca\" data-id=\"82874\" data-full-url=\"https:\/\/gazetaregionalna.com\/wp-content\/uploads\/2022\/06\/DSC_0506-1-scaled.jpg\" data-link=\"https:\/\/gazetaregionalna.com\/?attachment_id=82874\" class=\"wp-image-82874 lazyload\" data-srcset=\"https:\/\/gazetaregionalna.com\/wp-content\/uploads\/2022\/06\/DSC_0506-1-1024x683.jpg 1024w, https:\/\/gazetaregionalna.com\/wp-content\/uploads\/2022\/06\/DSC_0506-1-300x200.jpg 300w, https:\/\/gazetaregionalna.com\/wp-content\/uploads\/2022\/06\/DSC_0506-1-768x512.jpg 768w, https:\/\/gazetaregionalna.com\/wp-content\/uploads\/2022\/06\/DSC_0506-1-1536x1024.jpg 1536w, https:\/\/gazetaregionalna.com\/wp-content\/uploads\/2022\/06\/DSC_0506-1-2048x1365.jpg 2048w, https:\/\/gazetaregionalna.com\/wp-content\/uploads\/2022\/06\/DSC_0506-1-696x464.jpg 696w, https:\/\/gazetaregionalna.com\/wp-content\/uploads\/2022\/06\/DSC_0506-1-1068x712.jpg 1068w, https:\/\/gazetaregionalna.com\/wp-content\/uploads\/2022\/06\/DSC_0506-1-1920x1280.jpg 1920w, https:\/\/gazetaregionalna.com\/wp-content\/uploads\/2022\/06\/DSC_0506-1-630x420.jpg 630w, https:\/\/gazetaregionalna.com\/wp-content\/uploads\/2022\/06\/DSC_0506-1-scaled.jpg 1600w\" data-sizes=\"(max-width: 1024px) 100vw, 1024px\" src=\"data:image\/svg+xml;base64,PHN2ZyB3aWR0aD0iMSIgaGVpZ2h0PSIxIiB4bWxucz0iaHR0cDovL3d3dy53My5vcmcvMjAwMC9zdmciPjwvc3ZnPg==\" style=\"--smush-placeholder-width: 1024px; --smush-placeholder-aspect-ratio: 1024\/683;\" \/><figcaption class=\"blocks-gallery-item__caption\">fot.: Linda Noco\u0144<\/figcaption><\/figure><\/li><li class=\"blocks-gallery-item\"><figure><img decoding=\"async\" width=\"1024\" height=\"683\" data-src=\"https:\/\/gazetaregionalna.com\/wp-content\/uploads\/2022\/06\/DSC_0508-2-1024x683.jpg\" alt=\"Dni Lubli\u0144ca\" data-id=\"82875\" data-full-url=\"https:\/\/gazetaregionalna.com\/wp-content\/uploads\/2022\/06\/DSC_0508-2-scaled.jpg\" data-link=\"https:\/\/gazetaregionalna.com\/?attachment_id=82875\" class=\"wp-image-82875 lazyload\" data-srcset=\"https:\/\/gazetaregionalna.com\/wp-content\/uploads\/2022\/06\/DSC_0508-2-1024x683.jpg 1024w, https:\/\/gazetaregionalna.com\/wp-content\/uploads\/2022\/06\/DSC_0508-2-300x200.jpg 300w, https:\/\/gazetaregionalna.com\/wp-content\/uploads\/2022\/06\/DSC_0508-2-768x512.jpg 768w, https:\/\/gazetaregionalna.com\/wp-content\/uploads\/2022\/06\/DSC_0508-2-1536x1024.jpg 1536w, https:\/\/gazetaregionalna.com\/wp-content\/uploads\/2022\/06\/DSC_0508-2-2048x1365.jpg 2048w, https:\/\/gazetaregionalna.com\/wp-content\/uploads\/2022\/06\/DSC_0508-2-696x464.jpg 696w, https:\/\/gazetaregionalna.com\/wp-content\/uploads\/2022\/06\/DSC_0508-2-1068x712.jpg 1068w, https:\/\/gazetaregionalna.com\/wp-content\/uploads\/2022\/06\/DSC_0508-2-1920x1280.jpg 1920w, https:\/\/gazetaregionalna.com\/wp-content\/uploads\/2022\/06\/DSC_0508-2-630x420.jpg 630w, https:\/\/gazetaregionalna.com\/wp-content\/uploads\/2022\/06\/DSC_0508-2-scaled.jpg 1600w\" data-sizes=\"(max-width: 1024px) 100vw, 1024px\" src=\"data:image\/svg+xml;base64,PHN2ZyB3aWR0aD0iMSIgaGVpZ2h0PSIxIiB4bWxucz0iaHR0cDovL3d3dy53My5vcmcvMjAwMC9zdmciPjwvc3ZnPg==\" style=\"--smush-placeholder-width: 1024px; --smush-placeholder-aspect-ratio: 1024\/683;\" \/><figcaption class=\"blocks-gallery-item__caption\">fot.: Linda Noco\u0144<\/figcaption><\/figure><\/li><li class=\"blocks-gallery-item\"><figure><img decoding=\"async\" width=\"1024\" height=\"683\" data-src=\"https:\/\/gazetaregionalna.com\/wp-content\/uploads\/2022\/06\/DSC_0510-1024x683.jpg\" alt=\"Dni Lubli\u0144ca\" data-id=\"82876\" data-full-url=\"https:\/\/gazetaregionalna.com\/wp-content\/uploads\/2022\/06\/DSC_0510-scaled.jpg\" data-link=\"https:\/\/gazetaregionalna.com\/?attachment_id=82876\" class=\"wp-image-82876 lazyload\" data-srcset=\"https:\/\/gazetaregionalna.com\/wp-content\/uploads\/2022\/06\/DSC_0510-1024x683.jpg 1024w, https:\/\/gazetaregionalna.com\/wp-content\/uploads\/2022\/06\/DSC_0510-300x200.jpg 300w, https:\/\/gazetaregionalna.com\/wp-content\/uploads\/2022\/06\/DSC_0510-768x512.jpg 768w, https:\/\/gazetaregionalna.com\/wp-content\/uploads\/2022\/06\/DSC_0510-1536x1024.jpg 1536w, https:\/\/gazetaregionalna.com\/wp-content\/uploads\/2022\/06\/DSC_0510-2048x1365.jpg 2048w, https:\/\/gazetaregionalna.com\/wp-content\/uploads\/2022\/06\/DSC_0510-696x464.jpg 696w, https:\/\/gazetaregionalna.com\/wp-content\/uploads\/2022\/06\/DSC_0510-1068x712.jpg 1068w, https:\/\/gazetaregionalna.com\/wp-content\/uploads\/2022\/06\/DSC_0510-1920x1280.jpg 1920w, https:\/\/gazetaregionalna.com\/wp-content\/uploads\/2022\/06\/DSC_0510-630x420.jpg 630w, https:\/\/gazetaregionalna.com\/wp-content\/uploads\/2022\/06\/DSC_0510-scaled.jpg 1600w\" data-sizes=\"(max-width: 1024px) 100vw, 1024px\" src=\"data:image\/svg+xml;base64,PHN2ZyB3aWR0aD0iMSIgaGVpZ2h0PSIxIiB4bWxucz0iaHR0cDovL3d3dy53My5vcmcvMjAwMC9zdmciPjwvc3ZnPg==\" style=\"--smush-placeholder-width: 1024px; --smush-placeholder-aspect-ratio: 1024\/683;\" \/><figcaption class=\"blocks-gallery-item__caption\">fot.: Linda Noco\u0144<\/figcaption><\/figure><\/li><li class=\"blocks-gallery-item\"><figure><img decoding=\"async\" width=\"1024\" height=\"683\" data-src=\"https:\/\/gazetaregionalna.com\/wp-content\/uploads\/2022\/06\/DSC_0492-1-1024x683.jpg\" alt=\"Dni Lubli\u0144ca\" data-id=\"82878\" data-full-url=\"https:\/\/gazetaregionalna.com\/wp-content\/uploads\/2022\/06\/DSC_0492-1-scaled.jpg\" data-link=\"https:\/\/gazetaregionalna.com\/?attachment_id=82878\" class=\"wp-image-82878 lazyload\" data-srcset=\"https:\/\/gazetaregionalna.com\/wp-content\/uploads\/2022\/06\/DSC_0492-1-1024x683.jpg 1024w, https:\/\/gazetaregionalna.com\/wp-content\/uploads\/2022\/06\/DSC_0492-1-300x200.jpg 300w, https:\/\/gazetaregionalna.com\/wp-content\/uploads\/2022\/06\/DSC_0492-1-768x512.jpg 768w, https:\/\/gazetaregionalna.com\/wp-content\/uploads\/2022\/06\/DSC_0492-1-1536x1024.jpg 1536w, https:\/\/gazetaregionalna.com\/wp-content\/uploads\/2022\/06\/DSC_0492-1-2048x1365.jpg 2048w, https:\/\/gazetaregionalna.com\/wp-content\/uploads\/2022\/06\/DSC_0492-1-696x464.jpg 696w, https:\/\/gazetaregionalna.com\/wp-content\/uploads\/2022\/06\/DSC_0492-1-1068x712.jpg 1068w, https:\/\/gazetaregionalna.com\/wp-content\/uploads\/2022\/06\/DSC_0492-1-1920x1280.jpg 1920w, https:\/\/gazetaregionalna.com\/wp-content\/uploads\/2022\/06\/DSC_0492-1-630x420.jpg 630w, https:\/\/gazetaregionalna.com\/wp-content\/uploads\/2022\/06\/DSC_0492-1-scaled.jpg 1600w\" data-sizes=\"(max-width: 1024px) 100vw, 1024px\" src=\"data:image\/svg+xml;base64,PHN2ZyB3aWR0aD0iMSIgaGVpZ2h0PSIxIiB4bWxucz0iaHR0cDovL3d3dy53My5vcmcvMjAwMC9zdmciPjwvc3ZnPg==\" style=\"--smush-placeholder-width: 1024px; --smush-placeholder-aspect-ratio: 1024\/683;\" \/><figcaption class=\"blocks-gallery-item__caption\">fot.: Linda Noco\u0144<\/figcaption><\/figure><\/li><\/ul><\/figure>\n\n\n\n<p>Tydzie\u0144 temu Lubliniec \u015bwi\u0119towa\u0142 swoje 750-lecie. Z tej okazji r\u00f3wnie\u017c nie zabrak\u0142o rozmaitych atrakcji, zar\u00f3wno dla dzieci, jak i doros\u0142ych. Wi\u0119cej na ten temat przeczytasz pod tym <a href=\"https:\/\/gazetaregionalna.com\/lubliniec-swietuje-750-lecie\/\">linkiem<\/a>.<\/p>\n\n\n\n<p><strong>LN\/MDK Lubliniec<\/strong><\/p>\n","protected":false},"excerpt":{"rendered":"<p>Ten tydzie\u0144 w Lubli\u0144cu min\u0105\u0142, podobnie jak poprzedni, bardzo rozrywkowo. Od czwartku do niedzieli trwa\u0142y Dni Lubli\u0144ca 2022, podczas kt\u00f3rych odbywa\u0142y si\u0119 m.in. koncerty,<\/p>\n","protected":false},"author":26,"featured_media":82879,"comment_status":"closed","ping_status":"open","sticky":false,"template":"","format":"standard","meta":{"_monsterinsights_skip_tracking":false,"_monsterinsights_sitenote_active":false,"_monsterinsights_sitenote_note":"","_monsterinsights_sitenote_category":0,"_uf_show_specific_survey":0,"_uf_disable_surveys":false,"footnotes":""},"categories":[13,25,94,2],"tags":[484,716,104,160,5220],"class_list":["post-82810","post","type-post","status-publish","format-standard","has-post-thumbnail","hentry","category-wydarzenia","category-lubliniec","category-polecane","category-wiadomosci","tag-dni-lublinca","tag-koncert","tag-lubliniec","tag-mdk-lubliniec","tag-um-lubliniec"],"_links":{"self":[{"href":"https:\/\/gazetaregionalna.com\/index.php?rest_route=\/wp\/v2\/posts\/82810","targetHints":{"allow":["GET"]}}],"collection":[{"href":"https:\/\/gazetaregionalna.com\/index.php?rest_route=\/wp\/v2\/posts"}],"about":[{"href":"https:\/\/gazetaregionalna.com\/index.php?rest_route=\/wp\/v2\/types\/post"}],"author":[{"embeddable":true,"href":"https:\/\/gazetaregionalna.com\/index.php?rest_route=\/wp\/v2\/users\/26"}],"replies":[{"embeddable":true,"href":"https:\/\/gazetaregionalna.com\/index.php?rest_route=%2Fwp%2Fv2%2Fcomments&post=82810"}],"version-history":[{"count":4,"href":"https:\/\/gazetaregionalna.com\/index.php?rest_route=\/wp\/v2\/posts\/82810\/revisions"}],"predecessor-version":[{"id":82885,"href":"https:\/\/gazetaregionalna.com\/index.php?rest_route=\/wp\/v2\/posts\/82810\/revisions\/82885"}],"wp:featuredmedia":[{"embeddable":true,"href":"https:\/\/gazetaregionalna.com\/index.php?rest_route=\/wp\/v2\/media\/82879"}],"wp:attachment":[{"href":"https:\/\/gazetaregionalna.com\/index.php?rest_route=%2Fwp%2Fv2%2Fmedia&parent=82810"}],"wp:term":[{"taxonomy":"category","embeddable":true,"href":"https:\/\/gazetaregionalna.com\/index.php?rest_route=%2Fwp%2Fv2%2Fcategories&post=82810"},{"taxonomy":"post_tag","embeddable":true,"href":"https:\/\/gazetaregionalna.com\/index.php?rest_route=%2Fwp%2Fv2%2Ftags&post=82810"}],"curies":[{"name":"wp","href":"https:\/\/api.w.org\/{rel}","templated":true}]}}