{"id":82628,"date":"2022-06-09T15:24:20","date_gmt":"2022-06-09T15:24:20","guid":{"rendered":"https:\/\/gazetaregionalna.com\/?p=82628"},"modified":"2022-06-09T15:24:34","modified_gmt":"2022-06-09T15:24:34","slug":"potwierdzily-sie-nasze-informacja-damian-kogut-wrocil-do-exact-systems-norwid","status":"publish","type":"post","link":"https:\/\/gazetaregionalna.com\/?p=82628","title":{"rendered":"Potwierdzi\u0142y si\u0119 nasze informacja. Damian Kogut wr\u00f3ci\u0142 do Exact Systems Norwid"},"content":{"rendered":"\n<p>Po rocznej przerwie przyjmuj\u0105cy Damian Kogut wraca do Exact Systems Norwid i ma pom\u00f3c cz\u0119stochowskiej dru\u017cynie w walce o czo\u0142owe miejsca w Tauron 1 Lidze.<\/p>\n\n\n\n<p>Damian Kogut by\u0142 wyr\u00f3\u017cniaj\u0105cym si\u0119 siatkarze w Exact Systems Norwidzie w sezonie 2020\/21. Nic wi\u0119c dziwnego, \u017ce w sezonie 2021\/22 dosta\u0142 propozycj\u0119 gry w Plus Lidze. \u201eKogi\u201d reprezentowa\u0142 barwy GKS-u Katowice. Teraz wraca do Exact Systems Norwid i ma by\u0107 liderem dru\u017cyny. Dla 25-letniego Koguta b\u0119dzie to 8 sezon w cz\u0119stochowskiej dru\u017cynie&#8230;<\/p>\n\n\n\n<p>&#8211; Ciesz\u0119 si\u0119, \u017ce wracam do Cz\u0119stochowy i b\u0119d\u0119 m\u00f3g\u0142 pomoc zespo\u0142owi swoim do\u015bwiadczeniem, kt\u00f3re zdoby\u0142em na parkietach w Plus Lidze \u2013 m\u00f3wi na oficjalnej stronie Exact Systems Norwid Damian Kogut. &#8211; Licz\u0119 na to, \u017ce zrobimy super atmosfer\u0119 w dru\u017cynie i poka\u017cemy wszystkim jak naprawd\u0119 potrafimy bawi\u0107 si\u0119 siatk\u00f3wk\u0105. Wiem, \u017ce z pomoc\u0105 kibic\u00f3w gra b\u0119dzie nam sprawi\u0107 jeszcze wi\u0119ksza rado\u015b\u0107. Ju\u017c nie mog\u0119 doczeka\u0107 si\u0119 rozpocz\u0119cia sezonu. Do zobaczenia we wrze\u015bniu.<\/p>\n\n\n\n<p>Kogut to drugi nowy zawodnik w dru\u017cynie trenera Piotra Gruszki. Pierwszym by\u0142 Japo\u0144czyk Sho Takahashi.<\/p>\n\n\n\n<p>AK, foto: Exact Systems Norwid <\/p>\n\n\n\n<figure class=\"wp-block-image size-large\"><img decoding=\"async\" width=\"1024\" height=\"682\" data-src=\"https:\/\/gazetaregionalna.com\/wp-content\/uploads\/2022\/06\/Kogut-1024x682.jpg\" alt=\"\" class=\"wp-image-82629 lazyload\" data-srcset=\"https:\/\/gazetaregionalna.com\/wp-content\/uploads\/2022\/06\/Kogut-1024x682.jpg 1024w, https:\/\/gazetaregionalna.com\/wp-content\/uploads\/2022\/06\/Kogut-300x200.jpg 300w, https:\/\/gazetaregionalna.com\/wp-content\/uploads\/2022\/06\/Kogut-768x511.jpg 768w, https:\/\/gazetaregionalna.com\/wp-content\/uploads\/2022\/06\/Kogut-696x463.jpg 696w, https:\/\/gazetaregionalna.com\/wp-content\/uploads\/2022\/06\/Kogut-1068x711.jpg 1068w, https:\/\/gazetaregionalna.com\/wp-content\/uploads\/2022\/06\/Kogut-631x420.jpg 631w, https:\/\/gazetaregionalna.com\/wp-content\/uploads\/2022\/06\/Kogut.jpg 1341w\" data-sizes=\"(max-width: 1024px) 100vw, 1024px\" src=\"data:image\/svg+xml;base64,PHN2ZyB3aWR0aD0iMSIgaGVpZ2h0PSIxIiB4bWxucz0iaHR0cDovL3d3dy53My5vcmcvMjAwMC9zdmciPjwvc3ZnPg==\" style=\"--smush-placeholder-width: 1024px; --smush-placeholder-aspect-ratio: 1024\/682;\" \/><\/figure>\n\n\n\n<figure class=\"wp-block-image size-large\"><img decoding=\"async\" width=\"300\" height=\"250\" data-src=\"https:\/\/gazetaregionalna.com\/wp-content\/uploads\/2022\/04\/DMK-5.jpg\" alt=\"\" class=\"wp-image-77213 lazyload\" src=\"data:image\/svg+xml;base64,PHN2ZyB3aWR0aD0iMSIgaGVpZ2h0PSIxIiB4bWxucz0iaHR0cDovL3d3dy53My5vcmcvMjAwMC9zdmciPjwvc3ZnPg==\" style=\"--smush-placeholder-width: 300px; --smush-placeholder-aspect-ratio: 300\/250;\"><\/figure>\n","protected":false},"excerpt":{"rendered":"<p>Po rocznej przerwie przyjmuj\u0105cy Damian Kogut wraca do Exact Systems Norwid i ma pom\u00f3c cz\u0119stochowskiej dru\u017cynie w walce o czo\u0142owe miejsca w Tauron 1<\/p>\n","protected":false},"author":15,"featured_media":82629,"comment_status":"closed","ping_status":"open","sticky":false,"template":"","format":"standard","meta":{"_monsterinsights_skip_tracking":false,"_monsterinsights_sitenote_active":false,"_monsterinsights_sitenote_note":"","_monsterinsights_sitenote_category":0,"_uf_show_specific_survey":0,"_uf_disable_surveys":false,"footnotes":""},"categories":[5,8],"tags":[],"class_list":["post-82628","post","type-post","status-publish","format-standard","has-post-thumbnail","hentry","category-sport","category-siatkowka"],"_links":{"self":[{"href":"https:\/\/gazetaregionalna.com\/index.php?rest_route=\/wp\/v2\/posts\/82628","targetHints":{"allow":["GET"]}}],"collection":[{"href":"https:\/\/gazetaregionalna.com\/index.php?rest_route=\/wp\/v2\/posts"}],"about":[{"href":"https:\/\/gazetaregionalna.com\/index.php?rest_route=\/wp\/v2\/types\/post"}],"author":[{"embeddable":true,"href":"https:\/\/gazetaregionalna.com\/index.php?rest_route=\/wp\/v2\/users\/15"}],"replies":[{"embeddable":true,"href":"https:\/\/gazetaregionalna.com\/index.php?rest_route=%2Fwp%2Fv2%2Fcomments&post=82628"}],"version-history":[{"count":1,"href":"https:\/\/gazetaregionalna.com\/index.php?rest_route=\/wp\/v2\/posts\/82628\/revisions"}],"predecessor-version":[{"id":82630,"href":"https:\/\/gazetaregionalna.com\/index.php?rest_route=\/wp\/v2\/posts\/82628\/revisions\/82630"}],"wp:featuredmedia":[{"embeddable":true,"href":"https:\/\/gazetaregionalna.com\/index.php?rest_route=\/wp\/v2\/media\/82629"}],"wp:attachment":[{"href":"https:\/\/gazetaregionalna.com\/index.php?rest_route=%2Fwp%2Fv2%2Fmedia&parent=82628"}],"wp:term":[{"taxonomy":"category","embeddable":true,"href":"https:\/\/gazetaregionalna.com\/index.php?rest_route=%2Fwp%2Fv2%2Fcategories&post=82628"},{"taxonomy":"post_tag","embeddable":true,"href":"https:\/\/gazetaregionalna.com\/index.php?rest_route=%2Fwp%2Fv2%2Ftags&post=82628"}],"curies":[{"name":"wp","href":"https:\/\/api.w.org\/{rel}","templated":true}]}}