{"id":82623,"date":"2022-06-09T15:14:24","date_gmt":"2022-06-09T15:14:24","guid":{"rendered":"https:\/\/gazetaregionalna.com\/?p=82623"},"modified":"2022-06-09T15:14:26","modified_gmt":"2022-06-09T15:14:26","slug":"juz-w-sobote-odbedzie-sie-12-bieg-czestochowski","status":"publish","type":"post","link":"https:\/\/gazetaregionalna.com\/?p=82623","title":{"rendered":"Ju\u017c w sobot\u0119 odb\u0119dzie si\u0119 12. Bieg Cz\u0119stochowski"},"content":{"rendered":"\n<p>W sobot\u0119, 11 czerwca Stowarzyszenie Klub Ludzi Aktywnych ,,Zabiegani&#8221; Cz\u0119stochowa zaprasza amator\u00f3w i zawodowc\u00f3w do udzia\u0142u w 12. Biegu Cz\u0119stochowskim. Bieg g\u0142\u00f3wny rozpocznie si\u0119 o godz. 17:30.<\/p>\n\n\n\n<p>Bieg Cz\u0119stochowski ma ju\u017c swoj\u0105 tradycj\u0119. Zawsze gromadzi wielu uczestnik\u00f3w, kt\u00f3rzy pokonuj\u0105 tras\u0119 w Al. NMP i rejonie Jasnej G\u00f3ry.<\/p>\n\n\n\n<p><strong>Informacje organizacyjne 12 Biegu Cz\u0119stochowskiego<\/strong><\/p>\n\n\n\n<p>Biuro zawod\u00f3w zlokalizowane w Hali Sportowej IV Liceum Og\u00f3lnokszta\u0142c\u0105cego im. H. Sienkiewicza Al. NMP 56 (wej\u015bcie od ul. Rac\u0142awickiej (adres do GPS &#8211; ul. Rac\u0142awicka 32)) czynne b\u0119dzie:<\/p>\n\n\n\n<p>&#8211; w pi\u0105tek, 10 czerwca 2022 od godziny 17:00 do 19:00,<\/p>\n\n\n\n<p>&#8211; w sobot\u0119, 11 czerwca 2022 od godziny 12:30 do 16:45.<\/p>\n\n\n\n<p>Prosimy, aby odbieraj\u0105c pakiet ka\u017cdy zna\u0142 sw\u00f3j numer startowy, gdy\u017c jest on potrzebny do weryfikacji. Nadany numer startowy b\u0119dzie mo\u017cna sprawdzi\u0107 w biurze zawod\u00f3w \u2013 b\u0119d\u0105 tam wywieszone listy z numerami.<\/p>\n\n\n\n<p>W biurze zawod\u00f3w przyjmowane b\u0119d\u0105 zg\u0142oszenia do biegu oraz op\u0142ata startowa w wysoko\u015bci 120 z\u0142.<\/p>\n\n\n\n<p>Zawodnicy startuj\u0105cy w biegu podczas weryfikacji musz\u0105 okaza\u0107 dokument to\u017csamo\u015bci, zawodnicy niepe\u0142noletni musz\u0105 posiada\u0107 zgod\u0119 prawnych opiekun\u00f3w na uczestnictwo w biegu (podpisane o\u015bwiadczenie w biurze zawod\u00f3w przez rodzica lub opiekuna prawnego po przedstawieniu dokumentu to\u017csamo\u015bci).<\/p>\n\n\n\n<p>Przypominamy r\u00f3wnie\u017c, \u017ce zgodnie z regulaminem X Mistrzostw Polski Budowlanych i Architekt\u00f3w zawodnicy, kt\u00f3rzy zg\u0142osili swoje uczestnictwo w tej klasyfikacji musz\u0105 potwierdzi\u0107 swoje kwalifikacje zawodowe poprzez okazanie w dniu biegu, w biurze zawod\u00f3w, \u015bwiadectwa potwierdzaj\u0105cego takie uprawnienia zawodowe.<\/p>\n\n\n\n<p>Doj\u015bcie\/dojazd do Biura Zawod\u00f3w:<\/p>\n\n\n\n<p>=&gt; Doj\u015bcie \/ dojazd z dworca PKP Cz\u0119stochowa &#8211; wyj\u015bcie w kier. al. Wolno\u015bci. Dojazd &#8211; z placu przed dworcem tramwaj wszystkie linie kierunek: Fieldrofa Nila (centrum) &#8211; dystans: jeden przystanek. Nast\u0119pnie doj\u015bcie Alej\u0105 NMP w kierunku klasztoru Jasna G\u00f3ra, nast\u0119pnie przez plac Biega\u0144skiego i dalej Alej\u0105 NMP. Ok. 150 m za placem &#8211; w prawo, dalej ul. Kossak &#8211; Szczuckiej (ok. 100m), nast\u0119pnie przy basenie w lewo w ul. Rac\u0142awick\u0105 &#8211; dalej ww. ulic\u0105 do biura zawod\u00f3w &#8211; Hala Sportowa IV LO &#8211; ok. 150 m.<\/p>\n\n\n\n<p>=&gt; Doj\u015bcie \/ dojazd z dworca PKS Cz\u0119stochowa &#8211; wyj\u015bcie w kier. al. Wolno\u015bci. Dojazd &#8211; z przystanku przed dworcem tramwaj wszystkie linie kierunek: Fieldrofa Nila (centrum) \u2013 dystans: dwa przystanki. Dalsza droga &#8211; jak wy\u017cej opisane.<\/p>\n\n\n\n<p>=&gt; Doj\u015bcie lub dojazd z dworca PKP Cz\u0119stochowa STRADOM &#8211; w lewo ul. Pu\u0142askiego ok. 1500 m &#8211; do Alei NMP (po lewej widoczna Jasna G\u00f3ra), po przekroczeniu Alei NMP dalej prosto ul Popie\u0142uszki ok 100 m, za hotelem Mercure &#8211; Patria w prawo w ul Rac\u0142awick\u0105 do biura zawod\u00f3w Hala Sportowa IV LO &#8211; ok. 150 m.<\/p>\n\n\n\n<p>Start biegu:<\/p>\n\n\n\n<p>Sobota, 11 czerwca 2022 godzina 17:30. Cz\u0119stochowa, III Aleja NMP w okolicach Miejskiej Galerii Sztuki<\/p>\n\n\n\n<p>Program zawod\u00f3w:<\/p>\n\n\n\n<p>12.30 &#8211; otwarcie Biura Zawod\u00f3w<\/p>\n\n\n\n<p>16.45 &#8211; zamkni\u0119cie Biura Zawod\u00f3w<\/p>\n\n\n\n<p>17.10 &#8211; rozgrzewka<\/p>\n\n\n\n<p>17.20 &#8211; powitanie zawodnik\u00f3w na linii startu<\/p>\n\n\n\n<p>17.30 &#8211; start biegu<\/p>\n\n\n\n<p>19.15 &#8211; wr\u0119czenie nagr\u00f3d zwyci\u0119zcom w klasyfikacji generalnej kobiet i m\u0119\u017cczyzn<\/p>\n\n\n\n<p>19.30 &#8211; wr\u0119czenie nagr\u00f3d zwyci\u0119zcom w pozosta\u0142ych klasyfikacjach i losowanie upomink\u00f3w.<\/p>\n\n\n\n<p>Regulamin biegu:<\/p>\n\n\n\n<figure class=\"wp-block-embed\"><div class=\"wp-block-embed__wrapper\">\nhttps:\/\/www.zmierzymyczas.pl\/&#8230;\/Regulamin_12_BC_2022&#8230;\n<\/div><\/figure>\n\n\n\n<p>Regulamin X Mistrzostw Polski Budowlanych i Architekt\u00f3w w ramach 12 Biegu Cz\u0119stochowskiego:<\/p>\n\n\n\n<p>http:\/\/www.zabiegani.czest.pl\/attachment\/id\/160<\/p>\n\n\n\n<p>Trasa:<\/p>\n\n\n\n<p>http:\/\/www.zabiegani.czest.pl\/photo\/id\/593<\/p>\n\n\n\n<p>Utrudnienia w ruchu:<\/p>\n\n\n\n<p>http:\/\/mzd.czest.pl\/utrudnienia-w-ruchu-mzdit\/12-bieg-czestochowski<\/p>\n\n\n\n<p>Objazdy autobus\u00f3w:<\/p>\n\n\n\n<figure class=\"wp-block-embed\"><div class=\"wp-block-embed__wrapper\">\nhttps:\/\/www.czestochowa.pl\/objazdy-na-liniach\n<\/div><\/figure>\n\n\n\n<p>Punkty z wod\u0105 na trasie:<\/p>\n\n\n\n<p>Punkty z wod\u0105 b\u0119d\u0105 znajdowa\u0107 si\u0119 na 7 km biegu.<\/p>\n\n\n\n<p>Posi\u0142ek regeneracyjny:<\/p>\n\n\n\n<p>Po biegu zapraszamy jego uczestnik\u00f3w na posi\u0142ek. Punkt wydawania posi\u0142k\u00f3w znajdowa\u0107 si\u0119 b\u0119dzie pod filarami Miejskiej Galerii Sztuki \u2013 po prawej stronie sceny. Posi\u0142ek zostanie wydany za okazaniem opaski, kt\u00f3r\u0105 ka\u017cdy otrzyma w Biurze Zawod\u00f3w przy odbieraniu pakietu startowego.<\/p>\n\n\n\n<p>Prysznice i szatnie:<\/p>\n\n\n\n<p>Dla uczestnik\u00f3w 12 Biegu Cz\u0119stochowskiego udost\u0119pnione zostan\u0105 prysznice oraz szatnie znajduj\u0105ce si\u0119 w Hali Sportowej IV Liceum Og\u00f3lnokszta\u0142c\u0105cego im. H. Sienkiewicza. Dodatkowe toalety typu toi-toi na terenie parkingu Miejskiej Galerii Sztuki &#8211; od ul. Rac\u0142awickiej.<\/p>\n\n\n\n<p>Depozyt:<\/p>\n\n\n\n<p>Depozyt b\u0119dzie si\u0119 znajdowa\u0142 w Hali Sportowej IV Liceum Og\u00f3lnokszta\u0142c\u0105cego im. H. Sienkiewicza.<\/p>\n\n\n\n<p>Parkingi:<\/p>\n\n\n\n<p>Lokalizacja parking\u00f3w: ul. Rac\u0142awicka, ul. Kossak &#8211; Szczuckiej, ul. 7-u Kamienic, Pasa\u017c Bare\u0142y (wjazd od ul. 7-u kamienic), parking &#8211; b\u0142onia za Jasna G\u00f3r\u0105, ul. 3-Maja, parking przy d. Cepelii, ul. Jasnog\u00f3rska, ul. \u017bwirki i Wigury, miejsca parkingowe w rejonie placu Biega\u0144skiego.<\/p>\n\n\n\n<p>Zach\u0119camy do korzystania z komunikacji miejskiej &#8211; unikniemy kork\u00f3w, k\u0142opot\u00f3w z parkowaniem i zmniejszymy emisj\u0119 spalin i CO2. Wszystkie tramwaje i wi\u0119kszo\u015b\u0107 linii autobusowych kursuj\u0105 normalnie (niekt\u00f3re autobusy maj\u0105 zmienione trasy z uwagi na bieg w godz ok. 17-19).<\/p>\n\n\n\n<p>AK, materia\u0142y organizator\u00f3w,<\/p>\n\n\n\n<figure class=\"wp-block-image size-large\"><img decoding=\"async\" width=\"517\" height=\"386\" data-src=\"https:\/\/gazetaregionalna.com\/wp-content\/uploads\/2022\/06\/BiegCz.jpg\" alt=\"\" class=\"wp-image-82626 lazyload\" data-srcset=\"https:\/\/gazetaregionalna.com\/wp-content\/uploads\/2022\/06\/BiegCz.jpg 517w, https:\/\/gazetaregionalna.com\/wp-content\/uploads\/2022\/06\/BiegCz-300x224.jpg 300w, https:\/\/gazetaregionalna.com\/wp-content\/uploads\/2022\/06\/BiegCz-80x60.jpg 80w, https:\/\/gazetaregionalna.com\/wp-content\/uploads\/2022\/06\/BiegCz-265x198.jpg 265w\" data-sizes=\"(max-width: 517px) 100vw, 517px\" src=\"data:image\/svg+xml;base64,PHN2ZyB3aWR0aD0iMSIgaGVpZ2h0PSIxIiB4bWxucz0iaHR0cDovL3d3dy53My5vcmcvMjAwMC9zdmciPjwvc3ZnPg==\" style=\"--smush-placeholder-width: 517px; --smush-placeholder-aspect-ratio: 517\/386;\" \/><\/figure>\n\n\n\n<figure class=\"wp-block-image size-large\"><img decoding=\"async\" width=\"300\" height=\"250\" data-src=\"https:\/\/gazetaregionalna.com\/wp-content\/uploads\/2022\/04\/DMK-8.jpg\" alt=\"\" class=\"wp-image-77215 lazyload\" src=\"data:image\/svg+xml;base64,PHN2ZyB3aWR0aD0iMSIgaGVpZ2h0PSIxIiB4bWxucz0iaHR0cDovL3d3dy53My5vcmcvMjAwMC9zdmciPjwvc3ZnPg==\" style=\"--smush-placeholder-width: 300px; --smush-placeholder-aspect-ratio: 300\/250;\"><\/figure>\n","protected":false},"excerpt":{"rendered":"<p>W sobot\u0119, 11 czerwca Stowarzyszenie Klub Ludzi Aktywnych ,,Zabiegani&#8221; Cz\u0119stochowa zaprasza amator\u00f3w i zawodowc\u00f3w do udzia\u0142u w 12. Biegu Cz\u0119stochowskim. Bieg g\u0142\u00f3wny rozpocznie si\u0119<\/p>\n","protected":false},"author":15,"featured_media":82626,"comment_status":"closed","ping_status":"open","sticky":false,"template":"","format":"standard","meta":{"_monsterinsights_skip_tracking":false,"_monsterinsights_sitenote_active":false,"_monsterinsights_sitenote_note":"","_monsterinsights_sitenote_category":0,"_uf_show_specific_survey":0,"_uf_disable_surveys":false,"footnotes":""},"categories":[5,11],"tags":[],"class_list":["post-82623","post","type-post","status-publish","format-standard","has-post-thumbnail","hentry","category-sport","category-pozostale"],"_links":{"self":[{"href":"https:\/\/gazetaregionalna.com\/index.php?rest_route=\/wp\/v2\/posts\/82623","targetHints":{"allow":["GET"]}}],"collection":[{"href":"https:\/\/gazetaregionalna.com\/index.php?rest_route=\/wp\/v2\/posts"}],"about":[{"href":"https:\/\/gazetaregionalna.com\/index.php?rest_route=\/wp\/v2\/types\/post"}],"author":[{"embeddable":true,"href":"https:\/\/gazetaregionalna.com\/index.php?rest_route=\/wp\/v2\/users\/15"}],"replies":[{"embeddable":true,"href":"https:\/\/gazetaregionalna.com\/index.php?rest_route=%2Fwp%2Fv2%2Fcomments&post=82623"}],"version-history":[{"count":1,"href":"https:\/\/gazetaregionalna.com\/index.php?rest_route=\/wp\/v2\/posts\/82623\/revisions"}],"predecessor-version":[{"id":82627,"href":"https:\/\/gazetaregionalna.com\/index.php?rest_route=\/wp\/v2\/posts\/82623\/revisions\/82627"}],"wp:featuredmedia":[{"embeddable":true,"href":"https:\/\/gazetaregionalna.com\/index.php?rest_route=\/wp\/v2\/media\/82626"}],"wp:attachment":[{"href":"https:\/\/gazetaregionalna.com\/index.php?rest_route=%2Fwp%2Fv2%2Fmedia&parent=82623"}],"wp:term":[{"taxonomy":"category","embeddable":true,"href":"https:\/\/gazetaregionalna.com\/index.php?rest_route=%2Fwp%2Fv2%2Fcategories&post=82623"},{"taxonomy":"post_tag","embeddable":true,"href":"https:\/\/gazetaregionalna.com\/index.php?rest_route=%2Fwp%2Fv2%2Ftags&post=82623"}],"curies":[{"name":"wp","href":"https:\/\/api.w.org\/{rel}","templated":true}]}}