{"id":82293,"date":"2022-06-07T17:47:08","date_gmt":"2022-06-07T17:47:08","guid":{"rendered":"https:\/\/gazetaregionalna.com\/?p=82293"},"modified":"2022-06-07T17:47:08","modified_gmt":"2022-06-07T17:47:08","slug":"mloda-druzyna-wlokniarza-nadal-bez-wygranej-w-u24-ekstralidze","status":"publish","type":"post","link":"https:\/\/gazetaregionalna.com\/?p=82293","title":{"rendered":"M\u0142oda dru\u017cyna W\u0142\u00f3kniarza nadal bez wygranej w U24 Ekstralidze"},"content":{"rendered":"\n<p>Nie wiedzie si\u0119 w rozgrywkach U24 Ekstraligi dru\u017cynie W\u0142\u00f3kniarza Cz\u0119stochowa. \u201eLwy\u201d przegra\u0142y we wtorek na w\u0142asnym torze z GKM-em Grudzi\u0105dz r\u00f3\u017cnic\u0105 16 punkt\u00f3w.<\/p>\n\n\n\n<p>Przed spotkaniem faworytem byli go\u015bcie, kt\u00f3rzy mieli na koncie 2 zwyci\u0119stwa i remis, a cz\u0119stochowianie nie wywalczyli w lidze jeszcze ani jednego punktu. I podczas meczu przewaga go\u015bci by\u0142a widoczna, a ostatecznie wynios\u0142a 16 punkt\u00f3w.<\/p>\n\n\n\n<p>GKM do zwyci\u0119stwa poprowadzi\u0142o 3 lider\u00f3w: Kacper Pludra, Emil Breum i Norbert Krakowiak, kt\u00f3rzy mieli wsparcie jeszcze w Kacprze \u0141obodzi\u0144skim.<\/p>\n\n\n\n<p>W zespole gospodarzy najlepiej punktowa\u0142 Jonas Jeppesen, kt\u00f3ry zdoby\u0142 10 punkt\u00f3w, cho\u0107 jak na zawodnika z PGE Ekstraligi kibice spodziewaliby si\u0119 zwyci\u0119stw z liderami GKM-u i jeszcze lepszego wyniku. Na uwag\u0119 zas\u0142uguje 9 punkt\u00f3w Marko Lewiszyna i 7 Antona Karlssona.<\/p>\n\n\n\n<p>Po wtorkowej pora\u017cce W\u0142\u00f3kniarz w rozgrywkach U24 Ekstraligi jest nadal bez punktu i zajmuje ostatnie, 8. miejsce w tabeli.<\/p>\n\n\n\n<p>AK, foto: Grzegorz Misiak (wlokniarz.com)<\/p>\n\n\n\n<p><strong>W\u0142\u00f3kniarz Cz\u0119stochowa \u2013 GKM Grudzi\u0105dz 37:53<\/strong><\/p>\n\n\n\n<p><strong>W\u0142\u00f3kniarz:<\/strong> A. Karlsson 7 (2,2,2,0,1), M. Cluff 4 (1,0,1,2), M. Lewiszyn 9 (1,2,2,3,1), J. Jenkins 3 (1,1,0,1), J. Jeppesen 10 (2,3,2,3,0), J. Matyniak 1 (0,1), K. Kupiec 3 (2,1,w), S. Hagon 0 (d,0).<\/p>\n\n\n\n<p><strong>GKM: <\/strong>K. Pludra 14 (3,2,3,3,3), R. Pedersen 1 (0,0,1), S. Orgacki 1 (0,0,1,0), N. Krakowiak 13 (2,3,3,2,3), E. Breum 13 (3,3,3,2,2), K. \u0141obodzi\u0144ski 9 (3,3,1,2), W. Rafalski 2 (1,1,w,0).<\/p>\n\n\n\n<p><strong>Bieg po biegu: 1.<\/strong> Pludra, Karlsson, Lewiszyn, Orgacki 3:3, <strong>2.<\/strong> \u0141obodzi\u0144ski, Kupiec, Rafalski, Martyniak 2:4\/5:7, <strong>3.<\/strong> Breum, Jeppesen, Jenkins, Pedersen 3:3\/8:10, <strong>4.<\/strong> \u0141obodzi\u0144ski, Krakowiak, Cluff, Hagon (d), 1:5\/9:15, <strong>5.<\/strong> Krakowiak, Lewiszyn, Jenkins, Orgacki 3:3\/12:18, <strong>6.<\/strong> Jeppesen, Pludra, Kupiec, Pedersen 4:2\/16:20, <strong>7.<\/strong> Breum, Karlsson, Rafalski, Cluff 2:4\/18:24, <strong>8.<\/strong> Krakowiak, Jeppesen, Orgacki, Kupiec 2:4\/20:28, <strong>9.<\/strong> Pludra, Karlsson, Pedersen, Hagon 2:4\/22:32, <strong>10.<\/strong> Breum, Lewiszyn, \u0141obodzi\u0144ski, Jenkins 2:4\/24:36, <strong>11.<\/strong> Pludra, Krakowiak, Jenkins, Karlsson 1:5\/25:41, <strong>12.<\/strong> Lewiszyn, \u0141obodzi\u0144ski, Martyniak, Rafalski (w) 4:2\/29:43, <strong>13.<\/strong> Jeppesen, Breum, Cluff, Rafalski 4:2\/33:45, <strong>14.<\/strong> Krakowiak, Cluff, Karlsson, Orgacki 3:3\/36:48; <strong>15.<\/strong> Pludra, Breum, Lewiszyn, Jeppesen 1:5\/37:53.<\/p>\n","protected":false},"excerpt":{"rendered":"<p>Nie wiedzie si\u0119 w rozgrywkach U24 Ekstraligi dru\u017cynie W\u0142\u00f3kniarza Cz\u0119stochowa. \u201eLwy\u201d przegra\u0142y we wtorek na w\u0142asnym torze z GKM-em Grudzi\u0105dz r\u00f3\u017cnic\u0105 16 punkt\u00f3w. Przed<\/p>\n","protected":false},"author":25,"featured_media":82294,"comment_status":"closed","ping_status":"open","sticky":false,"template":"","format":"standard","meta":{"_monsterinsights_skip_tracking":false,"_monsterinsights_sitenote_active":false,"_monsterinsights_sitenote_note":"","_monsterinsights_sitenote_category":0,"_uf_show_specific_survey":0,"_uf_disable_surveys":false,"footnotes":""},"categories":[5,7],"tags":[],"class_list":["post-82293","post","type-post","status-publish","format-standard","has-post-thumbnail","hentry","category-sport","category-zuzel"],"_links":{"self":[{"href":"https:\/\/gazetaregionalna.com\/index.php?rest_route=\/wp\/v2\/posts\/82293","targetHints":{"allow":["GET"]}}],"collection":[{"href":"https:\/\/gazetaregionalna.com\/index.php?rest_route=\/wp\/v2\/posts"}],"about":[{"href":"https:\/\/gazetaregionalna.com\/index.php?rest_route=\/wp\/v2\/types\/post"}],"author":[{"embeddable":true,"href":"https:\/\/gazetaregionalna.com\/index.php?rest_route=\/wp\/v2\/users\/25"}],"replies":[{"embeddable":true,"href":"https:\/\/gazetaregionalna.com\/index.php?rest_route=%2Fwp%2Fv2%2Fcomments&post=82293"}],"version-history":[{"count":1,"href":"https:\/\/gazetaregionalna.com\/index.php?rest_route=\/wp\/v2\/posts\/82293\/revisions"}],"predecessor-version":[{"id":82295,"href":"https:\/\/gazetaregionalna.com\/index.php?rest_route=\/wp\/v2\/posts\/82293\/revisions\/82295"}],"wp:featuredmedia":[{"embeddable":true,"href":"https:\/\/gazetaregionalna.com\/index.php?rest_route=\/wp\/v2\/media\/82294"}],"wp:attachment":[{"href":"https:\/\/gazetaregionalna.com\/index.php?rest_route=%2Fwp%2Fv2%2Fmedia&parent=82293"}],"wp:term":[{"taxonomy":"category","embeddable":true,"href":"https:\/\/gazetaregionalna.com\/index.php?rest_route=%2Fwp%2Fv2%2Fcategories&post=82293"},{"taxonomy":"post_tag","embeddable":true,"href":"https:\/\/gazetaregionalna.com\/index.php?rest_route=%2Fwp%2Fv2%2Ftags&post=82293"}],"curies":[{"name":"wp","href":"https:\/\/api.w.org\/{rel}","templated":true}]}}