{"id":82291,"date":"2022-06-07T16:56:47","date_gmt":"2022-06-07T16:56:47","guid":{"rendered":"https:\/\/gazetaregionalna.com\/?p=82291"},"modified":"2022-06-07T16:56:48","modified_gmt":"2022-06-07T16:56:48","slug":"kolejne-wzmozone-dzialania-czestochowskich-straznikow-miejskich-w-parku-wypoczynkowym-lisiniec","status":"publish","type":"post","link":"https:\/\/gazetaregionalna.com\/?p=82291","title":{"rendered":"Kolejne wzmo\u017cone dzia\u0142ania cz\u0119stochowskich stra\u017cnik\u00f3w miejskich w Parku Wypoczynkowym Lisiniec"},"content":{"rendered":"\n<p>Z pi\u0105tku na sobot\u0119 i z soboty na niedziel\u0119 cz\u0119stochowscy stra\u017cnicy miejscy przeprowadzili wzmo\u017cone dzia\u0142ania w rejonie Parku Wypoczynkowego Lisiniec. Funkcjonariusze Stra\u017cy Miejskiej podj\u0119li 19 interwencji.<\/p>\n\n\n\n<p>Pi\u0105tkowe dzia\u0142ania prowadzone by\u0142y w godz. 18-2, a sobotnie w godz. 21-5. Stra\u017cnicy miejscy podj\u0119li 19 interwencji wobec os\u00f3b, kt\u00f3re spo\u017cywa\u0142y alkohol w miejscach publicznych lub zak\u0142\u00f3ca\u0142y spok\u00f3j i porz\u0105dek publiczny. 17 os\u00f3b zosta\u0142o pouczonych, a 2 osoby ukarano w post\u0119powaniu mandatowym.<\/p>\n\n\n\n<p>Podczas dzia\u0142a\u0144 stra\u017cnicy miejscy wsp\u00f3\u0142pracowali z policjantami z Komendy Miejskiej Policji i I KP. To kolejne dzia\u0142ania w Paku Wypoczynkowym Lisiniec zmierzaj\u0105ce do poprawy spokoju i porz\u0105dku publicznego przeprowadzone przez cz\u0119stochowskich stra\u017cnik\u00f3w miejskich. Czynno\u015bci b\u0119d\u0105 powtarzana w okresie letnim.<\/p>\n\n\n\n<p>MK<\/p>\n","protected":false},"excerpt":{"rendered":"<p>Z pi\u0105tku na sobot\u0119 i z soboty na niedziel\u0119 cz\u0119stochowscy stra\u017cnicy miejscy przeprowadzili wzmo\u017cone dzia\u0142ania w rejonie Parku Wypoczynkowego Lisiniec. Funkcjonariusze Stra\u017cy Miejskiej podj\u0119li<\/p>\n","protected":false},"author":25,"featured_media":34905,"comment_status":"closed","ping_status":"open","sticky":false,"template":"","format":"standard","meta":{"_monsterinsights_skip_tracking":false,"_monsterinsights_sitenote_active":false,"_monsterinsights_sitenote_note":"","_monsterinsights_sitenote_category":0,"_uf_show_specific_survey":0,"_uf_disable_surveys":false,"footnotes":""},"categories":[2,3],"tags":[],"class_list":["post-82291","post","type-post","status-publish","format-standard","has-post-thumbnail","hentry","category-wiadomosci","category-czestochowa-informacje"],"_links":{"self":[{"href":"https:\/\/gazetaregionalna.com\/index.php?rest_route=\/wp\/v2\/posts\/82291","targetHints":{"allow":["GET"]}}],"collection":[{"href":"https:\/\/gazetaregionalna.com\/index.php?rest_route=\/wp\/v2\/posts"}],"about":[{"href":"https:\/\/gazetaregionalna.com\/index.php?rest_route=\/wp\/v2\/types\/post"}],"author":[{"embeddable":true,"href":"https:\/\/gazetaregionalna.com\/index.php?rest_route=\/wp\/v2\/users\/25"}],"replies":[{"embeddable":true,"href":"https:\/\/gazetaregionalna.com\/index.php?rest_route=%2Fwp%2Fv2%2Fcomments&post=82291"}],"version-history":[{"count":1,"href":"https:\/\/gazetaregionalna.com\/index.php?rest_route=\/wp\/v2\/posts\/82291\/revisions"}],"predecessor-version":[{"id":82292,"href":"https:\/\/gazetaregionalna.com\/index.php?rest_route=\/wp\/v2\/posts\/82291\/revisions\/82292"}],"wp:featuredmedia":[{"embeddable":true,"href":"https:\/\/gazetaregionalna.com\/index.php?rest_route=\/wp\/v2\/media\/34905"}],"wp:attachment":[{"href":"https:\/\/gazetaregionalna.com\/index.php?rest_route=%2Fwp%2Fv2%2Fmedia&parent=82291"}],"wp:term":[{"taxonomy":"category","embeddable":true,"href":"https:\/\/gazetaregionalna.com\/index.php?rest_route=%2Fwp%2Fv2%2Fcategories&post=82291"},{"taxonomy":"post_tag","embeddable":true,"href":"https:\/\/gazetaregionalna.com\/index.php?rest_route=%2Fwp%2Fv2%2Ftags&post=82291"}],"curies":[{"name":"wp","href":"https:\/\/api.w.org\/{rel}","templated":true}]}}