{"id":82288,"date":"2022-06-07T15:21:48","date_gmt":"2022-06-07T15:21:48","guid":{"rendered":"https:\/\/gazetaregionalna.com\/?p=82288"},"modified":"2022-06-07T15:21:49","modified_gmt":"2022-06-07T15:21:49","slug":"dwa-medale-czestochowskich-siatkarzy-w-wojewodzkim-finale-juniorow-w-siatkowce-plazowej","status":"publish","type":"post","link":"https:\/\/gazetaregionalna.com\/?p=82288","title":{"rendered":"Dwa medale cz\u0119stochowskich siatkarzy w wojew\u00f3dzkim finale junior\u00f3w w siatk\u00f3wce pla\u017cowej"},"content":{"rendered":"\n<p>W B\u0119dzinie rozegrano fina\u0142 mistrzostw wojew\u00f3dztwa \u015bl\u0105skiego w siatk\u00f3wce pla\u017cowej junior\u00f3w. Dwa medale: srebrny i br\u0105zowy wywalczy\u0142y pary z Cz\u0119stochowy, kt\u00f3re teraz otworzy\u0142y sobie szans\u0119 walki o medale w mistrzostwach Polski.<\/p>\n\n\n\n<p>Wicemistrzami wojew\u00f3dztwa \u015bl\u0105skiego w siatk\u00f3wce pla\u017cowej junior\u00f3w zostali reprezentanci Exact Systems Norwid Cz\u0119stochowa Maciej Olczyk i Bartosz Olczyk. W meczu o z\u0142oty medal przegrali z par\u0105 kadry PZPS Aleksander Czachorowski i Filip Lejawa. Br\u0105zowe medale wywalczyli Seweryn Kwiatecki i Adrian Andruszkiewicz (Exact Systems Norwid\/Eco-Team AZS Stoelzle). W meczu o 3. miejsce i najni\u017cszy stopie\u0144 podium pokonali Marcela W\u00f3jcikiewicza i Patryka Gajd\u0119.<\/p>\n\n\n\n<p>W turnieju fina\u0142owym w B\u0119dzinie walczy\u0142a te\u017c 3 para z Cz\u0119stochowy. Bartosz Matyja i Filip Chmielewski zako\u0144czyli zmagania zako\u0144czyli na 7. miejscu.<\/p>\n\n\n\n<p>Do turnieju p\u00f3\u0142fina\u0142owego Mistrzostw Polski awansowa\u0142y wi\u0119c dwie z trzech cz\u0119stochowskich par. Maciej Olczyk i Bartosz Olczyk oraz Seweryn Kwiatecki i Adrian Andruszkiewicz b\u0119d\u0105 teraz walczy\u0107 w turnieju p\u00f3\u0142fina\u0142owym Mistrzostw Polski. Szans\u0119 na awans do rozgrywek og\u00f3lnopolskich ma tak\u017ce kolejna cz\u0119stochowska para. Marcel Po\u015bpiech i Jakub Kantorowicz b\u0119d\u0105 rywalizowa\u0107 w mistrzostwach wojew\u00f3dztwa opolskiego junior\u00f3w i licz\u0105 na medal oraz awans do rozgrywek centralnych.<\/p>\n\n\n\n<p>AK, foto: materia\u0142y prasowe<\/p>\n\n\n\n<figure class=\"wp-block-image size-large\"><img decoding=\"async\" width=\"768\" height=\"1024\" data-src=\"https:\/\/gazetaregionalna.com\/wp-content\/uploads\/2022\/06\/plaza-1-768x1024.jpg\" alt=\"\" class=\"wp-image-82284 lazyload\" data-srcset=\"https:\/\/gazetaregionalna.com\/wp-content\/uploads\/2022\/06\/plaza-1-768x1024.jpg 768w, https:\/\/gazetaregionalna.com\/wp-content\/uploads\/2022\/06\/plaza-1-225x300.jpg 225w, https:\/\/gazetaregionalna.com\/wp-content\/uploads\/2022\/06\/plaza-1-1152x1536.jpg 1152w, https:\/\/gazetaregionalna.com\/wp-content\/uploads\/2022\/06\/plaza-1-696x928.jpg 696w, https:\/\/gazetaregionalna.com\/wp-content\/uploads\/2022\/06\/plaza-1-1068x1424.jpg 1068w, https:\/\/gazetaregionalna.com\/wp-content\/uploads\/2022\/06\/plaza-1-315x420.jpg 315w, https:\/\/gazetaregionalna.com\/wp-content\/uploads\/2022\/06\/plaza-1-scaled.jpg 1200w\" data-sizes=\"(max-width: 768px) 100vw, 768px\" src=\"data:image\/svg+xml;base64,PHN2ZyB3aWR0aD0iMSIgaGVpZ2h0PSIxIiB4bWxucz0iaHR0cDovL3d3dy53My5vcmcvMjAwMC9zdmciPjwvc3ZnPg==\" style=\"--smush-placeholder-width: 768px; --smush-placeholder-aspect-ratio: 768\/1024;\" \/><\/figure>\n\n\n\n<figure class=\"wp-block-image size-large\"><img decoding=\"async\" width=\"1024\" height=\"768\" data-src=\"https:\/\/gazetaregionalna.com\/wp-content\/uploads\/2022\/06\/plaza-4-1024x768.jpg\" alt=\"\" class=\"wp-image-82287 lazyload\" data-srcset=\"https:\/\/gazetaregionalna.com\/wp-content\/uploads\/2022\/06\/plaza-4-1024x768.jpg 1024w, https:\/\/gazetaregionalna.com\/wp-content\/uploads\/2022\/06\/plaza-4-300x225.jpg 300w, https:\/\/gazetaregionalna.com\/wp-content\/uploads\/2022\/06\/plaza-4-768x576.jpg 768w, https:\/\/gazetaregionalna.com\/wp-content\/uploads\/2022\/06\/plaza-4-1536x1152.jpg 1536w, https:\/\/gazetaregionalna.com\/wp-content\/uploads\/2022\/06\/plaza-4-696x522.jpg 696w, https:\/\/gazetaregionalna.com\/wp-content\/uploads\/2022\/06\/plaza-4-1068x801.jpg 1068w, https:\/\/gazetaregionalna.com\/wp-content\/uploads\/2022\/06\/plaza-4-1920x1440.jpg 1920w, https:\/\/gazetaregionalna.com\/wp-content\/uploads\/2022\/06\/plaza-4-560x420.jpg 560w, https:\/\/gazetaregionalna.com\/wp-content\/uploads\/2022\/06\/plaza-4-80x60.jpg 80w, https:\/\/gazetaregionalna.com\/wp-content\/uploads\/2022\/06\/plaza-4-265x198.jpg 265w, https:\/\/gazetaregionalna.com\/wp-content\/uploads\/2022\/06\/plaza-4-scaled.jpg 1600w\" data-sizes=\"(max-width: 1024px) 100vw, 1024px\" src=\"data:image\/svg+xml;base64,PHN2ZyB3aWR0aD0iMSIgaGVpZ2h0PSIxIiB4bWxucz0iaHR0cDovL3d3dy53My5vcmcvMjAwMC9zdmciPjwvc3ZnPg==\" style=\"--smush-placeholder-width: 1024px; --smush-placeholder-aspect-ratio: 1024\/768;\" \/><\/figure>\n\n\n\n<figure class=\"wp-block-image size-large\"><img decoding=\"async\" width=\"300\" height=\"250\" data-src=\"https:\/\/gazetaregionalna.com\/wp-content\/uploads\/2022\/04\/DMK-5.jpg\" alt=\"\" class=\"wp-image-77213 lazyload\" src=\"data:image\/svg+xml;base64,PHN2ZyB3aWR0aD0iMSIgaGVpZ2h0PSIxIiB4bWxucz0iaHR0cDovL3d3dy53My5vcmcvMjAwMC9zdmciPjwvc3ZnPg==\" style=\"--smush-placeholder-width: 300px; --smush-placeholder-aspect-ratio: 300\/250;\"><\/figure>\n\n\n\n<figure class=\"wp-block-image size-large\"><img decoding=\"async\" width=\"768\" height=\"1024\" data-src=\"https:\/\/gazetaregionalna.com\/wp-content\/uploads\/2022\/06\/plaza-3-768x1024.jpg\" alt=\"\" class=\"wp-image-82286 lazyload\" data-srcset=\"https:\/\/gazetaregionalna.com\/wp-content\/uploads\/2022\/06\/plaza-3-768x1024.jpg 768w, https:\/\/gazetaregionalna.com\/wp-content\/uploads\/2022\/06\/plaza-3-225x300.jpg 225w, https:\/\/gazetaregionalna.com\/wp-content\/uploads\/2022\/06\/plaza-3-1152x1536.jpg 1152w, https:\/\/gazetaregionalna.com\/wp-content\/uploads\/2022\/06\/plaza-3-696x928.jpg 696w, https:\/\/gazetaregionalna.com\/wp-content\/uploads\/2022\/06\/plaza-3-1068x1424.jpg 1068w, https:\/\/gazetaregionalna.com\/wp-content\/uploads\/2022\/06\/plaza-3-315x420.jpg 315w, https:\/\/gazetaregionalna.com\/wp-content\/uploads\/2022\/06\/plaza-3-scaled.jpg 1200w\" data-sizes=\"(max-width: 768px) 100vw, 768px\" src=\"data:image\/svg+xml;base64,PHN2ZyB3aWR0aD0iMSIgaGVpZ2h0PSIxIiB4bWxucz0iaHR0cDovL3d3dy53My5vcmcvMjAwMC9zdmciPjwvc3ZnPg==\" style=\"--smush-placeholder-width: 768px; --smush-placeholder-aspect-ratio: 768\/1024;\" \/><\/figure>\n\n\n\n<figure class=\"wp-block-image size-large\"><img decoding=\"async\" width=\"300\" height=\"250\" data-src=\"https:\/\/gazetaregionalna.com\/wp-content\/uploads\/2022\/04\/DMK-9.jpg\" alt=\"\" class=\"wp-image-77216 lazyload\" src=\"data:image\/svg+xml;base64,PHN2ZyB3aWR0aD0iMSIgaGVpZ2h0PSIxIiB4bWxucz0iaHR0cDovL3d3dy53My5vcmcvMjAwMC9zdmciPjwvc3ZnPg==\" style=\"--smush-placeholder-width: 300px; --smush-placeholder-aspect-ratio: 300\/250;\"><\/figure>\n\n\n\n<figure class=\"wp-block-image size-large\"><img decoding=\"async\" width=\"768\" height=\"1024\" data-src=\"https:\/\/gazetaregionalna.com\/wp-content\/uploads\/2022\/06\/plaza-2-768x1024.jpg\" alt=\"\" class=\"wp-image-82285 lazyload\" data-srcset=\"https:\/\/gazetaregionalna.com\/wp-content\/uploads\/2022\/06\/plaza-2-768x1024.jpg 768w, https:\/\/gazetaregionalna.com\/wp-content\/uploads\/2022\/06\/plaza-2-225x300.jpg 225w, https:\/\/gazetaregionalna.com\/wp-content\/uploads\/2022\/06\/plaza-2-1152x1536.jpg 1152w, https:\/\/gazetaregionalna.com\/wp-content\/uploads\/2022\/06\/plaza-2-696x928.jpg 696w, https:\/\/gazetaregionalna.com\/wp-content\/uploads\/2022\/06\/plaza-2-1068x1424.jpg 1068w, https:\/\/gazetaregionalna.com\/wp-content\/uploads\/2022\/06\/plaza-2-315x420.jpg 315w, https:\/\/gazetaregionalna.com\/wp-content\/uploads\/2022\/06\/plaza-2-scaled.jpg 1200w\" data-sizes=\"(max-width: 768px) 100vw, 768px\" src=\"data:image\/svg+xml;base64,PHN2ZyB3aWR0aD0iMSIgaGVpZ2h0PSIxIiB4bWxucz0iaHR0cDovL3d3dy53My5vcmcvMjAwMC9zdmciPjwvc3ZnPg==\" style=\"--smush-placeholder-width: 768px; --smush-placeholder-aspect-ratio: 768\/1024;\" \/><\/figure>\n","protected":false},"excerpt":{"rendered":"<p>W B\u0119dzinie rozegrano fina\u0142 mistrzostw wojew\u00f3dztwa \u015bl\u0105skiego w siatk\u00f3wce pla\u017cowej junior\u00f3w. Dwa medale: srebrny i br\u0105zowy wywalczy\u0142y pary z Cz\u0119stochowy, kt\u00f3re teraz otworzy\u0142y sobie<\/p>\n","protected":false},"author":15,"featured_media":82284,"comment_status":"closed","ping_status":"open","sticky":false,"template":"","format":"standard","meta":{"_monsterinsights_skip_tracking":false,"_monsterinsights_sitenote_active":false,"_monsterinsights_sitenote_note":"","_monsterinsights_sitenote_category":0,"_uf_show_specific_survey":0,"_uf_disable_surveys":false,"footnotes":""},"categories":[5,8],"tags":[],"class_list":["post-82288","post","type-post","status-publish","format-standard","has-post-thumbnail","hentry","category-sport","category-siatkowka"],"_links":{"self":[{"href":"https:\/\/gazetaregionalna.com\/index.php?rest_route=\/wp\/v2\/posts\/82288","targetHints":{"allow":["GET"]}}],"collection":[{"href":"https:\/\/gazetaregionalna.com\/index.php?rest_route=\/wp\/v2\/posts"}],"about":[{"href":"https:\/\/gazetaregionalna.com\/index.php?rest_route=\/wp\/v2\/types\/post"}],"author":[{"embeddable":true,"href":"https:\/\/gazetaregionalna.com\/index.php?rest_route=\/wp\/v2\/users\/15"}],"replies":[{"embeddable":true,"href":"https:\/\/gazetaregionalna.com\/index.php?rest_route=%2Fwp%2Fv2%2Fcomments&post=82288"}],"version-history":[{"count":1,"href":"https:\/\/gazetaregionalna.com\/index.php?rest_route=\/wp\/v2\/posts\/82288\/revisions"}],"predecessor-version":[{"id":82289,"href":"https:\/\/gazetaregionalna.com\/index.php?rest_route=\/wp\/v2\/posts\/82288\/revisions\/82289"}],"wp:featuredmedia":[{"embeddable":true,"href":"https:\/\/gazetaregionalna.com\/index.php?rest_route=\/wp\/v2\/media\/82284"}],"wp:attachment":[{"href":"https:\/\/gazetaregionalna.com\/index.php?rest_route=%2Fwp%2Fv2%2Fmedia&parent=82288"}],"wp:term":[{"taxonomy":"category","embeddable":true,"href":"https:\/\/gazetaregionalna.com\/index.php?rest_route=%2Fwp%2Fv2%2Fcategories&post=82288"},{"taxonomy":"post_tag","embeddable":true,"href":"https:\/\/gazetaregionalna.com\/index.php?rest_route=%2Fwp%2Fv2%2Ftags&post=82288"}],"curies":[{"name":"wp","href":"https:\/\/api.w.org\/{rel}","templated":true}]}}